{"id":2181,"date":"2010-04-16T00:00:00","date_gmt":"2010-04-15T22:00:00","guid":{"rendered":"http:\/\/dev.fundaciobarcelonaolimpica.es\/en-la-convocatoria-de-este-ano-la-fundacio-barcelona-olimpica-y-la-fundacio-ernest-lluch-han-acordado-otorgar-la-beca-de-investigacion-a-la-propuesta-de-estudio\/"},"modified":"2010-04-16T00:00:00","modified_gmt":"2010-04-15T22:00:00","slug":"en-la-convocatoria-de-este-ano-la-fundacio-barcelona-olimpica-y-la-fundacio-ernest-lluch-han-acordado-otorgar-la-beca-de-investigacion-a-la-propuesta-de-estudio","status":"publish","type":"post","link":"https:\/\/www.fundaciobarcelonaolimpica.es\/es\/en-la-convocatoria-de-este-ano-la-fundacio-barcelona-olimpica-y-la-fundacio-ernest-lluch-han-acordado-otorgar-la-beca-de-investigacion-a-la-propuesta-de-estudio\/","title":{"rendered":"En la convocatoria de este a\u00f1o la Fundaci\u00f3 Barcelona Ol\u00edmpica y la Fundaci\u00f3 Ernest Lluch han acordado otorgar la beca de investigaci\u00f3n a la propuesta de estudio"},"content":{"rendered":"<p>Xavier Camino es profesor colaborador de la asignatura de Antropologia&nbsp;en la Escola Superior de Disseny de&nbsp;Elisava y en la actualidad doctorando de la Universitat Rovira i Virgili (Tarragona) bajo la direcci&oacute;n de Juanjo Pujadas y Gaspar Maza del Departamento de Antropolog&iacute;a, Filosof&iacute;a&nbsp;y Trabajo social. Su tesis est&aacute; centrada en el estudio&nbsp;del campo social del skateboarding en la ciudad de Barcelona. Por otro lado, Xavier trabaja como educador de calle en los Servicios sociales del Ayuntamiento de Barcelona.<\/p>\n<p>&nbsp;<\/p>\n<p>Xavier Camino: &ldquo;Mis temas de inter&eacute;s son el deporte y el espacio p&uacute;blico en todas sus dimensiones &#8211; perfiles sociales,&nbsp;urbanismo, deportes, gesti&oacute;n de conflictos, instalaciones, etc. -. En este sentido he participado en proyectos&nbsp;y jornadas para distintos departamentos del Ayuntamiento y la Diputaci&oacute;n de Barcelona, quienes muestran un gran inter&eacute;s en la gesti&oacute;n de los usos deportivos del espacio p&uacute;blico.&nbsp;<\/p>\n<p>&nbsp;<\/p>\n<p>Entre otras cosas, soy muy aficionado al surfing, el snowboarding y la escalada. Yo era un usuario escalador de la Foixarda, en los &lsquo;90. Mis estudios me hicieron interesarme por el proceso de transformaci&oacute;n que hab&iacute;a experimentado la Foixarda para el inter&eacute;s de los escaladores.<\/p>\n<p>&nbsp;<\/p>\n<p>Mi trabajo de fin de carrera trataba sobre este proceso y fue publicado en un libro llamado <em>Culturas en juego<\/em>. Ensayos sobre Antropolog&iacute;a del deporte en Espa&ntilde;a, de R. S&aacute;nchez&nbsp;y X. Medina. A&nbsp;partir de esta experiencia como investigador fue cuando me empec&eacute; a interesar por el deporte, el espacio p&uacute;blico y, en concreto, por el skateboarding.&nbsp;No he podido dedicarme con suficiente tiempo al aprendizaje del skateboarding, aunque ha sido uno de los temas que m&aacute;s me ha interesado como investigador&#8230;&rdquo;<\/p>\n<p>&nbsp;<\/p>\n<p>&nbsp;<\/p>\n","protected":false},"excerpt":{"rendered":"<p>Xavier Camino colaborador del Grupo de Investigaci\u00f3n Social y Educativa en la Actividad F\u00edsica y el Esport (GISEAFE) del INEF de Catalunya reconocido y financiado por AGAUR (2009 SGR 1548).<\/p>\n","protected":false},"author":1,"featured_media":0,"comment_status":"open","ping_status":"open","sticky":false,"template":"","format":"standard","meta":{"_acf_changed":false,"footnotes":""},"categories":[1],"tags":[],"class_list":["post-2181","post","type-post","status-publish","format-standard","hentry","category-sin-categorizar"],"acf":[],"yoast_head":"<!-- This site is optimized with the Yoast SEO plugin v23.7 - https:\/\/yoast.com\/wordpress\/plugins\/seo\/ -->\n<title>En la convocatoria de este a\u00f1o la Fundaci\u00f3 Barcelona Ol\u00edmpica y la Fundaci\u00f3 Ernest Lluch han acordado otorgar la beca de investigaci\u00f3n a la propuesta de estudio - Fundaci\u00f3 Barcelona Ol\u00edmpica<\/title>\n<meta name=\"robots\" content=\"index, follow, max-snippet:-1, max-image-preview:large, max-video-preview:-1\" \/>\n<link rel=\"canonical\" href=\"https:\/\/www.fundaciobarcelonaolimpica.es\/es\/en-la-convocatoria-de-este-ano-la-fundacio-barcelona-olimpica-y-la-fundacio-ernest-lluch-han-acordado-otorgar-la-beca-de-investigacion-a-la-propuesta-de-estudio\/\" \/>\n<meta property=\"og:locale\" content=\"es_ES\" \/>\n<meta property=\"og:type\" content=\"article\" \/>\n<meta property=\"og:title\" content=\"En la convocatoria de este a\u00f1o la Fundaci\u00f3 Barcelona Ol\u00edmpica y la Fundaci\u00f3 Ernest Lluch han acordado otorgar la beca de investigaci\u00f3n a la propuesta de estudio - Fundaci\u00f3 Barcelona Ol\u00edmpica\" \/>\n<meta property=\"og:description\" content=\"Xavier Camino colaborador del Grupo de Investigaci\u00f3n Social y Educativa en la Actividad F\u00edsica y el Esport (GISEAFE) del INEF de Catalunya reconocido y financiado por AGAUR (2009 SGR 1548).\" \/>\n<meta property=\"og:url\" content=\"https:\/\/www.fundaciobarcelonaolimpica.es\/es\/en-la-convocatoria-de-este-ano-la-fundacio-barcelona-olimpica-y-la-fundacio-ernest-lluch-han-acordado-otorgar-la-beca-de-investigacion-a-la-propuesta-de-estudio\/\" \/>\n<meta property=\"og:site_name\" content=\"Fundaci\u00f3 Barcelona Ol\u00edmpica\" \/>\n<meta property=\"article:published_time\" content=\"2010-04-15T22:00:00+00:00\" \/>\n<meta name=\"author\" content=\"useradmin\" \/>\n<meta name=\"twitter:card\" content=\"summary_large_image\" \/>\n<meta name=\"twitter:label1\" content=\"Escrito por\" \/>\n\t<meta name=\"twitter:data1\" content=\"useradmin\" \/>\n\t<meta name=\"twitter:label2\" content=\"Tiempo de lectura\" \/>\n\t<meta name=\"twitter:data2\" content=\"2 minutos\" \/>\n<script type=\"application\/ld+json\" class=\"yoast-schema-graph\">{\"@context\":\"https:\/\/schema.org\",\"@graph\":[{\"@type\":\"Article\",\"@id\":\"https:\/\/www.fundaciobarcelonaolimpica.es\/es\/en-la-convocatoria-de-este-ano-la-fundacio-barcelona-olimpica-y-la-fundacio-ernest-lluch-han-acordado-otorgar-la-beca-de-investigacion-a-la-propuesta-de-estudio\/#article\",\"isPartOf\":{\"@id\":\"https:\/\/www.fundaciobarcelonaolimpica.es\/es\/en-la-convocatoria-de-este-ano-la-fundacio-barcelona-olimpica-y-la-fundacio-ernest-lluch-han-acordado-otorgar-la-beca-de-investigacion-a-la-propuesta-de-estudio\/\"},\"author\":{\"name\":\"useradmin\",\"@id\":\"https:\/\/www.fundaciobarcelonaolimpica.es\/ca\/#\/schema\/person\/d05705664e87aa04c6ce53d48133fb39\"},\"headline\":\"En la convocatoria de este a\u00f1o la Fundaci\u00f3 Barcelona Ol\u00edmpica y la Fundaci\u00f3 Ernest Lluch han acordado otorgar la beca de investigaci\u00f3n a la propuesta de estudio\",\"datePublished\":\"2010-04-15T22:00:00+00:00\",\"dateModified\":\"2010-04-15T22:00:00+00:00\",\"mainEntityOfPage\":{\"@id\":\"https:\/\/www.fundaciobarcelonaolimpica.es\/es\/en-la-convocatoria-de-este-ano-la-fundacio-barcelona-olimpica-y-la-fundacio-ernest-lluch-han-acordado-otorgar-la-beca-de-investigacion-a-la-propuesta-de-estudio\/\"},\"wordCount\":356,\"commentCount\":9,\"publisher\":{\"@id\":\"https:\/\/www.fundaciobarcelonaolimpica.es\/ca\/#organization\"},\"articleSection\":[\"Sin categorizar\"],\"inLanguage\":\"es\",\"potentialAction\":[{\"@type\":\"CommentAction\",\"name\":\"Comment\",\"target\":[\"https:\/\/www.fundaciobarcelonaolimpica.es\/es\/en-la-convocatoria-de-este-ano-la-fundacio-barcelona-olimpica-y-la-fundacio-ernest-lluch-han-acordado-otorgar-la-beca-de-investigacion-a-la-propuesta-de-estudio\/#respond\"]}]},{\"@type\":\"WebPage\",\"@id\":\"https:\/\/www.fundaciobarcelonaolimpica.es\/es\/en-la-convocatoria-de-este-ano-la-fundacio-barcelona-olimpica-y-la-fundacio-ernest-lluch-han-acordado-otorgar-la-beca-de-investigacion-a-la-propuesta-de-estudio\/\",\"url\":\"https:\/\/www.fundaciobarcelonaolimpica.es\/es\/en-la-convocatoria-de-este-ano-la-fundacio-barcelona-olimpica-y-la-fundacio-ernest-lluch-han-acordado-otorgar-la-beca-de-investigacion-a-la-propuesta-de-estudio\/\",\"name\":\"En la convocatoria de este a\u00f1o la Fundaci\u00f3 Barcelona Ol\u00edmpica y la Fundaci\u00f3 Ernest Lluch han acordado otorgar la beca de investigaci\u00f3n a la propuesta de estudio - Fundaci\u00f3 Barcelona Ol\u00edmpica\",\"isPartOf\":{\"@id\":\"https:\/\/www.fundaciobarcelonaolimpica.es\/ca\/#website\"},\"datePublished\":\"2010-04-15T22:00:00+00:00\",\"dateModified\":\"2010-04-15T22:00:00+00:00\",\"breadcrumb\":{\"@id\":\"https:\/\/www.fundaciobarcelonaolimpica.es\/es\/en-la-convocatoria-de-este-ano-la-fundacio-barcelona-olimpica-y-la-fundacio-ernest-lluch-han-acordado-otorgar-la-beca-de-investigacion-a-la-propuesta-de-estudio\/#breadcrumb\"},\"inLanguage\":\"es\",\"potentialAction\":[{\"@type\":\"ReadAction\",\"target\":[\"https:\/\/www.fundaciobarcelonaolimpica.es\/es\/en-la-convocatoria-de-este-ano-la-fundacio-barcelona-olimpica-y-la-fundacio-ernest-lluch-han-acordado-otorgar-la-beca-de-investigacion-a-la-propuesta-de-estudio\/\"]}]},{\"@type\":\"BreadcrumbList\",\"@id\":\"https:\/\/www.fundaciobarcelonaolimpica.es\/es\/en-la-convocatoria-de-este-ano-la-fundacio-barcelona-olimpica-y-la-fundacio-ernest-lluch-han-acordado-otorgar-la-beca-de-investigacion-a-la-propuesta-de-estudio\/#breadcrumb\",\"itemListElement\":[{\"@type\":\"ListItem\",\"position\":1,\"name\":\"FBO\",\"item\":\"https:\/\/www.fundaciobarcelonaolimpica.es\/es\/\"},{\"@type\":\"ListItem\",\"position\":2,\"name\":\"En la convocatoria de este a\u00f1o la Fundaci\u00f3 Barcelona Ol\u00edmpica y la Fundaci\u00f3 Ernest Lluch han acordado otorgar la beca de investigaci\u00f3n a la propuesta de estudio\"}]},{\"@type\":\"WebSite\",\"@id\":\"https:\/\/www.fundaciobarcelonaolimpica.es\/ca\/#website\",\"url\":\"https:\/\/www.fundaciobarcelonaolimpica.es\/ca\/\",\"name\":\"Fundaci\u00f3 Barcelona Ol\u00edmpica\",\"description\":\"Web del Museu Ol\u00edmpic i de l&#039;Esport\",\"publisher\":{\"@id\":\"https:\/\/www.fundaciobarcelonaolimpica.es\/ca\/#organization\"},\"potentialAction\":[{\"@type\":\"SearchAction\",\"target\":{\"@type\":\"EntryPoint\",\"urlTemplate\":\"https:\/\/www.fundaciobarcelonaolimpica.es\/ca\/?s={search_term_string}\"},\"query-input\":{\"@type\":\"PropertyValueSpecification\",\"valueRequired\":true,\"valueName\":\"search_term_string\"}}],\"inLanguage\":\"es\"},{\"@type\":\"Organization\",\"@id\":\"https:\/\/www.fundaciobarcelonaolimpica.es\/ca\/#organization\",\"name\":\"Fundaci\u00f3 Barcelona Ol\u00edmpica\",\"url\":\"https:\/\/www.fundaciobarcelonaolimpica.es\/ca\/\",\"logo\":{\"@type\":\"ImageObject\",\"inLanguage\":\"es\",\"@id\":\"https:\/\/www.fundaciobarcelonaolimpica.es\/ca\/#\/schema\/logo\/image\/\",\"url\":\"https:\/\/www.fundaciobarcelonaolimpica.es\/wp-content\/uploads\/sites\/3\/2019\/02\/logo-fundacio.svg\",\"contentUrl\":\"https:\/\/www.fundaciobarcelonaolimpica.es\/wp-content\/uploads\/sites\/3\/2019\/02\/logo-fundacio.svg\",\"caption\":\"Fundaci\u00f3 Barcelona Ol\u00edmpica\"},\"image\":{\"@id\":\"https:\/\/www.fundaciobarcelonaolimpica.es\/ca\/#\/schema\/logo\/image\/\"}},{\"@type\":\"Person\",\"@id\":\"https:\/\/www.fundaciobarcelonaolimpica.es\/ca\/#\/schema\/person\/d05705664e87aa04c6ce53d48133fb39\",\"name\":\"useradmin\",\"url\":\"https:\/\/www.fundaciobarcelonaolimpica.es\/es\/author\/useradmin\/\"}]}<\/script>\n<!-- \/ Yoast SEO plugin. -->","yoast_head_json":{"title":"En la convocatoria de este a\u00f1o la Fundaci\u00f3 Barcelona Ol\u00edmpica y la Fundaci\u00f3 Ernest Lluch han acordado otorgar la beca de investigaci\u00f3n a la propuesta de estudio - Fundaci\u00f3 Barcelona Ol\u00edmpica","robots":{"index":"index","follow":"follow","max-snippet":"max-snippet:-1","max-image-preview":"max-image-preview:large","max-video-preview":"max-video-preview:-1"},"canonical":"https:\/\/www.fundaciobarcelonaolimpica.es\/es\/en-la-convocatoria-de-este-ano-la-fundacio-barcelona-olimpica-y-la-fundacio-ernest-lluch-han-acordado-otorgar-la-beca-de-investigacion-a-la-propuesta-de-estudio\/","og_locale":"es_ES","og_type":"article","og_title":"En la convocatoria de este a\u00f1o la Fundaci\u00f3 Barcelona Ol\u00edmpica y la Fundaci\u00f3 Ernest Lluch han acordado otorgar la beca de investigaci\u00f3n a la propuesta de estudio - Fundaci\u00f3 Barcelona Ol\u00edmpica","og_description":"Xavier Camino colaborador del Grupo de Investigaci\u00f3n Social y Educativa en la Actividad F\u00edsica y el Esport (GISEAFE) del INEF de Catalunya reconocido y financiado por AGAUR (2009 SGR 1548).","og_url":"https:\/\/www.fundaciobarcelonaolimpica.es\/es\/en-la-convocatoria-de-este-ano-la-fundacio-barcelona-olimpica-y-la-fundacio-ernest-lluch-han-acordado-otorgar-la-beca-de-investigacion-a-la-propuesta-de-estudio\/","og_site_name":"Fundaci\u00f3 Barcelona Ol\u00edmpica","article_published_time":"2010-04-15T22:00:00+00:00","author":"useradmin","twitter_card":"summary_large_image","twitter_misc":{"Escrito por":"useradmin","Tiempo de lectura":"2 minutos"},"schema":{"@context":"https:\/\/schema.org","@graph":[{"@type":"Article","@id":"https:\/\/www.fundaciobarcelonaolimpica.es\/es\/en-la-convocatoria-de-este-ano-la-fundacio-barcelona-olimpica-y-la-fundacio-ernest-lluch-han-acordado-otorgar-la-beca-de-investigacion-a-la-propuesta-de-estudio\/#article","isPartOf":{"@id":"https:\/\/www.fundaciobarcelonaolimpica.es\/es\/en-la-convocatoria-de-este-ano-la-fundacio-barcelona-olimpica-y-la-fundacio-ernest-lluch-han-acordado-otorgar-la-beca-de-investigacion-a-la-propuesta-de-estudio\/"},"author":{"name":"useradmin","@id":"https:\/\/www.fundaciobarcelonaolimpica.es\/ca\/#\/schema\/person\/d05705664e87aa04c6ce53d48133fb39"},"headline":"En la convocatoria de este a\u00f1o la Fundaci\u00f3 Barcelona Ol\u00edmpica y la Fundaci\u00f3 Ernest Lluch han acordado otorgar la beca de investigaci\u00f3n a la propuesta de estudio","datePublished":"2010-04-15T22:00:00+00:00","dateModified":"2010-04-15T22:00:00+00:00","mainEntityOfPage":{"@id":"https:\/\/www.fundaciobarcelonaolimpica.es\/es\/en-la-convocatoria-de-este-ano-la-fundacio-barcelona-olimpica-y-la-fundacio-ernest-lluch-han-acordado-otorgar-la-beca-de-investigacion-a-la-propuesta-de-estudio\/"},"wordCount":356,"commentCount":9,"publisher":{"@id":"https:\/\/www.fundaciobarcelonaolimpica.es\/ca\/#organization"},"articleSection":["Sin categorizar"],"inLanguage":"es","potentialAction":[{"@type":"CommentAction","name":"Comment","target":["https:\/\/www.fundaciobarcelonaolimpica.es\/es\/en-la-convocatoria-de-este-ano-la-fundacio-barcelona-olimpica-y-la-fundacio-ernest-lluch-han-acordado-otorgar-la-beca-de-investigacion-a-la-propuesta-de-estudio\/#respond"]}]},{"@type":"WebPage","@id":"https:\/\/www.fundaciobarcelonaolimpica.es\/es\/en-la-convocatoria-de-este-ano-la-fundacio-barcelona-olimpica-y-la-fundacio-ernest-lluch-han-acordado-otorgar-la-beca-de-investigacion-a-la-propuesta-de-estudio\/","url":"https:\/\/www.fundaciobarcelonaolimpica.es\/es\/en-la-convocatoria-de-este-ano-la-fundacio-barcelona-olimpica-y-la-fundacio-ernest-lluch-han-acordado-otorgar-la-beca-de-investigacion-a-la-propuesta-de-estudio\/","name":"En la convocatoria de este a\u00f1o la Fundaci\u00f3 Barcelona Ol\u00edmpica y la Fundaci\u00f3 Ernest Lluch han acordado otorgar la beca de investigaci\u00f3n a la propuesta de estudio - Fundaci\u00f3 Barcelona Ol\u00edmpica","isPartOf":{"@id":"https:\/\/www.fundaciobarcelonaolimpica.es\/ca\/#website"},"datePublished":"2010-04-15T22:00:00+00:00","dateModified":"2010-04-15T22:00:00+00:00","breadcrumb":{"@id":"https:\/\/www.fundaciobarcelonaolimpica.es\/es\/en-la-convocatoria-de-este-ano-la-fundacio-barcelona-olimpica-y-la-fundacio-ernest-lluch-han-acordado-otorgar-la-beca-de-investigacion-a-la-propuesta-de-estudio\/#breadcrumb"},"inLanguage":"es","potentialAction":[{"@type":"ReadAction","target":["https:\/\/www.fundaciobarcelonaolimpica.es\/es\/en-la-convocatoria-de-este-ano-la-fundacio-barcelona-olimpica-y-la-fundacio-ernest-lluch-han-acordado-otorgar-la-beca-de-investigacion-a-la-propuesta-de-estudio\/"]}]},{"@type":"BreadcrumbList","@id":"https:\/\/www.fundaciobarcelonaolimpica.es\/es\/en-la-convocatoria-de-este-ano-la-fundacio-barcelona-olimpica-y-la-fundacio-ernest-lluch-han-acordado-otorgar-la-beca-de-investigacion-a-la-propuesta-de-estudio\/#breadcrumb","itemListElement":[{"@type":"ListItem","position":1,"name":"FBO","item":"https:\/\/www.fundaciobarcelonaolimpica.es\/es\/"},{"@type":"ListItem","position":2,"name":"En la convocatoria de este a\u00f1o la Fundaci\u00f3 Barcelona Ol\u00edmpica y la Fundaci\u00f3 Ernest Lluch han acordado otorgar la beca de investigaci\u00f3n a la propuesta de estudio"}]},{"@type":"WebSite","@id":"https:\/\/www.fundaciobarcelonaolimpica.es\/ca\/#website","url":"https:\/\/www.fundaciobarcelonaolimpica.es\/ca\/","name":"Fundaci\u00f3 Barcelona Ol\u00edmpica","description":"Web del Museu Ol\u00edmpic i de l&#039;Esport","publisher":{"@id":"https:\/\/www.fundaciobarcelonaolimpica.es\/ca\/#organization"},"potentialAction":[{"@type":"SearchAction","target":{"@type":"EntryPoint","urlTemplate":"https:\/\/www.fundaciobarcelonaolimpica.es\/ca\/?s={search_term_string}"},"query-input":{"@type":"PropertyValueSpecification","valueRequired":true,"valueName":"search_term_string"}}],"inLanguage":"es"},{"@type":"Organization","@id":"https:\/\/www.fundaciobarcelonaolimpica.es\/ca\/#organization","name":"Fundaci\u00f3 Barcelona Ol\u00edmpica","url":"https:\/\/www.fundaciobarcelonaolimpica.es\/ca\/","logo":{"@type":"ImageObject","inLanguage":"es","@id":"https:\/\/www.fundaciobarcelonaolimpica.es\/ca\/#\/schema\/logo\/image\/","url":"https:\/\/www.fundaciobarcelonaolimpica.es\/wp-content\/uploads\/sites\/3\/2019\/02\/logo-fundacio.svg","contentUrl":"https:\/\/www.fundaciobarcelonaolimpica.es\/wp-content\/uploads\/sites\/3\/2019\/02\/logo-fundacio.svg","caption":"Fundaci\u00f3 Barcelona Ol\u00edmpica"},"image":{"@id":"https:\/\/www.fundaciobarcelonaolimpica.es\/ca\/#\/schema\/logo\/image\/"}},{"@type":"Person","@id":"https:\/\/www.fundaciobarcelonaolimpica.es\/ca\/#\/schema\/person\/d05705664e87aa04c6ce53d48133fb39","name":"useradmin","url":"https:\/\/www.fundaciobarcelonaolimpica.es\/es\/author\/useradmin\/"}]}},"_links":{"self":[{"href":"https:\/\/www.fundaciobarcelonaolimpica.es\/es\/wp-json\/wp\/v2\/posts\/2181"}],"collection":[{"href":"https:\/\/www.fundaciobarcelonaolimpica.es\/es\/wp-json\/wp\/v2\/posts"}],"about":[{"href":"https:\/\/www.fundaciobarcelonaolimpica.es\/es\/wp-json\/wp\/v2\/types\/post"}],"author":[{"embeddable":true,"href":"https:\/\/www.fundaciobarcelonaolimpica.es\/es\/wp-json\/wp\/v2\/users\/1"}],"replies":[{"embeddable":true,"href":"https:\/\/www.fundaciobarcelonaolimpica.es\/es\/wp-json\/wp\/v2\/comments?post=2181"}],"version-history":[{"count":0,"href":"https:\/\/www.fundaciobarcelonaolimpica.es\/es\/wp-json\/wp\/v2\/posts\/2181\/revisions"}],"wp:attachment":[{"href":"https:\/\/www.fundaciobarcelonaolimpica.es\/es\/wp-json\/wp\/v2\/media?parent=2181"}],"wp:term":[{"taxonomy":"category","embeddable":true,"href":"https:\/\/www.fundaciobarcelonaolimpica.es\/es\/wp-json\/wp\/v2\/categories?post=2181"},{"taxonomy":"post_tag","embeddable":true,"href":"https:\/\/www.fundaciobarcelonaolimpica.es\/es\/wp-json\/wp\/v2\/tags?post=2181"}],"curies":[{"name":"wp","href":"https:\/\/api.w.org\/{rel}","templated":true}]}}