{"id":24841,"date":"2022-03-23T19:08:26","date_gmt":"2022-03-23T18:08:26","guid":{"rendered":"https:\/\/www.fundaciobarcelonaolimpica.es\/?p=24841"},"modified":"2022-03-23T19:08:26","modified_gmt":"2022-03-23T18:08:26","slug":"jornada-desarrollo-sostenible-y-deporte-contribucion-del-deporte-en-los-logros-de-los-ods","status":"publish","type":"post","link":"https:\/\/www.fundaciobarcelonaolimpica.es\/es\/jornada-desarrollo-sostenible-y-deporte-contribucion-del-deporte-en-los-logros-de-los-ods\/","title":{"rendered":"Jornada \u201cDesarrollo Sostenible y Deporte. Contribuci\u00f3n del deporte en los logros de los ODS\u201d"},"content":{"rendered":"<p>La jornada <strong>\u201cDesarrollo Sostenible y Deporte. Contribuci\u00f3n del deporte en los logros de los ODS\u201d <\/strong>del ciclo de conferencias \u201cEl valor del deporte en el siglo XXI\u201d se ha realizado v\u00eda Streaming en las instalaciones del Museu Ol\u00edmpic y ha sido retransmitida a trav\u00e9s de la p\u00e1gina web <a href=\"http:\/\/www.museuolimpicbcn.cat\">www.museuolimpicbcn.cat<\/a> y del <a href=\"https:\/\/youtu.be\/HfCX_U23QYI\">canal YouTube de la Fundaci\u00f3 Barcelona Ol\u00edmpica- Museu Ol\u00edmpic<\/a> donde puedes volver a disfrutar de la jornada.<\/p>\n<p>Si te perdiste la jornada, la puedes ver en nuestro canal: <a href=\"https:\/\/youtu.be\/HfCX_U23QYI\"><strong>Pincha aqu\u00ed<\/strong><\/a><strong> (conferencia en catal\u00e1n)<\/strong><\/p>\n<p><strong>David Escud\u00e9<\/strong>, presidente de la Fundaci\u00f3 Barcelona Ol\u00edmpica y Regidor de Deportes de Barcelona, ha sido el encargado de dar la bienvenida a este nuevo ciclo de conferencias 2022 de \u201cEl valor del deporte en el siglo XXI\u201d y ha destacado la importancia de estas jornadas, donde se ponen sobre la mesa temas de actualidad con profesionales del sector y la interacci\u00f3n directa de la ciudadan\u00eda a trav\u00e9s del chat.<\/p>\n<p>La jornada coordinada por el periodista de TV3 Jordi Fandi\u00f1o ha contado con la presencia de <strong>Montse Ortiz, <\/strong>Coordinadora de la unidad de sensibilizaci\u00f3n de la Fundaci\u00f3 Vicente Ferrer, que defiende la idea de \u201cel deporte como herramienta de transformaci\u00f3n social: promueve la igualdad de g\u00e9nero en una sociedad. A trav\u00e9s del deporte se rompen barreras, las chicas y los chicos hacen deporte juntos. Y tambi\u00e9n ayuda a superar las desigualdades de casta y las personas con discapacidad\u201d. <strong>Miquel Rodr\u00edguez, <\/strong>Comisionado de Agenda 2030 del Ajuntament de Barcelona, quien nos ha explicado algunas de las iniciativas del Ayuntamiento de Barcelona para estar en sinton\u00eda con la Agenda 2030. <strong>Miquel Rafa, <\/strong>vicepresidente primero de Ecolog\u00eda y Sostenibilidad del Centre Excursionista de Catalunya. El Centre Excursionista de Catalunya, primer club del mundo en obtener una certificaci\u00f3n de alineamiento en ODS, donde se han modificado aspectos como la organizaci\u00f3n, las compras, la reducci\u00f3n de residuos, los suministros, la gesti\u00f3n de los refugios de monta\u00f1a, un trasporte m\u00e1s sostenible, aspectos adoptados que han resultado menos dif\u00edciles de lo que parec\u00eda.<\/p>\n<p><strong>El ciclo de conferencias \u201cEl valor del deporte en el siglo XXI\u201d est\u00e1 organizado por la Fundaci\u00f3 Barcelona Ol\u00edmpica en colaboraci\u00f3n con el Institut Barcelona Esports. <\/strong><\/p>\n<p><a href=\"https:\/\/www.fundaciobarcelonaolimpica.es\/es\/aceptar-newletter\/\"><strong>Inscr\u00edbete a nuestro bolet\u00edn<\/strong><\/a><strong> de noticias para recibir informaci\u00f3n <\/strong><\/p>\n","protected":false},"excerpt":{"rendered":"<p>La jornada \u201cDesarrollo Sostenible y Deporte. Contribuci\u00f3n del deporte en los logros de los ODS\u201d del ciclo de conferencias \u201cEl valor del deporte en el siglo XXI\u201d se ha realizado v\u00eda Streaming en las instalaciones del Museu Ol\u00edmpic y ha sido retransmitida a trav\u00e9s de la p\u00e1gina web www.museuolimpicbcn.cat y del canal YouTube de la [&hellip;]<\/p>\n","protected":false},"author":11,"featured_media":24849,"comment_status":"closed","ping_status":"closed","sticky":false,"template":"","format":"standard","meta":{"_acf_changed":false,"footnotes":""},"categories":[1],"tags":[],"class_list":["post-24841","post","type-post","status-publish","format-standard","has-post-thumbnail","hentry","category-sin-categorizar"],"acf":[],"yoast_head":"<!-- This site is optimized with the Yoast SEO plugin v23.7 - https:\/\/yoast.com\/wordpress\/plugins\/seo\/ -->\n<title>Jornada \u201cDesarrollo Sostenible y Deporte. Contribuci\u00f3n del deporte en los logros de los ODS\u201d - Fundaci\u00f3 Barcelona Ol\u00edmpica<\/title>\n<meta name=\"robots\" content=\"index, follow, max-snippet:-1, max-image-preview:large, max-video-preview:-1\" \/>\n<link rel=\"canonical\" href=\"https:\/\/www.fundaciobarcelonaolimpica.es\/es\/jornada-desarrollo-sostenible-y-deporte-contribucion-del-deporte-en-los-logros-de-los-ods\/\" \/>\n<meta property=\"og:locale\" content=\"es_ES\" \/>\n<meta property=\"og:type\" content=\"article\" \/>\n<meta property=\"og:title\" content=\"Jornada \u201cDesarrollo Sostenible y Deporte. Contribuci\u00f3n del deporte en los logros de los ODS\u201d - Fundaci\u00f3 Barcelona Ol\u00edmpica\" \/>\n<meta property=\"og:description\" content=\"La jornada \u201cDesarrollo Sostenible y Deporte. Contribuci\u00f3n del deporte en los logros de los ODS\u201d del ciclo de conferencias \u201cEl valor del deporte en el siglo XXI\u201d se ha realizado v\u00eda Streaming en las instalaciones del Museu Ol\u00edmpic y ha sido retransmitida a trav\u00e9s de la p\u00e1gina web www.museuolimpicbcn.cat y del canal YouTube de la [&hellip;]\" \/>\n<meta property=\"og:url\" content=\"https:\/\/www.fundaciobarcelonaolimpica.es\/es\/jornada-desarrollo-sostenible-y-deporte-contribucion-del-deporte-en-los-logros-de-los-ods\/\" \/>\n<meta property=\"og:site_name\" content=\"Fundaci\u00f3 Barcelona Ol\u00edmpica\" \/>\n<meta property=\"article:published_time\" content=\"2022-03-23T18:08:26+00:00\" \/>\n<meta property=\"og:image\" content=\"https:\/\/www.fundaciobarcelonaolimpica.es\/wp-content\/uploads\/sites\/3\/2022\/03\/Valoresport-Museu-Olimpic-_23-scaled.jpg\" \/>\n\t<meta property=\"og:image:width\" content=\"2560\" \/>\n\t<meta property=\"og:image:height\" content=\"1742\" \/>\n\t<meta property=\"og:image:type\" content=\"image\/jpeg\" \/>\n<meta name=\"author\" content=\"Ibone\" \/>\n<meta name=\"twitter:card\" content=\"summary_large_image\" \/>\n<meta name=\"twitter:label1\" content=\"Escrito por\" \/>\n\t<meta name=\"twitter:data1\" content=\"Ibone\" \/>\n\t<meta name=\"twitter:label2\" content=\"Tiempo de lectura\" \/>\n\t<meta name=\"twitter:data2\" content=\"2 minutos\" \/>\n<script type=\"application\/ld+json\" class=\"yoast-schema-graph\">{\"@context\":\"https:\/\/schema.org\",\"@graph\":[{\"@type\":\"Article\",\"@id\":\"https:\/\/www.fundaciobarcelonaolimpica.es\/es\/jornada-desarrollo-sostenible-y-deporte-contribucion-del-deporte-en-los-logros-de-los-ods\/#article\",\"isPartOf\":{\"@id\":\"https:\/\/www.fundaciobarcelonaolimpica.es\/es\/jornada-desarrollo-sostenible-y-deporte-contribucion-del-deporte-en-los-logros-de-los-ods\/\"},\"author\":{\"name\":\"Ibone\",\"@id\":\"https:\/\/www.fundaciobarcelonaolimpica.es\/ca\/#\/schema\/person\/b792834a53f193977df425a499287aa9\"},\"headline\":\"Jornada \u201cDesarrollo Sostenible y Deporte. Contribuci\u00f3n del deporte en los logros de los ODS\u201d\",\"datePublished\":\"2022-03-23T18:08:26+00:00\",\"dateModified\":\"2022-03-23T18:08:26+00:00\",\"mainEntityOfPage\":{\"@id\":\"https:\/\/www.fundaciobarcelonaolimpica.es\/es\/jornada-desarrollo-sostenible-y-deporte-contribucion-del-deporte-en-los-logros-de-los-ods\/\"},\"wordCount\":413,\"publisher\":{\"@id\":\"https:\/\/www.fundaciobarcelonaolimpica.es\/ca\/#organization\"},\"image\":{\"@id\":\"https:\/\/www.fundaciobarcelonaolimpica.es\/es\/jornada-desarrollo-sostenible-y-deporte-contribucion-del-deporte-en-los-logros-de-los-ods\/#primaryimage\"},\"thumbnailUrl\":\"https:\/\/www.fundaciobarcelonaolimpica.es\/wp-content\/uploads\/sites\/3\/2022\/03\/Valoresport-Museu-Olimpic-_23-scaled.jpg\",\"articleSection\":[\"Sin categorizar\"],\"inLanguage\":\"es\"},{\"@type\":\"WebPage\",\"@id\":\"https:\/\/www.fundaciobarcelonaolimpica.es\/es\/jornada-desarrollo-sostenible-y-deporte-contribucion-del-deporte-en-los-logros-de-los-ods\/\",\"url\":\"https:\/\/www.fundaciobarcelonaolimpica.es\/es\/jornada-desarrollo-sostenible-y-deporte-contribucion-del-deporte-en-los-logros-de-los-ods\/\",\"name\":\"Jornada \u201cDesarrollo Sostenible y Deporte. Contribuci\u00f3n del deporte en los logros de los ODS\u201d - Fundaci\u00f3 Barcelona Ol\u00edmpica\",\"isPartOf\":{\"@id\":\"https:\/\/www.fundaciobarcelonaolimpica.es\/ca\/#website\"},\"primaryImageOfPage\":{\"@id\":\"https:\/\/www.fundaciobarcelonaolimpica.es\/es\/jornada-desarrollo-sostenible-y-deporte-contribucion-del-deporte-en-los-logros-de-los-ods\/#primaryimage\"},\"image\":{\"@id\":\"https:\/\/www.fundaciobarcelonaolimpica.es\/es\/jornada-desarrollo-sostenible-y-deporte-contribucion-del-deporte-en-los-logros-de-los-ods\/#primaryimage\"},\"thumbnailUrl\":\"https:\/\/www.fundaciobarcelonaolimpica.es\/wp-content\/uploads\/sites\/3\/2022\/03\/Valoresport-Museu-Olimpic-_23-scaled.jpg\",\"datePublished\":\"2022-03-23T18:08:26+00:00\",\"dateModified\":\"2022-03-23T18:08:26+00:00\",\"breadcrumb\":{\"@id\":\"https:\/\/www.fundaciobarcelonaolimpica.es\/es\/jornada-desarrollo-sostenible-y-deporte-contribucion-del-deporte-en-los-logros-de-los-ods\/#breadcrumb\"},\"inLanguage\":\"es\",\"potentialAction\":[{\"@type\":\"ReadAction\",\"target\":[\"https:\/\/www.fundaciobarcelonaolimpica.es\/es\/jornada-desarrollo-sostenible-y-deporte-contribucion-del-deporte-en-los-logros-de-los-ods\/\"]}]},{\"@type\":\"ImageObject\",\"inLanguage\":\"es\",\"@id\":\"https:\/\/www.fundaciobarcelonaolimpica.es\/es\/jornada-desarrollo-sostenible-y-deporte-contribucion-del-deporte-en-los-logros-de-los-ods\/#primaryimage\",\"url\":\"https:\/\/www.fundaciobarcelonaolimpica.es\/wp-content\/uploads\/sites\/3\/2022\/03\/Valoresport-Museu-Olimpic-_23-scaled.jpg\",\"contentUrl\":\"https:\/\/www.fundaciobarcelonaolimpica.es\/wp-content\/uploads\/sites\/3\/2022\/03\/Valoresport-Museu-Olimpic-_23-scaled.jpg\",\"width\":2560,\"height\":1742},{\"@type\":\"BreadcrumbList\",\"@id\":\"https:\/\/www.fundaciobarcelonaolimpica.es\/es\/jornada-desarrollo-sostenible-y-deporte-contribucion-del-deporte-en-los-logros-de-los-ods\/#breadcrumb\",\"itemListElement\":[{\"@type\":\"ListItem\",\"position\":1,\"name\":\"FBO\",\"item\":\"https:\/\/www.fundaciobarcelonaolimpica.es\/es\/\"},{\"@type\":\"ListItem\",\"position\":2,\"name\":\"Jornada \u201cDesarrollo Sostenible y Deporte. Contribuci\u00f3n del deporte en los logros de los ODS\u201d\"}]},{\"@type\":\"WebSite\",\"@id\":\"https:\/\/www.fundaciobarcelonaolimpica.es\/ca\/#website\",\"url\":\"https:\/\/www.fundaciobarcelonaolimpica.es\/ca\/\",\"name\":\"Fundaci\u00f3 Barcelona Ol\u00edmpica\",\"description\":\"Web del Museu Ol\u00edmpic i de l&#039;Esport\",\"publisher\":{\"@id\":\"https:\/\/www.fundaciobarcelonaolimpica.es\/ca\/#organization\"},\"potentialAction\":[{\"@type\":\"SearchAction\",\"target\":{\"@type\":\"EntryPoint\",\"urlTemplate\":\"https:\/\/www.fundaciobarcelonaolimpica.es\/ca\/?s={search_term_string}\"},\"query-input\":{\"@type\":\"PropertyValueSpecification\",\"valueRequired\":true,\"valueName\":\"search_term_string\"}}],\"inLanguage\":\"es\"},{\"@type\":\"Organization\",\"@id\":\"https:\/\/www.fundaciobarcelonaolimpica.es\/ca\/#organization\",\"name\":\"Fundaci\u00f3 Barcelona Ol\u00edmpica\",\"url\":\"https:\/\/www.fundaciobarcelonaolimpica.es\/ca\/\",\"logo\":{\"@type\":\"ImageObject\",\"inLanguage\":\"es\",\"@id\":\"https:\/\/www.fundaciobarcelonaolimpica.es\/ca\/#\/schema\/logo\/image\/\",\"url\":\"https:\/\/www.fundaciobarcelonaolimpica.es\/wp-content\/uploads\/sites\/3\/2019\/02\/logo-fundacio.svg\",\"contentUrl\":\"https:\/\/www.fundaciobarcelonaolimpica.es\/wp-content\/uploads\/sites\/3\/2019\/02\/logo-fundacio.svg\",\"caption\":\"Fundaci\u00f3 Barcelona Ol\u00edmpica\"},\"image\":{\"@id\":\"https:\/\/www.fundaciobarcelonaolimpica.es\/ca\/#\/schema\/logo\/image\/\"}},{\"@type\":\"Person\",\"@id\":\"https:\/\/www.fundaciobarcelonaolimpica.es\/ca\/#\/schema\/person\/b792834a53f193977df425a499287aa9\",\"name\":\"Ibone\",\"url\":\"https:\/\/www.fundaciobarcelonaolimpica.es\/es\/author\/fbolimpica\/\"}]}<\/script>\n<!-- \/ Yoast SEO plugin. -->","yoast_head_json":{"title":"Jornada \u201cDesarrollo Sostenible y Deporte. Contribuci\u00f3n del deporte en los logros de los ODS\u201d - Fundaci\u00f3 Barcelona Ol\u00edmpica","robots":{"index":"index","follow":"follow","max-snippet":"max-snippet:-1","max-image-preview":"max-image-preview:large","max-video-preview":"max-video-preview:-1"},"canonical":"https:\/\/www.fundaciobarcelonaolimpica.es\/es\/jornada-desarrollo-sostenible-y-deporte-contribucion-del-deporte-en-los-logros-de-los-ods\/","og_locale":"es_ES","og_type":"article","og_title":"Jornada \u201cDesarrollo Sostenible y Deporte. Contribuci\u00f3n del deporte en los logros de los ODS\u201d - Fundaci\u00f3 Barcelona Ol\u00edmpica","og_description":"La jornada \u201cDesarrollo Sostenible y Deporte. Contribuci\u00f3n del deporte en los logros de los ODS\u201d del ciclo de conferencias \u201cEl valor del deporte en el siglo XXI\u201d se ha realizado v\u00eda Streaming en las instalaciones del Museu Ol\u00edmpic y ha sido retransmitida a trav\u00e9s de la p\u00e1gina web www.museuolimpicbcn.cat y del canal YouTube de la [&hellip;]","og_url":"https:\/\/www.fundaciobarcelonaolimpica.es\/es\/jornada-desarrollo-sostenible-y-deporte-contribucion-del-deporte-en-los-logros-de-los-ods\/","og_site_name":"Fundaci\u00f3 Barcelona Ol\u00edmpica","article_published_time":"2022-03-23T18:08:26+00:00","og_image":[{"width":2560,"height":1742,"url":"https:\/\/www.fundaciobarcelonaolimpica.es\/wp-content\/uploads\/sites\/3\/2022\/03\/Valoresport-Museu-Olimpic-_23-scaled.jpg","type":"image\/jpeg"}],"author":"Ibone","twitter_card":"summary_large_image","twitter_misc":{"Escrito por":"Ibone","Tiempo de lectura":"2 minutos"},"schema":{"@context":"https:\/\/schema.org","@graph":[{"@type":"Article","@id":"https:\/\/www.fundaciobarcelonaolimpica.es\/es\/jornada-desarrollo-sostenible-y-deporte-contribucion-del-deporte-en-los-logros-de-los-ods\/#article","isPartOf":{"@id":"https:\/\/www.fundaciobarcelonaolimpica.es\/es\/jornada-desarrollo-sostenible-y-deporte-contribucion-del-deporte-en-los-logros-de-los-ods\/"},"author":{"name":"Ibone","@id":"https:\/\/www.fundaciobarcelonaolimpica.es\/ca\/#\/schema\/person\/b792834a53f193977df425a499287aa9"},"headline":"Jornada \u201cDesarrollo Sostenible y Deporte. Contribuci\u00f3n del deporte en los logros de los ODS\u201d","datePublished":"2022-03-23T18:08:26+00:00","dateModified":"2022-03-23T18:08:26+00:00","mainEntityOfPage":{"@id":"https:\/\/www.fundaciobarcelonaolimpica.es\/es\/jornada-desarrollo-sostenible-y-deporte-contribucion-del-deporte-en-los-logros-de-los-ods\/"},"wordCount":413,"publisher":{"@id":"https:\/\/www.fundaciobarcelonaolimpica.es\/ca\/#organization"},"image":{"@id":"https:\/\/www.fundaciobarcelonaolimpica.es\/es\/jornada-desarrollo-sostenible-y-deporte-contribucion-del-deporte-en-los-logros-de-los-ods\/#primaryimage"},"thumbnailUrl":"https:\/\/www.fundaciobarcelonaolimpica.es\/wp-content\/uploads\/sites\/3\/2022\/03\/Valoresport-Museu-Olimpic-_23-scaled.jpg","articleSection":["Sin categorizar"],"inLanguage":"es"},{"@type":"WebPage","@id":"https:\/\/www.fundaciobarcelonaolimpica.es\/es\/jornada-desarrollo-sostenible-y-deporte-contribucion-del-deporte-en-los-logros-de-los-ods\/","url":"https:\/\/www.fundaciobarcelonaolimpica.es\/es\/jornada-desarrollo-sostenible-y-deporte-contribucion-del-deporte-en-los-logros-de-los-ods\/","name":"Jornada \u201cDesarrollo Sostenible y Deporte. Contribuci\u00f3n del deporte en los logros de los ODS\u201d - Fundaci\u00f3 Barcelona Ol\u00edmpica","isPartOf":{"@id":"https:\/\/www.fundaciobarcelonaolimpica.es\/ca\/#website"},"primaryImageOfPage":{"@id":"https:\/\/www.fundaciobarcelonaolimpica.es\/es\/jornada-desarrollo-sostenible-y-deporte-contribucion-del-deporte-en-los-logros-de-los-ods\/#primaryimage"},"image":{"@id":"https:\/\/www.fundaciobarcelonaolimpica.es\/es\/jornada-desarrollo-sostenible-y-deporte-contribucion-del-deporte-en-los-logros-de-los-ods\/#primaryimage"},"thumbnailUrl":"https:\/\/www.fundaciobarcelonaolimpica.es\/wp-content\/uploads\/sites\/3\/2022\/03\/Valoresport-Museu-Olimpic-_23-scaled.jpg","datePublished":"2022-03-23T18:08:26+00:00","dateModified":"2022-03-23T18:08:26+00:00","breadcrumb":{"@id":"https:\/\/www.fundaciobarcelonaolimpica.es\/es\/jornada-desarrollo-sostenible-y-deporte-contribucion-del-deporte-en-los-logros-de-los-ods\/#breadcrumb"},"inLanguage":"es","potentialAction":[{"@type":"ReadAction","target":["https:\/\/www.fundaciobarcelonaolimpica.es\/es\/jornada-desarrollo-sostenible-y-deporte-contribucion-del-deporte-en-los-logros-de-los-ods\/"]}]},{"@type":"ImageObject","inLanguage":"es","@id":"https:\/\/www.fundaciobarcelonaolimpica.es\/es\/jornada-desarrollo-sostenible-y-deporte-contribucion-del-deporte-en-los-logros-de-los-ods\/#primaryimage","url":"https:\/\/www.fundaciobarcelonaolimpica.es\/wp-content\/uploads\/sites\/3\/2022\/03\/Valoresport-Museu-Olimpic-_23-scaled.jpg","contentUrl":"https:\/\/www.fundaciobarcelonaolimpica.es\/wp-content\/uploads\/sites\/3\/2022\/03\/Valoresport-Museu-Olimpic-_23-scaled.jpg","width":2560,"height":1742},{"@type":"BreadcrumbList","@id":"https:\/\/www.fundaciobarcelonaolimpica.es\/es\/jornada-desarrollo-sostenible-y-deporte-contribucion-del-deporte-en-los-logros-de-los-ods\/#breadcrumb","itemListElement":[{"@type":"ListItem","position":1,"name":"FBO","item":"https:\/\/www.fundaciobarcelonaolimpica.es\/es\/"},{"@type":"ListItem","position":2,"name":"Jornada \u201cDesarrollo Sostenible y Deporte. Contribuci\u00f3n del deporte en los logros de los ODS\u201d"}]},{"@type":"WebSite","@id":"https:\/\/www.fundaciobarcelonaolimpica.es\/ca\/#website","url":"https:\/\/www.fundaciobarcelonaolimpica.es\/ca\/","name":"Fundaci\u00f3 Barcelona Ol\u00edmpica","description":"Web del Museu Ol\u00edmpic i de l&#039;Esport","publisher":{"@id":"https:\/\/www.fundaciobarcelonaolimpica.es\/ca\/#organization"},"potentialAction":[{"@type":"SearchAction","target":{"@type":"EntryPoint","urlTemplate":"https:\/\/www.fundaciobarcelonaolimpica.es\/ca\/?s={search_term_string}"},"query-input":{"@type":"PropertyValueSpecification","valueRequired":true,"valueName":"search_term_string"}}],"inLanguage":"es"},{"@type":"Organization","@id":"https:\/\/www.fundaciobarcelonaolimpica.es\/ca\/#organization","name":"Fundaci\u00f3 Barcelona Ol\u00edmpica","url":"https:\/\/www.fundaciobarcelonaolimpica.es\/ca\/","logo":{"@type":"ImageObject","inLanguage":"es","@id":"https:\/\/www.fundaciobarcelonaolimpica.es\/ca\/#\/schema\/logo\/image\/","url":"https:\/\/www.fundaciobarcelonaolimpica.es\/wp-content\/uploads\/sites\/3\/2019\/02\/logo-fundacio.svg","contentUrl":"https:\/\/www.fundaciobarcelonaolimpica.es\/wp-content\/uploads\/sites\/3\/2019\/02\/logo-fundacio.svg","caption":"Fundaci\u00f3 Barcelona Ol\u00edmpica"},"image":{"@id":"https:\/\/www.fundaciobarcelonaolimpica.es\/ca\/#\/schema\/logo\/image\/"}},{"@type":"Person","@id":"https:\/\/www.fundaciobarcelonaolimpica.es\/ca\/#\/schema\/person\/b792834a53f193977df425a499287aa9","name":"Ibone","url":"https:\/\/www.fundaciobarcelonaolimpica.es\/es\/author\/fbolimpica\/"}]}},"_links":{"self":[{"href":"https:\/\/www.fundaciobarcelonaolimpica.es\/es\/wp-json\/wp\/v2\/posts\/24841"}],"collection":[{"href":"https:\/\/www.fundaciobarcelonaolimpica.es\/es\/wp-json\/wp\/v2\/posts"}],"about":[{"href":"https:\/\/www.fundaciobarcelonaolimpica.es\/es\/wp-json\/wp\/v2\/types\/post"}],"author":[{"embeddable":true,"href":"https:\/\/www.fundaciobarcelonaolimpica.es\/es\/wp-json\/wp\/v2\/users\/11"}],"replies":[{"embeddable":true,"href":"https:\/\/www.fundaciobarcelonaolimpica.es\/es\/wp-json\/wp\/v2\/comments?post=24841"}],"version-history":[{"count":3,"href":"https:\/\/www.fundaciobarcelonaolimpica.es\/es\/wp-json\/wp\/v2\/posts\/24841\/revisions"}],"predecessor-version":[{"id":24873,"href":"https:\/\/www.fundaciobarcelonaolimpica.es\/es\/wp-json\/wp\/v2\/posts\/24841\/revisions\/24873"}],"wp:featuredmedia":[{"embeddable":true,"href":"https:\/\/www.fundaciobarcelonaolimpica.es\/es\/wp-json\/wp\/v2\/media\/24849"}],"wp:attachment":[{"href":"https:\/\/www.fundaciobarcelonaolimpica.es\/es\/wp-json\/wp\/v2\/media?parent=24841"}],"wp:term":[{"taxonomy":"category","embeddable":true,"href":"https:\/\/www.fundaciobarcelonaolimpica.es\/es\/wp-json\/wp\/v2\/categories?post=24841"},{"taxonomy":"post_tag","embeddable":true,"href":"https:\/\/www.fundaciobarcelonaolimpica.es\/es\/wp-json\/wp\/v2\/tags?post=24841"}],"curies":[{"name":"wp","href":"https:\/\/api.w.org\/{rel}","templated":true}]}}