{"id":25091,"date":"2022-04-06T17:31:04","date_gmt":"2022-04-06T15:31:04","guid":{"rendered":"https:\/\/www.fundaciobarcelonaolimpica.es\/?p=25091"},"modified":"2022-04-06T17:31:04","modified_gmt":"2022-04-06T15:31:04","slug":"julio-pernas-miembro-del-patronato-de-la-fundacio-barcelona-olimpica-nombrado-miembro-de-la-comision-para-la-real-academia-olimpica-espanola","status":"publish","type":"post","link":"https:\/\/www.fundaciobarcelonaolimpica.es\/es\/julio-pernas-miembro-del-patronato-de-la-fundacio-barcelona-olimpica-nombrado-miembro-de-la-comision-para-la-real-academia-olimpica-espanola\/","title":{"rendered":"Julio Pernas, miembro del patronato de la Fundaci\u00f3 Barcelona Ol\u00edmpica, nombrado miembro de la Comisi\u00f3n para la Real Academia Ol\u00edmpica Espa\u00f1ola."},"content":{"rendered":"<p>La Real Academia Ol\u00edmpica Espa\u00f1ola se cre\u00f3 en 1968, bajo el paraguas del Comit\u00e9 Ol\u00edmpico Espa\u00f1ol, siguiendo los pasos del Comit\u00e9 Internacional Ol\u00edmpico, que en 1961 cre\u00f3 la Academia Ol\u00edmpica Internacional.<\/p>\n<p>Las Academias Ol\u00edmpicas tienen como objetivo difundir los valores e ideales del Olimpismo y de la educaci\u00f3n ol\u00edmpica. <\/p>\n<p>En la actualidad, la Real Academia Ol\u00edmpica Espa\u00f1ola est\u00e1 presidida por Ra\u00fal Chapado, presidente de la Real Federaci\u00f3n Espa\u00f1ola de Atletismo.<br \/>\nJulio Pernas, es licenciado en Filosof\u00eda y Letras (Historia del Arte) por la Universidad de Barcelona. Su trayectoria profesional se inici\u00f3 en el \u00e1rea de Juventud y Deportes del Ayuntamiento de Barcelona a finales de 1981. Durante m\u00e1s de 25 a\u00f1os ha ocupado varios cargos directivos \u2013jefe de servicio, jefe de Unidad y director-, pero siempre asumiendo la responsabilidad y coordinaci\u00f3n del departamento de actos deportivos y las campa\u00f1as de promoci\u00f3n deportiva. Desde el 2009 hasta el 2020 fue director de la Fundaci\u00f3 Barcelona Ol\u00edmpica. Tras la retirada de su carrera profesional, en 2021 fue nombrado miembro del patronato de la Fundaci\u00f3 Barcelona Ol\u00edmpica.<br \/>\nEs miembro del Comit\u00e9 Ol\u00edmpico Espa\u00f1ol desde 1988, donde ha ocupado varios cargos, siendo la actualidad presidente de la Comisi\u00f3n de Deporte y Medio Ambiente y miembro de la Comisi\u00f3n para la Academia Ol\u00edmpica Espa\u00f1ola.<\/p>\n","protected":false},"excerpt":{"rendered":"<p>La Real Academia Ol\u00edmpica Espa\u00f1ola se cre\u00f3 en 1968, bajo el paraguas del Comit\u00e9 Ol\u00edmpico Espa\u00f1ol, siguiendo los pasos del Comit\u00e9 Internacional Ol\u00edmpico, que en 1961 cre\u00f3 la Academia Ol\u00edmpica Internacional. Las Academias Ol\u00edmpicas tienen como objetivo difundir los valores e ideales del Olimpismo y de la educaci\u00f3n ol\u00edmpica. En la actualidad, la Real Academia [&hellip;]<\/p>\n","protected":false},"author":11,"featured_media":25092,"comment_status":"closed","ping_status":"closed","sticky":false,"template":"","format":"standard","meta":{"_acf_changed":false,"footnotes":""},"categories":[1],"tags":[],"class_list":["post-25091","post","type-post","status-publish","format-standard","has-post-thumbnail","hentry","category-sin-categorizar"],"acf":[],"yoast_head":"<!-- This site is optimized with the Yoast SEO plugin v23.7 - https:\/\/yoast.com\/wordpress\/plugins\/seo\/ -->\n<title>Julio Pernas, miembro del patronato de la Fundaci\u00f3 Barcelona Ol\u00edmpica, nombrado miembro de la Comisi\u00f3n para la Real Academia Ol\u00edmpica Espa\u00f1ola. - Fundaci\u00f3 Barcelona Ol\u00edmpica<\/title>\n<meta name=\"robots\" content=\"index, follow, max-snippet:-1, max-image-preview:large, max-video-preview:-1\" \/>\n<link rel=\"canonical\" href=\"https:\/\/www.fundaciobarcelonaolimpica.es\/es\/julio-pernas-miembro-del-patronato-de-la-fundacio-barcelona-olimpica-nombrado-miembro-de-la-comision-para-la-real-academia-olimpica-espanola\/\" \/>\n<meta property=\"og:locale\" content=\"es_ES\" \/>\n<meta property=\"og:type\" content=\"article\" \/>\n<meta property=\"og:title\" content=\"Julio Pernas, miembro del patronato de la Fundaci\u00f3 Barcelona Ol\u00edmpica, nombrado miembro de la Comisi\u00f3n para la Real Academia Ol\u00edmpica Espa\u00f1ola. - Fundaci\u00f3 Barcelona Ol\u00edmpica\" \/>\n<meta property=\"og:description\" content=\"La Real Academia Ol\u00edmpica Espa\u00f1ola se cre\u00f3 en 1968, bajo el paraguas del Comit\u00e9 Ol\u00edmpico Espa\u00f1ol, siguiendo los pasos del Comit\u00e9 Internacional Ol\u00edmpico, que en 1961 cre\u00f3 la Academia Ol\u00edmpica Internacional. Las Academias Ol\u00edmpicas tienen como objetivo difundir los valores e ideales del Olimpismo y de la educaci\u00f3n ol\u00edmpica. En la actualidad, la Real Academia [&hellip;]\" \/>\n<meta property=\"og:url\" content=\"https:\/\/www.fundaciobarcelonaolimpica.es\/es\/julio-pernas-miembro-del-patronato-de-la-fundacio-barcelona-olimpica-nombrado-miembro-de-la-comision-para-la-real-academia-olimpica-espanola\/\" \/>\n<meta property=\"og:site_name\" content=\"Fundaci\u00f3 Barcelona Ol\u00edmpica\" \/>\n<meta property=\"article:published_time\" content=\"2022-04-06T15:31:04+00:00\" \/>\n<meta property=\"og:image\" content=\"https:\/\/www.fundaciobarcelonaolimpica.es\/wp-content\/uploads\/sites\/3\/2022\/04\/09-2017-JULI_PERNAS_OK-scaled.jpeg\" \/>\n\t<meta property=\"og:image:width\" content=\"2560\" \/>\n\t<meta property=\"og:image:height\" content=\"1871\" \/>\n\t<meta property=\"og:image:type\" content=\"image\/jpeg\" \/>\n<meta name=\"author\" content=\"Ibone\" \/>\n<meta name=\"twitter:card\" content=\"summary_large_image\" \/>\n<meta name=\"twitter:label1\" content=\"Escrito por\" \/>\n\t<meta name=\"twitter:data1\" content=\"Ibone\" \/>\n\t<meta name=\"twitter:label2\" content=\"Tiempo de lectura\" \/>\n\t<meta name=\"twitter:data2\" content=\"1 minuto\" \/>\n<script type=\"application\/ld+json\" class=\"yoast-schema-graph\">{\"@context\":\"https:\/\/schema.org\",\"@graph\":[{\"@type\":\"Article\",\"@id\":\"https:\/\/www.fundaciobarcelonaolimpica.es\/es\/julio-pernas-miembro-del-patronato-de-la-fundacio-barcelona-olimpica-nombrado-miembro-de-la-comision-para-la-real-academia-olimpica-espanola\/#article\",\"isPartOf\":{\"@id\":\"https:\/\/www.fundaciobarcelonaolimpica.es\/es\/julio-pernas-miembro-del-patronato-de-la-fundacio-barcelona-olimpica-nombrado-miembro-de-la-comision-para-la-real-academia-olimpica-espanola\/\"},\"author\":{\"name\":\"Ibone\",\"@id\":\"https:\/\/www.fundaciobarcelonaolimpica.es\/ca\/#\/schema\/person\/b792834a53f193977df425a499287aa9\"},\"headline\":\"Julio Pernas, miembro del patronato de la Fundaci\u00f3 Barcelona Ol\u00edmpica, nombrado miembro de la Comisi\u00f3n para la Real Academia Ol\u00edmpica Espa\u00f1ola.\",\"datePublished\":\"2022-04-06T15:31:04+00:00\",\"dateModified\":\"2022-04-06T15:31:04+00:00\",\"mainEntityOfPage\":{\"@id\":\"https:\/\/www.fundaciobarcelonaolimpica.es\/es\/julio-pernas-miembro-del-patronato-de-la-fundacio-barcelona-olimpica-nombrado-miembro-de-la-comision-para-la-real-academia-olimpica-espanola\/\"},\"wordCount\":254,\"publisher\":{\"@id\":\"https:\/\/www.fundaciobarcelonaolimpica.es\/ca\/#organization\"},\"image\":{\"@id\":\"https:\/\/www.fundaciobarcelonaolimpica.es\/es\/julio-pernas-miembro-del-patronato-de-la-fundacio-barcelona-olimpica-nombrado-miembro-de-la-comision-para-la-real-academia-olimpica-espanola\/#primaryimage\"},\"thumbnailUrl\":\"https:\/\/www.fundaciobarcelonaolimpica.es\/wp-content\/uploads\/sites\/3\/2022\/04\/09-2017-JULI_PERNAS_OK-scaled.jpeg\",\"articleSection\":[\"Sin categorizar\"],\"inLanguage\":\"es\"},{\"@type\":\"WebPage\",\"@id\":\"https:\/\/www.fundaciobarcelonaolimpica.es\/es\/julio-pernas-miembro-del-patronato-de-la-fundacio-barcelona-olimpica-nombrado-miembro-de-la-comision-para-la-real-academia-olimpica-espanola\/\",\"url\":\"https:\/\/www.fundaciobarcelonaolimpica.es\/es\/julio-pernas-miembro-del-patronato-de-la-fundacio-barcelona-olimpica-nombrado-miembro-de-la-comision-para-la-real-academia-olimpica-espanola\/\",\"name\":\"Julio Pernas, miembro del patronato de la Fundaci\u00f3 Barcelona Ol\u00edmpica, nombrado miembro de la Comisi\u00f3n para la Real Academia Ol\u00edmpica Espa\u00f1ola. - Fundaci\u00f3 Barcelona Ol\u00edmpica\",\"isPartOf\":{\"@id\":\"https:\/\/www.fundaciobarcelonaolimpica.es\/ca\/#website\"},\"primaryImageOfPage\":{\"@id\":\"https:\/\/www.fundaciobarcelonaolimpica.es\/es\/julio-pernas-miembro-del-patronato-de-la-fundacio-barcelona-olimpica-nombrado-miembro-de-la-comision-para-la-real-academia-olimpica-espanola\/#primaryimage\"},\"image\":{\"@id\":\"https:\/\/www.fundaciobarcelonaolimpica.es\/es\/julio-pernas-miembro-del-patronato-de-la-fundacio-barcelona-olimpica-nombrado-miembro-de-la-comision-para-la-real-academia-olimpica-espanola\/#primaryimage\"},\"thumbnailUrl\":\"https:\/\/www.fundaciobarcelonaolimpica.es\/wp-content\/uploads\/sites\/3\/2022\/04\/09-2017-JULI_PERNAS_OK-scaled.jpeg\",\"datePublished\":\"2022-04-06T15:31:04+00:00\",\"dateModified\":\"2022-04-06T15:31:04+00:00\",\"breadcrumb\":{\"@id\":\"https:\/\/www.fundaciobarcelonaolimpica.es\/es\/julio-pernas-miembro-del-patronato-de-la-fundacio-barcelona-olimpica-nombrado-miembro-de-la-comision-para-la-real-academia-olimpica-espanola\/#breadcrumb\"},\"inLanguage\":\"es\",\"potentialAction\":[{\"@type\":\"ReadAction\",\"target\":[\"https:\/\/www.fundaciobarcelonaolimpica.es\/es\/julio-pernas-miembro-del-patronato-de-la-fundacio-barcelona-olimpica-nombrado-miembro-de-la-comision-para-la-real-academia-olimpica-espanola\/\"]}]},{\"@type\":\"ImageObject\",\"inLanguage\":\"es\",\"@id\":\"https:\/\/www.fundaciobarcelonaolimpica.es\/es\/julio-pernas-miembro-del-patronato-de-la-fundacio-barcelona-olimpica-nombrado-miembro-de-la-comision-para-la-real-academia-olimpica-espanola\/#primaryimage\",\"url\":\"https:\/\/www.fundaciobarcelonaolimpica.es\/wp-content\/uploads\/sites\/3\/2022\/04\/09-2017-JULI_PERNAS_OK-scaled.jpeg\",\"contentUrl\":\"https:\/\/www.fundaciobarcelonaolimpica.es\/wp-content\/uploads\/sites\/3\/2022\/04\/09-2017-JULI_PERNAS_OK-scaled.jpeg\",\"width\":2560,\"height\":1871},{\"@type\":\"BreadcrumbList\",\"@id\":\"https:\/\/www.fundaciobarcelonaolimpica.es\/es\/julio-pernas-miembro-del-patronato-de-la-fundacio-barcelona-olimpica-nombrado-miembro-de-la-comision-para-la-real-academia-olimpica-espanola\/#breadcrumb\",\"itemListElement\":[{\"@type\":\"ListItem\",\"position\":1,\"name\":\"FBO\",\"item\":\"https:\/\/www.fundaciobarcelonaolimpica.es\/es\/\"},{\"@type\":\"ListItem\",\"position\":2,\"name\":\"Julio Pernas, miembro del patronato de la Fundaci\u00f3 Barcelona Ol\u00edmpica, nombrado miembro de la Comisi\u00f3n para la Real Academia Ol\u00edmpica Espa\u00f1ola.\"}]},{\"@type\":\"WebSite\",\"@id\":\"https:\/\/www.fundaciobarcelonaolimpica.es\/ca\/#website\",\"url\":\"https:\/\/www.fundaciobarcelonaolimpica.es\/ca\/\",\"name\":\"Fundaci\u00f3 Barcelona Ol\u00edmpica\",\"description\":\"Web del Museu Ol\u00edmpic i de l&#039;Esport\",\"publisher\":{\"@id\":\"https:\/\/www.fundaciobarcelonaolimpica.es\/ca\/#organization\"},\"potentialAction\":[{\"@type\":\"SearchAction\",\"target\":{\"@type\":\"EntryPoint\",\"urlTemplate\":\"https:\/\/www.fundaciobarcelonaolimpica.es\/ca\/?s={search_term_string}\"},\"query-input\":{\"@type\":\"PropertyValueSpecification\",\"valueRequired\":true,\"valueName\":\"search_term_string\"}}],\"inLanguage\":\"es\"},{\"@type\":\"Organization\",\"@id\":\"https:\/\/www.fundaciobarcelonaolimpica.es\/ca\/#organization\",\"name\":\"Fundaci\u00f3 Barcelona Ol\u00edmpica\",\"url\":\"https:\/\/www.fundaciobarcelonaolimpica.es\/ca\/\",\"logo\":{\"@type\":\"ImageObject\",\"inLanguage\":\"es\",\"@id\":\"https:\/\/www.fundaciobarcelonaolimpica.es\/ca\/#\/schema\/logo\/image\/\",\"url\":\"https:\/\/www.fundaciobarcelonaolimpica.es\/wp-content\/uploads\/sites\/3\/2019\/02\/logo-fundacio.svg\",\"contentUrl\":\"https:\/\/www.fundaciobarcelonaolimpica.es\/wp-content\/uploads\/sites\/3\/2019\/02\/logo-fundacio.svg\",\"caption\":\"Fundaci\u00f3 Barcelona Ol\u00edmpica\"},\"image\":{\"@id\":\"https:\/\/www.fundaciobarcelonaolimpica.es\/ca\/#\/schema\/logo\/image\/\"}},{\"@type\":\"Person\",\"@id\":\"https:\/\/www.fundaciobarcelonaolimpica.es\/ca\/#\/schema\/person\/b792834a53f193977df425a499287aa9\",\"name\":\"Ibone\",\"url\":\"https:\/\/www.fundaciobarcelonaolimpica.es\/es\/author\/fbolimpica\/\"}]}<\/script>\n<!-- \/ Yoast SEO plugin. -->","yoast_head_json":{"title":"Julio Pernas, miembro del patronato de la Fundaci\u00f3 Barcelona Ol\u00edmpica, nombrado miembro de la Comisi\u00f3n para la Real Academia Ol\u00edmpica Espa\u00f1ola. - Fundaci\u00f3 Barcelona Ol\u00edmpica","robots":{"index":"index","follow":"follow","max-snippet":"max-snippet:-1","max-image-preview":"max-image-preview:large","max-video-preview":"max-video-preview:-1"},"canonical":"https:\/\/www.fundaciobarcelonaolimpica.es\/es\/julio-pernas-miembro-del-patronato-de-la-fundacio-barcelona-olimpica-nombrado-miembro-de-la-comision-para-la-real-academia-olimpica-espanola\/","og_locale":"es_ES","og_type":"article","og_title":"Julio Pernas, miembro del patronato de la Fundaci\u00f3 Barcelona Ol\u00edmpica, nombrado miembro de la Comisi\u00f3n para la Real Academia Ol\u00edmpica Espa\u00f1ola. - Fundaci\u00f3 Barcelona Ol\u00edmpica","og_description":"La Real Academia Ol\u00edmpica Espa\u00f1ola se cre\u00f3 en 1968, bajo el paraguas del Comit\u00e9 Ol\u00edmpico Espa\u00f1ol, siguiendo los pasos del Comit\u00e9 Internacional Ol\u00edmpico, que en 1961 cre\u00f3 la Academia Ol\u00edmpica Internacional. Las Academias Ol\u00edmpicas tienen como objetivo difundir los valores e ideales del Olimpismo y de la educaci\u00f3n ol\u00edmpica. En la actualidad, la Real Academia [&hellip;]","og_url":"https:\/\/www.fundaciobarcelonaolimpica.es\/es\/julio-pernas-miembro-del-patronato-de-la-fundacio-barcelona-olimpica-nombrado-miembro-de-la-comision-para-la-real-academia-olimpica-espanola\/","og_site_name":"Fundaci\u00f3 Barcelona Ol\u00edmpica","article_published_time":"2022-04-06T15:31:04+00:00","og_image":[{"width":2560,"height":1871,"url":"https:\/\/www.fundaciobarcelonaolimpica.es\/wp-content\/uploads\/sites\/3\/2022\/04\/09-2017-JULI_PERNAS_OK-scaled.jpeg","type":"image\/jpeg"}],"author":"Ibone","twitter_card":"summary_large_image","twitter_misc":{"Escrito por":"Ibone","Tiempo de lectura":"1 minuto"},"schema":{"@context":"https:\/\/schema.org","@graph":[{"@type":"Article","@id":"https:\/\/www.fundaciobarcelonaolimpica.es\/es\/julio-pernas-miembro-del-patronato-de-la-fundacio-barcelona-olimpica-nombrado-miembro-de-la-comision-para-la-real-academia-olimpica-espanola\/#article","isPartOf":{"@id":"https:\/\/www.fundaciobarcelonaolimpica.es\/es\/julio-pernas-miembro-del-patronato-de-la-fundacio-barcelona-olimpica-nombrado-miembro-de-la-comision-para-la-real-academia-olimpica-espanola\/"},"author":{"name":"Ibone","@id":"https:\/\/www.fundaciobarcelonaolimpica.es\/ca\/#\/schema\/person\/b792834a53f193977df425a499287aa9"},"headline":"Julio Pernas, miembro del patronato de la Fundaci\u00f3 Barcelona Ol\u00edmpica, nombrado miembro de la Comisi\u00f3n para la Real Academia Ol\u00edmpica Espa\u00f1ola.","datePublished":"2022-04-06T15:31:04+00:00","dateModified":"2022-04-06T15:31:04+00:00","mainEntityOfPage":{"@id":"https:\/\/www.fundaciobarcelonaolimpica.es\/es\/julio-pernas-miembro-del-patronato-de-la-fundacio-barcelona-olimpica-nombrado-miembro-de-la-comision-para-la-real-academia-olimpica-espanola\/"},"wordCount":254,"publisher":{"@id":"https:\/\/www.fundaciobarcelonaolimpica.es\/ca\/#organization"},"image":{"@id":"https:\/\/www.fundaciobarcelonaolimpica.es\/es\/julio-pernas-miembro-del-patronato-de-la-fundacio-barcelona-olimpica-nombrado-miembro-de-la-comision-para-la-real-academia-olimpica-espanola\/#primaryimage"},"thumbnailUrl":"https:\/\/www.fundaciobarcelonaolimpica.es\/wp-content\/uploads\/sites\/3\/2022\/04\/09-2017-JULI_PERNAS_OK-scaled.jpeg","articleSection":["Sin categorizar"],"inLanguage":"es"},{"@type":"WebPage","@id":"https:\/\/www.fundaciobarcelonaolimpica.es\/es\/julio-pernas-miembro-del-patronato-de-la-fundacio-barcelona-olimpica-nombrado-miembro-de-la-comision-para-la-real-academia-olimpica-espanola\/","url":"https:\/\/www.fundaciobarcelonaolimpica.es\/es\/julio-pernas-miembro-del-patronato-de-la-fundacio-barcelona-olimpica-nombrado-miembro-de-la-comision-para-la-real-academia-olimpica-espanola\/","name":"Julio Pernas, miembro del patronato de la Fundaci\u00f3 Barcelona Ol\u00edmpica, nombrado miembro de la Comisi\u00f3n para la Real Academia Ol\u00edmpica Espa\u00f1ola. - Fundaci\u00f3 Barcelona Ol\u00edmpica","isPartOf":{"@id":"https:\/\/www.fundaciobarcelonaolimpica.es\/ca\/#website"},"primaryImageOfPage":{"@id":"https:\/\/www.fundaciobarcelonaolimpica.es\/es\/julio-pernas-miembro-del-patronato-de-la-fundacio-barcelona-olimpica-nombrado-miembro-de-la-comision-para-la-real-academia-olimpica-espanola\/#primaryimage"},"image":{"@id":"https:\/\/www.fundaciobarcelonaolimpica.es\/es\/julio-pernas-miembro-del-patronato-de-la-fundacio-barcelona-olimpica-nombrado-miembro-de-la-comision-para-la-real-academia-olimpica-espanola\/#primaryimage"},"thumbnailUrl":"https:\/\/www.fundaciobarcelonaolimpica.es\/wp-content\/uploads\/sites\/3\/2022\/04\/09-2017-JULI_PERNAS_OK-scaled.jpeg","datePublished":"2022-04-06T15:31:04+00:00","dateModified":"2022-04-06T15:31:04+00:00","breadcrumb":{"@id":"https:\/\/www.fundaciobarcelonaolimpica.es\/es\/julio-pernas-miembro-del-patronato-de-la-fundacio-barcelona-olimpica-nombrado-miembro-de-la-comision-para-la-real-academia-olimpica-espanola\/#breadcrumb"},"inLanguage":"es","potentialAction":[{"@type":"ReadAction","target":["https:\/\/www.fundaciobarcelonaolimpica.es\/es\/julio-pernas-miembro-del-patronato-de-la-fundacio-barcelona-olimpica-nombrado-miembro-de-la-comision-para-la-real-academia-olimpica-espanola\/"]}]},{"@type":"ImageObject","inLanguage":"es","@id":"https:\/\/www.fundaciobarcelonaolimpica.es\/es\/julio-pernas-miembro-del-patronato-de-la-fundacio-barcelona-olimpica-nombrado-miembro-de-la-comision-para-la-real-academia-olimpica-espanola\/#primaryimage","url":"https:\/\/www.fundaciobarcelonaolimpica.es\/wp-content\/uploads\/sites\/3\/2022\/04\/09-2017-JULI_PERNAS_OK-scaled.jpeg","contentUrl":"https:\/\/www.fundaciobarcelonaolimpica.es\/wp-content\/uploads\/sites\/3\/2022\/04\/09-2017-JULI_PERNAS_OK-scaled.jpeg","width":2560,"height":1871},{"@type":"BreadcrumbList","@id":"https:\/\/www.fundaciobarcelonaolimpica.es\/es\/julio-pernas-miembro-del-patronato-de-la-fundacio-barcelona-olimpica-nombrado-miembro-de-la-comision-para-la-real-academia-olimpica-espanola\/#breadcrumb","itemListElement":[{"@type":"ListItem","position":1,"name":"FBO","item":"https:\/\/www.fundaciobarcelonaolimpica.es\/es\/"},{"@type":"ListItem","position":2,"name":"Julio Pernas, miembro del patronato de la Fundaci\u00f3 Barcelona Ol\u00edmpica, nombrado miembro de la Comisi\u00f3n para la Real Academia Ol\u00edmpica Espa\u00f1ola."}]},{"@type":"WebSite","@id":"https:\/\/www.fundaciobarcelonaolimpica.es\/ca\/#website","url":"https:\/\/www.fundaciobarcelonaolimpica.es\/ca\/","name":"Fundaci\u00f3 Barcelona Ol\u00edmpica","description":"Web del Museu Ol\u00edmpic i de l&#039;Esport","publisher":{"@id":"https:\/\/www.fundaciobarcelonaolimpica.es\/ca\/#organization"},"potentialAction":[{"@type":"SearchAction","target":{"@type":"EntryPoint","urlTemplate":"https:\/\/www.fundaciobarcelonaolimpica.es\/ca\/?s={search_term_string}"},"query-input":{"@type":"PropertyValueSpecification","valueRequired":true,"valueName":"search_term_string"}}],"inLanguage":"es"},{"@type":"Organization","@id":"https:\/\/www.fundaciobarcelonaolimpica.es\/ca\/#organization","name":"Fundaci\u00f3 Barcelona Ol\u00edmpica","url":"https:\/\/www.fundaciobarcelonaolimpica.es\/ca\/","logo":{"@type":"ImageObject","inLanguage":"es","@id":"https:\/\/www.fundaciobarcelonaolimpica.es\/ca\/#\/schema\/logo\/image\/","url":"https:\/\/www.fundaciobarcelonaolimpica.es\/wp-content\/uploads\/sites\/3\/2019\/02\/logo-fundacio.svg","contentUrl":"https:\/\/www.fundaciobarcelonaolimpica.es\/wp-content\/uploads\/sites\/3\/2019\/02\/logo-fundacio.svg","caption":"Fundaci\u00f3 Barcelona Ol\u00edmpica"},"image":{"@id":"https:\/\/www.fundaciobarcelonaolimpica.es\/ca\/#\/schema\/logo\/image\/"}},{"@type":"Person","@id":"https:\/\/www.fundaciobarcelonaolimpica.es\/ca\/#\/schema\/person\/b792834a53f193977df425a499287aa9","name":"Ibone","url":"https:\/\/www.fundaciobarcelonaolimpica.es\/es\/author\/fbolimpica\/"}]}},"_links":{"self":[{"href":"https:\/\/www.fundaciobarcelonaolimpica.es\/es\/wp-json\/wp\/v2\/posts\/25091"}],"collection":[{"href":"https:\/\/www.fundaciobarcelonaolimpica.es\/es\/wp-json\/wp\/v2\/posts"}],"about":[{"href":"https:\/\/www.fundaciobarcelonaolimpica.es\/es\/wp-json\/wp\/v2\/types\/post"}],"author":[{"embeddable":true,"href":"https:\/\/www.fundaciobarcelonaolimpica.es\/es\/wp-json\/wp\/v2\/users\/11"}],"replies":[{"embeddable":true,"href":"https:\/\/www.fundaciobarcelonaolimpica.es\/es\/wp-json\/wp\/v2\/comments?post=25091"}],"version-history":[{"count":1,"href":"https:\/\/www.fundaciobarcelonaolimpica.es\/es\/wp-json\/wp\/v2\/posts\/25091\/revisions"}],"predecessor-version":[{"id":25095,"href":"https:\/\/www.fundaciobarcelonaolimpica.es\/es\/wp-json\/wp\/v2\/posts\/25091\/revisions\/25095"}],"wp:featuredmedia":[{"embeddable":true,"href":"https:\/\/www.fundaciobarcelonaolimpica.es\/es\/wp-json\/wp\/v2\/media\/25092"}],"wp:attachment":[{"href":"https:\/\/www.fundaciobarcelonaolimpica.es\/es\/wp-json\/wp\/v2\/media?parent=25091"}],"wp:term":[{"taxonomy":"category","embeddable":true,"href":"https:\/\/www.fundaciobarcelonaolimpica.es\/es\/wp-json\/wp\/v2\/categories?post=25091"},{"taxonomy":"post_tag","embeddable":true,"href":"https:\/\/www.fundaciobarcelonaolimpica.es\/es\/wp-json\/wp\/v2\/tags?post=25091"}],"curies":[{"name":"wp","href":"https:\/\/api.w.org\/{rel}","templated":true}]}}