{"id":25136,"date":"2022-04-08T14:27:03","date_gmt":"2022-04-08T12:27:03","guid":{"rendered":"https:\/\/www.fundaciobarcelonaolimpica.es\/?p=25136"},"modified":"2022-04-08T14:27:03","modified_gmt":"2022-04-08T12:27:03","slug":"pere-miro-patrono-honorifico-de-la-fundacio-barcelona-olimpica-finaliza-su-vida-laboral-como-miembro-del-comite-internacional-olimpico","status":"publish","type":"post","link":"https:\/\/www.fundaciobarcelonaolimpica.es\/es\/pere-miro-patrono-honorifico-de-la-fundacio-barcelona-olimpica-finaliza-su-vida-laboral-como-miembro-del-comite-internacional-olimpico\/","title":{"rendered":"Pere Mir\u00f3, patrono honor\u00edfico de la Fundaci\u00f3 Barcelona Ol\u00edmpica, finaliza su vida laboral como miembro del Comit\u00e9 Internacional Ol\u00edmpico"},"content":{"rendered":"<p>Pere Mir\u00f3 seguir\u00e1 trabajando como Asesor Senior del presidente del CIO, Thomas Bach.<\/p>\n<p>Durante 30 a\u00f1os, Pere Mir\u00f3, ha ocupado diversos puestos estrat\u00e9gicos dentro del CIO.<\/p>\n<p>Se uni\u00f3 al CIO de la mano de Juan Antonio Samaranch una vez finalizados los Juegos Ol\u00edmpicos de Barcelona 1992 y tras una larga trayectoria ha decidido retirarse oficialmente.<\/p>\n<p>Entre sus grandes retos dentro del CIO se encuentra la creaci\u00f3n y direcci\u00f3n de Solidaridad Ol\u00edmpica, un proyecto cuyo objetivo es proporcionar asistencia a todos los Comit\u00e9s Ol\u00edmpicos Nacionales (NOC) para los programas de desarrollo de deportistas, en particular aquellos con las mayores necesidades.<\/p>\n<p>Seg\u00fan Pere Mir\u00f3: \u201cLa vocaci\u00f3n de los Juegos Ol\u00edmpicos es m\u00e1s relevante que nunca. Los Juegos y el deporte ayudan a hacer avanzar el mundo. Podemos hacerlo si creemos en nosotros mismos.\u201d<\/p>\n<p><a href=\"https:\/\/olympics.com\/ioc\/news\/pere-miro-the-great-thing-about-these-30-years-at-the-ioc-has-been-working-with-exceptional-people\">IOC NEWS<\/a><\/p>\n","protected":false},"excerpt":{"rendered":"<p>Pere Mir\u00f3 seguir\u00e1 trabajando como Asesor Senior del presidente del CIO, Thomas Bach. Durante 30 a\u00f1os, Pere Mir\u00f3, ha ocupado diversos puestos estrat\u00e9gicos dentro del CIO. Se uni\u00f3 al CIO de la mano de Juan Antonio Samaranch una vez finalizados los Juegos Ol\u00edmpicos de Barcelona 1992 y tras una larga trayectoria ha decidido retirarse oficialmente. [&hellip;]<\/p>\n","protected":false},"author":11,"featured_media":25137,"comment_status":"closed","ping_status":"closed","sticky":false,"template":"","format":"standard","meta":{"_acf_changed":false,"footnotes":""},"categories":[1],"tags":[],"class_list":["post-25136","post","type-post","status-publish","format-standard","has-post-thumbnail","hentry","category-sin-categorizar"],"acf":[],"yoast_head":"<!-- This site is optimized with the Yoast SEO plugin v23.7 - https:\/\/yoast.com\/wordpress\/plugins\/seo\/ -->\n<title>Pere Mir\u00f3, patrono honor\u00edfico de la Fundaci\u00f3 Barcelona Ol\u00edmpica, finaliza su vida laboral como miembro del Comit\u00e9 Internacional Ol\u00edmpico - Fundaci\u00f3 Barcelona Ol\u00edmpica<\/title>\n<meta name=\"robots\" content=\"index, follow, max-snippet:-1, max-image-preview:large, max-video-preview:-1\" \/>\n<link rel=\"canonical\" href=\"https:\/\/www.fundaciobarcelonaolimpica.es\/es\/pere-miro-patrono-honorifico-de-la-fundacio-barcelona-olimpica-finaliza-su-vida-laboral-como-miembro-del-comite-internacional-olimpico\/\" \/>\n<meta property=\"og:locale\" content=\"es_ES\" \/>\n<meta property=\"og:type\" content=\"article\" \/>\n<meta property=\"og:title\" content=\"Pere Mir\u00f3, patrono honor\u00edfico de la Fundaci\u00f3 Barcelona Ol\u00edmpica, finaliza su vida laboral como miembro del Comit\u00e9 Internacional Ol\u00edmpico - Fundaci\u00f3 Barcelona Ol\u00edmpica\" \/>\n<meta property=\"og:description\" content=\"Pere Mir\u00f3 seguir\u00e1 trabajando como Asesor Senior del presidente del CIO, Thomas Bach. Durante 30 a\u00f1os, Pere Mir\u00f3, ha ocupado diversos puestos estrat\u00e9gicos dentro del CIO. Se uni\u00f3 al CIO de la mano de Juan Antonio Samaranch una vez finalizados los Juegos Ol\u00edmpicos de Barcelona 1992 y tras una larga trayectoria ha decidido retirarse oficialmente. [&hellip;]\" \/>\n<meta property=\"og:url\" content=\"https:\/\/www.fundaciobarcelonaolimpica.es\/es\/pere-miro-patrono-honorifico-de-la-fundacio-barcelona-olimpica-finaliza-su-vida-laboral-como-miembro-del-comite-internacional-olimpico\/\" \/>\n<meta property=\"og:site_name\" content=\"Fundaci\u00f3 Barcelona Ol\u00edmpica\" \/>\n<meta property=\"article:published_time\" content=\"2022-04-08T12:27:03+00:00\" \/>\n<meta property=\"og:image\" content=\"https:\/\/www.fundaciobarcelonaolimpica.es\/wp-content\/uploads\/sites\/3\/2022\/04\/FORUM_Olimpic-Pere_Miro-3.jpg\" \/>\n\t<meta property=\"og:image:width\" content=\"1000\" \/>\n\t<meta property=\"og:image:height\" content=\"652\" \/>\n\t<meta property=\"og:image:type\" content=\"image\/jpeg\" \/>\n<meta name=\"author\" content=\"Ibone\" \/>\n<meta name=\"twitter:card\" content=\"summary_large_image\" \/>\n<meta name=\"twitter:label1\" content=\"Escrito por\" \/>\n\t<meta name=\"twitter:data1\" content=\"Ibone\" \/>\n\t<meta name=\"twitter:label2\" content=\"Tiempo de lectura\" \/>\n\t<meta name=\"twitter:data2\" content=\"1 minuto\" \/>\n<script type=\"application\/ld+json\" class=\"yoast-schema-graph\">{\"@context\":\"https:\/\/schema.org\",\"@graph\":[{\"@type\":\"Article\",\"@id\":\"https:\/\/www.fundaciobarcelonaolimpica.es\/es\/pere-miro-patrono-honorifico-de-la-fundacio-barcelona-olimpica-finaliza-su-vida-laboral-como-miembro-del-comite-internacional-olimpico\/#article\",\"isPartOf\":{\"@id\":\"https:\/\/www.fundaciobarcelonaolimpica.es\/es\/pere-miro-patrono-honorifico-de-la-fundacio-barcelona-olimpica-finaliza-su-vida-laboral-como-miembro-del-comite-internacional-olimpico\/\"},\"author\":{\"name\":\"Ibone\",\"@id\":\"https:\/\/www.fundaciobarcelonaolimpica.es\/ca\/#\/schema\/person\/b792834a53f193977df425a499287aa9\"},\"headline\":\"Pere Mir\u00f3, patrono honor\u00edfico de la Fundaci\u00f3 Barcelona Ol\u00edmpica, finaliza su vida laboral como miembro del Comit\u00e9 Internacional Ol\u00edmpico\",\"datePublished\":\"2022-04-08T12:27:03+00:00\",\"dateModified\":\"2022-04-08T12:27:03+00:00\",\"mainEntityOfPage\":{\"@id\":\"https:\/\/www.fundaciobarcelonaolimpica.es\/es\/pere-miro-patrono-honorifico-de-la-fundacio-barcelona-olimpica-finaliza-su-vida-laboral-como-miembro-del-comite-internacional-olimpico\/\"},\"wordCount\":165,\"publisher\":{\"@id\":\"https:\/\/www.fundaciobarcelonaolimpica.es\/ca\/#organization\"},\"image\":{\"@id\":\"https:\/\/www.fundaciobarcelonaolimpica.es\/es\/pere-miro-patrono-honorifico-de-la-fundacio-barcelona-olimpica-finaliza-su-vida-laboral-como-miembro-del-comite-internacional-olimpico\/#primaryimage\"},\"thumbnailUrl\":\"https:\/\/www.fundaciobarcelonaolimpica.es\/wp-content\/uploads\/sites\/3\/2022\/04\/FORUM_Olimpic-Pere_Miro-3.jpg\",\"articleSection\":[\"Sin categorizar\"],\"inLanguage\":\"es\"},{\"@type\":\"WebPage\",\"@id\":\"https:\/\/www.fundaciobarcelonaolimpica.es\/es\/pere-miro-patrono-honorifico-de-la-fundacio-barcelona-olimpica-finaliza-su-vida-laboral-como-miembro-del-comite-internacional-olimpico\/\",\"url\":\"https:\/\/www.fundaciobarcelonaolimpica.es\/es\/pere-miro-patrono-honorifico-de-la-fundacio-barcelona-olimpica-finaliza-su-vida-laboral-como-miembro-del-comite-internacional-olimpico\/\",\"name\":\"Pere Mir\u00f3, patrono honor\u00edfico de la Fundaci\u00f3 Barcelona Ol\u00edmpica, finaliza su vida laboral como miembro del Comit\u00e9 Internacional Ol\u00edmpico - Fundaci\u00f3 Barcelona Ol\u00edmpica\",\"isPartOf\":{\"@id\":\"https:\/\/www.fundaciobarcelonaolimpica.es\/ca\/#website\"},\"primaryImageOfPage\":{\"@id\":\"https:\/\/www.fundaciobarcelonaolimpica.es\/es\/pere-miro-patrono-honorifico-de-la-fundacio-barcelona-olimpica-finaliza-su-vida-laboral-como-miembro-del-comite-internacional-olimpico\/#primaryimage\"},\"image\":{\"@id\":\"https:\/\/www.fundaciobarcelonaolimpica.es\/es\/pere-miro-patrono-honorifico-de-la-fundacio-barcelona-olimpica-finaliza-su-vida-laboral-como-miembro-del-comite-internacional-olimpico\/#primaryimage\"},\"thumbnailUrl\":\"https:\/\/www.fundaciobarcelonaolimpica.es\/wp-content\/uploads\/sites\/3\/2022\/04\/FORUM_Olimpic-Pere_Miro-3.jpg\",\"datePublished\":\"2022-04-08T12:27:03+00:00\",\"dateModified\":\"2022-04-08T12:27:03+00:00\",\"breadcrumb\":{\"@id\":\"https:\/\/www.fundaciobarcelonaolimpica.es\/es\/pere-miro-patrono-honorifico-de-la-fundacio-barcelona-olimpica-finaliza-su-vida-laboral-como-miembro-del-comite-internacional-olimpico\/#breadcrumb\"},\"inLanguage\":\"es\",\"potentialAction\":[{\"@type\":\"ReadAction\",\"target\":[\"https:\/\/www.fundaciobarcelonaolimpica.es\/es\/pere-miro-patrono-honorifico-de-la-fundacio-barcelona-olimpica-finaliza-su-vida-laboral-como-miembro-del-comite-internacional-olimpico\/\"]}]},{\"@type\":\"ImageObject\",\"inLanguage\":\"es\",\"@id\":\"https:\/\/www.fundaciobarcelonaolimpica.es\/es\/pere-miro-patrono-honorifico-de-la-fundacio-barcelona-olimpica-finaliza-su-vida-laboral-como-miembro-del-comite-internacional-olimpico\/#primaryimage\",\"url\":\"https:\/\/www.fundaciobarcelonaolimpica.es\/wp-content\/uploads\/sites\/3\/2022\/04\/FORUM_Olimpic-Pere_Miro-3.jpg\",\"contentUrl\":\"https:\/\/www.fundaciobarcelonaolimpica.es\/wp-content\/uploads\/sites\/3\/2022\/04\/FORUM_Olimpic-Pere_Miro-3.jpg\",\"width\":1000,\"height\":652},{\"@type\":\"BreadcrumbList\",\"@id\":\"https:\/\/www.fundaciobarcelonaolimpica.es\/es\/pere-miro-patrono-honorifico-de-la-fundacio-barcelona-olimpica-finaliza-su-vida-laboral-como-miembro-del-comite-internacional-olimpico\/#breadcrumb\",\"itemListElement\":[{\"@type\":\"ListItem\",\"position\":1,\"name\":\"FBO\",\"item\":\"https:\/\/www.fundaciobarcelonaolimpica.es\/es\/\"},{\"@type\":\"ListItem\",\"position\":2,\"name\":\"Pere Mir\u00f3, patrono honor\u00edfico de la Fundaci\u00f3 Barcelona Ol\u00edmpica, finaliza su vida laboral como miembro del Comit\u00e9 Internacional Ol\u00edmpico\"}]},{\"@type\":\"WebSite\",\"@id\":\"https:\/\/www.fundaciobarcelonaolimpica.es\/ca\/#website\",\"url\":\"https:\/\/www.fundaciobarcelonaolimpica.es\/ca\/\",\"name\":\"Fundaci\u00f3 Barcelona Ol\u00edmpica\",\"description\":\"Web del Museu Ol\u00edmpic i de l&#039;Esport\",\"publisher\":{\"@id\":\"https:\/\/www.fundaciobarcelonaolimpica.es\/ca\/#organization\"},\"potentialAction\":[{\"@type\":\"SearchAction\",\"target\":{\"@type\":\"EntryPoint\",\"urlTemplate\":\"https:\/\/www.fundaciobarcelonaolimpica.es\/ca\/?s={search_term_string}\"},\"query-input\":{\"@type\":\"PropertyValueSpecification\",\"valueRequired\":true,\"valueName\":\"search_term_string\"}}],\"inLanguage\":\"es\"},{\"@type\":\"Organization\",\"@id\":\"https:\/\/www.fundaciobarcelonaolimpica.es\/ca\/#organization\",\"name\":\"Fundaci\u00f3 Barcelona Ol\u00edmpica\",\"url\":\"https:\/\/www.fundaciobarcelonaolimpica.es\/ca\/\",\"logo\":{\"@type\":\"ImageObject\",\"inLanguage\":\"es\",\"@id\":\"https:\/\/www.fundaciobarcelonaolimpica.es\/ca\/#\/schema\/logo\/image\/\",\"url\":\"https:\/\/www.fundaciobarcelonaolimpica.es\/wp-content\/uploads\/sites\/3\/2019\/02\/logo-fundacio.svg\",\"contentUrl\":\"https:\/\/www.fundaciobarcelonaolimpica.es\/wp-content\/uploads\/sites\/3\/2019\/02\/logo-fundacio.svg\",\"caption\":\"Fundaci\u00f3 Barcelona Ol\u00edmpica\"},\"image\":{\"@id\":\"https:\/\/www.fundaciobarcelonaolimpica.es\/ca\/#\/schema\/logo\/image\/\"}},{\"@type\":\"Person\",\"@id\":\"https:\/\/www.fundaciobarcelonaolimpica.es\/ca\/#\/schema\/person\/b792834a53f193977df425a499287aa9\",\"name\":\"Ibone\",\"url\":\"https:\/\/www.fundaciobarcelonaolimpica.es\/es\/author\/fbolimpica\/\"}]}<\/script>\n<!-- \/ Yoast SEO plugin. -->","yoast_head_json":{"title":"Pere Mir\u00f3, patrono honor\u00edfico de la Fundaci\u00f3 Barcelona Ol\u00edmpica, finaliza su vida laboral como miembro del Comit\u00e9 Internacional Ol\u00edmpico - Fundaci\u00f3 Barcelona Ol\u00edmpica","robots":{"index":"index","follow":"follow","max-snippet":"max-snippet:-1","max-image-preview":"max-image-preview:large","max-video-preview":"max-video-preview:-1"},"canonical":"https:\/\/www.fundaciobarcelonaolimpica.es\/es\/pere-miro-patrono-honorifico-de-la-fundacio-barcelona-olimpica-finaliza-su-vida-laboral-como-miembro-del-comite-internacional-olimpico\/","og_locale":"es_ES","og_type":"article","og_title":"Pere Mir\u00f3, patrono honor\u00edfico de la Fundaci\u00f3 Barcelona Ol\u00edmpica, finaliza su vida laboral como miembro del Comit\u00e9 Internacional Ol\u00edmpico - Fundaci\u00f3 Barcelona Ol\u00edmpica","og_description":"Pere Mir\u00f3 seguir\u00e1 trabajando como Asesor Senior del presidente del CIO, Thomas Bach. Durante 30 a\u00f1os, Pere Mir\u00f3, ha ocupado diversos puestos estrat\u00e9gicos dentro del CIO. Se uni\u00f3 al CIO de la mano de Juan Antonio Samaranch una vez finalizados los Juegos Ol\u00edmpicos de Barcelona 1992 y tras una larga trayectoria ha decidido retirarse oficialmente. [&hellip;]","og_url":"https:\/\/www.fundaciobarcelonaolimpica.es\/es\/pere-miro-patrono-honorifico-de-la-fundacio-barcelona-olimpica-finaliza-su-vida-laboral-como-miembro-del-comite-internacional-olimpico\/","og_site_name":"Fundaci\u00f3 Barcelona Ol\u00edmpica","article_published_time":"2022-04-08T12:27:03+00:00","og_image":[{"width":1000,"height":652,"url":"https:\/\/www.fundaciobarcelonaolimpica.es\/wp-content\/uploads\/sites\/3\/2022\/04\/FORUM_Olimpic-Pere_Miro-3.jpg","type":"image\/jpeg"}],"author":"Ibone","twitter_card":"summary_large_image","twitter_misc":{"Escrito por":"Ibone","Tiempo de lectura":"1 minuto"},"schema":{"@context":"https:\/\/schema.org","@graph":[{"@type":"Article","@id":"https:\/\/www.fundaciobarcelonaolimpica.es\/es\/pere-miro-patrono-honorifico-de-la-fundacio-barcelona-olimpica-finaliza-su-vida-laboral-como-miembro-del-comite-internacional-olimpico\/#article","isPartOf":{"@id":"https:\/\/www.fundaciobarcelonaolimpica.es\/es\/pere-miro-patrono-honorifico-de-la-fundacio-barcelona-olimpica-finaliza-su-vida-laboral-como-miembro-del-comite-internacional-olimpico\/"},"author":{"name":"Ibone","@id":"https:\/\/www.fundaciobarcelonaolimpica.es\/ca\/#\/schema\/person\/b792834a53f193977df425a499287aa9"},"headline":"Pere Mir\u00f3, patrono honor\u00edfico de la Fundaci\u00f3 Barcelona Ol\u00edmpica, finaliza su vida laboral como miembro del Comit\u00e9 Internacional Ol\u00edmpico","datePublished":"2022-04-08T12:27:03+00:00","dateModified":"2022-04-08T12:27:03+00:00","mainEntityOfPage":{"@id":"https:\/\/www.fundaciobarcelonaolimpica.es\/es\/pere-miro-patrono-honorifico-de-la-fundacio-barcelona-olimpica-finaliza-su-vida-laboral-como-miembro-del-comite-internacional-olimpico\/"},"wordCount":165,"publisher":{"@id":"https:\/\/www.fundaciobarcelonaolimpica.es\/ca\/#organization"},"image":{"@id":"https:\/\/www.fundaciobarcelonaolimpica.es\/es\/pere-miro-patrono-honorifico-de-la-fundacio-barcelona-olimpica-finaliza-su-vida-laboral-como-miembro-del-comite-internacional-olimpico\/#primaryimage"},"thumbnailUrl":"https:\/\/www.fundaciobarcelonaolimpica.es\/wp-content\/uploads\/sites\/3\/2022\/04\/FORUM_Olimpic-Pere_Miro-3.jpg","articleSection":["Sin categorizar"],"inLanguage":"es"},{"@type":"WebPage","@id":"https:\/\/www.fundaciobarcelonaolimpica.es\/es\/pere-miro-patrono-honorifico-de-la-fundacio-barcelona-olimpica-finaliza-su-vida-laboral-como-miembro-del-comite-internacional-olimpico\/","url":"https:\/\/www.fundaciobarcelonaolimpica.es\/es\/pere-miro-patrono-honorifico-de-la-fundacio-barcelona-olimpica-finaliza-su-vida-laboral-como-miembro-del-comite-internacional-olimpico\/","name":"Pere Mir\u00f3, patrono honor\u00edfico de la Fundaci\u00f3 Barcelona Ol\u00edmpica, finaliza su vida laboral como miembro del Comit\u00e9 Internacional Ol\u00edmpico - Fundaci\u00f3 Barcelona Ol\u00edmpica","isPartOf":{"@id":"https:\/\/www.fundaciobarcelonaolimpica.es\/ca\/#website"},"primaryImageOfPage":{"@id":"https:\/\/www.fundaciobarcelonaolimpica.es\/es\/pere-miro-patrono-honorifico-de-la-fundacio-barcelona-olimpica-finaliza-su-vida-laboral-como-miembro-del-comite-internacional-olimpico\/#primaryimage"},"image":{"@id":"https:\/\/www.fundaciobarcelonaolimpica.es\/es\/pere-miro-patrono-honorifico-de-la-fundacio-barcelona-olimpica-finaliza-su-vida-laboral-como-miembro-del-comite-internacional-olimpico\/#primaryimage"},"thumbnailUrl":"https:\/\/www.fundaciobarcelonaolimpica.es\/wp-content\/uploads\/sites\/3\/2022\/04\/FORUM_Olimpic-Pere_Miro-3.jpg","datePublished":"2022-04-08T12:27:03+00:00","dateModified":"2022-04-08T12:27:03+00:00","breadcrumb":{"@id":"https:\/\/www.fundaciobarcelonaolimpica.es\/es\/pere-miro-patrono-honorifico-de-la-fundacio-barcelona-olimpica-finaliza-su-vida-laboral-como-miembro-del-comite-internacional-olimpico\/#breadcrumb"},"inLanguage":"es","potentialAction":[{"@type":"ReadAction","target":["https:\/\/www.fundaciobarcelonaolimpica.es\/es\/pere-miro-patrono-honorifico-de-la-fundacio-barcelona-olimpica-finaliza-su-vida-laboral-como-miembro-del-comite-internacional-olimpico\/"]}]},{"@type":"ImageObject","inLanguage":"es","@id":"https:\/\/www.fundaciobarcelonaolimpica.es\/es\/pere-miro-patrono-honorifico-de-la-fundacio-barcelona-olimpica-finaliza-su-vida-laboral-como-miembro-del-comite-internacional-olimpico\/#primaryimage","url":"https:\/\/www.fundaciobarcelonaolimpica.es\/wp-content\/uploads\/sites\/3\/2022\/04\/FORUM_Olimpic-Pere_Miro-3.jpg","contentUrl":"https:\/\/www.fundaciobarcelonaolimpica.es\/wp-content\/uploads\/sites\/3\/2022\/04\/FORUM_Olimpic-Pere_Miro-3.jpg","width":1000,"height":652},{"@type":"BreadcrumbList","@id":"https:\/\/www.fundaciobarcelonaolimpica.es\/es\/pere-miro-patrono-honorifico-de-la-fundacio-barcelona-olimpica-finaliza-su-vida-laboral-como-miembro-del-comite-internacional-olimpico\/#breadcrumb","itemListElement":[{"@type":"ListItem","position":1,"name":"FBO","item":"https:\/\/www.fundaciobarcelonaolimpica.es\/es\/"},{"@type":"ListItem","position":2,"name":"Pere Mir\u00f3, patrono honor\u00edfico de la Fundaci\u00f3 Barcelona Ol\u00edmpica, finaliza su vida laboral como miembro del Comit\u00e9 Internacional Ol\u00edmpico"}]},{"@type":"WebSite","@id":"https:\/\/www.fundaciobarcelonaolimpica.es\/ca\/#website","url":"https:\/\/www.fundaciobarcelonaolimpica.es\/ca\/","name":"Fundaci\u00f3 Barcelona Ol\u00edmpica","description":"Web del Museu Ol\u00edmpic i de l&#039;Esport","publisher":{"@id":"https:\/\/www.fundaciobarcelonaolimpica.es\/ca\/#organization"},"potentialAction":[{"@type":"SearchAction","target":{"@type":"EntryPoint","urlTemplate":"https:\/\/www.fundaciobarcelonaolimpica.es\/ca\/?s={search_term_string}"},"query-input":{"@type":"PropertyValueSpecification","valueRequired":true,"valueName":"search_term_string"}}],"inLanguage":"es"},{"@type":"Organization","@id":"https:\/\/www.fundaciobarcelonaolimpica.es\/ca\/#organization","name":"Fundaci\u00f3 Barcelona Ol\u00edmpica","url":"https:\/\/www.fundaciobarcelonaolimpica.es\/ca\/","logo":{"@type":"ImageObject","inLanguage":"es","@id":"https:\/\/www.fundaciobarcelonaolimpica.es\/ca\/#\/schema\/logo\/image\/","url":"https:\/\/www.fundaciobarcelonaolimpica.es\/wp-content\/uploads\/sites\/3\/2019\/02\/logo-fundacio.svg","contentUrl":"https:\/\/www.fundaciobarcelonaolimpica.es\/wp-content\/uploads\/sites\/3\/2019\/02\/logo-fundacio.svg","caption":"Fundaci\u00f3 Barcelona Ol\u00edmpica"},"image":{"@id":"https:\/\/www.fundaciobarcelonaolimpica.es\/ca\/#\/schema\/logo\/image\/"}},{"@type":"Person","@id":"https:\/\/www.fundaciobarcelonaolimpica.es\/ca\/#\/schema\/person\/b792834a53f193977df425a499287aa9","name":"Ibone","url":"https:\/\/www.fundaciobarcelonaolimpica.es\/es\/author\/fbolimpica\/"}]}},"_links":{"self":[{"href":"https:\/\/www.fundaciobarcelonaolimpica.es\/es\/wp-json\/wp\/v2\/posts\/25136"}],"collection":[{"href":"https:\/\/www.fundaciobarcelonaolimpica.es\/es\/wp-json\/wp\/v2\/posts"}],"about":[{"href":"https:\/\/www.fundaciobarcelonaolimpica.es\/es\/wp-json\/wp\/v2\/types\/post"}],"author":[{"embeddable":true,"href":"https:\/\/www.fundaciobarcelonaolimpica.es\/es\/wp-json\/wp\/v2\/users\/11"}],"replies":[{"embeddable":true,"href":"https:\/\/www.fundaciobarcelonaolimpica.es\/es\/wp-json\/wp\/v2\/comments?post=25136"}],"version-history":[{"count":1,"href":"https:\/\/www.fundaciobarcelonaolimpica.es\/es\/wp-json\/wp\/v2\/posts\/25136\/revisions"}],"predecessor-version":[{"id":25140,"href":"https:\/\/www.fundaciobarcelonaolimpica.es\/es\/wp-json\/wp\/v2\/posts\/25136\/revisions\/25140"}],"wp:featuredmedia":[{"embeddable":true,"href":"https:\/\/www.fundaciobarcelonaolimpica.es\/es\/wp-json\/wp\/v2\/media\/25137"}],"wp:attachment":[{"href":"https:\/\/www.fundaciobarcelonaolimpica.es\/es\/wp-json\/wp\/v2\/media?parent=25136"}],"wp:term":[{"taxonomy":"category","embeddable":true,"href":"https:\/\/www.fundaciobarcelonaolimpica.es\/es\/wp-json\/wp\/v2\/categories?post=25136"},{"taxonomy":"post_tag","embeddable":true,"href":"https:\/\/www.fundaciobarcelonaolimpica.es\/es\/wp-json\/wp\/v2\/tags?post=25136"}],"curies":[{"name":"wp","href":"https:\/\/api.w.org\/{rel}","templated":true}]}}