{"id":25240,"date":"2022-04-20T09:27:29","date_gmt":"2022-04-20T07:27:29","guid":{"rendered":"https:\/\/www.fundaciobarcelonaolimpica.es\/?p=25240"},"modified":"2022-04-20T12:47:39","modified_gmt":"2022-04-20T10:47:39","slug":"presentacion-del-libro-barcelona-1923-los-campeonatos-del-mundo-en-pistas-cubiertas-de-pedro-hernandez","status":"publish","type":"post","link":"https:\/\/www.fundaciobarcelonaolimpica.es\/es\/presentacion-del-libro-barcelona-1923-los-campeonatos-del-mundo-en-pistas-cubiertas-de-pedro-hernandez\/","title":{"rendered":"Presentaci\u00f3n del libro \u00abBarcelona 1923: los campeonatos del mundo en pistas cubiertas\u00bb de Pedro Hern\u00e1ndez."},"content":{"rendered":"<p>El stand del Ayuntamiento de Barcelona en el Village Trofeu Conde de God\u00f3, presidido por <strong>David Escud\u00e9<\/strong>, presidente de la Fundaci\u00f3 Barcelona Ol\u00edmpica y regidor de Deportes del Ayuntamiento de Barcelona, acompa\u00f1ado por <strong>Jordi Cambra<\/strong>, presidente del Real Club de Tennis Barcelona -1899 y <strong>Jordi Tamayo<\/strong>, presidente de la Federaci\u00f3n Catalana de Tenis, ha sido el lugar elegido por <strong>Pedro Hern\u00e1ndez<\/strong> para presentar su libro: \u201c<strong>Barcelona 1923: los campeonatos del mundo en pistas cubiertas\u00bb. <\/strong><\/p>\n<p><strong>\u00abBarcelona 1923: los campeonatos del mundo en pistas cubiertas\u00bb <\/strong><\/p>\n<p>Es la cr\u00f3nica de los campeonatos del mundo de Tenis en pista cubierta que se celebraron Del 1 al 11 de diciembre de 1923. Barcelona organiz\u00f3 los primeros Campeonatos Mundiales en cualquier disciplina deportiva jam\u00e1s disputados en Espa\u00f1a. Gracias a una cooperaci\u00f3n absoluta de las esferas pol\u00edticas, sociales y deportivas de la Ciudad Condal, los Campeonatos del Mundo de Tenis en Pistas Cubiertas, disputados en el Palacio de la Industria del Parque de la Ciutadella, fueron un rotundo \u00e9xito.<\/p>\n<p>\u00abBarcelona 1923: los campeonatos del mundo en pistas cubiertas\u00bb, forma parte de la colecci\u00f3n \u201cAula de Historia\u201d de la Fundaci\u00f3 Barcelona Ol\u00edmpica.<\/p>\n<p><strong>Pedro Hern\u00e1ndez:<\/strong> Nacido en Barcelona en 1956. Actualmente es el responsable del Archivo Hist\u00f3rico del Real Club Tenis Barcelona-1899. Ha sido miembro fundador de la International Tennis Writers Association y miembro del Comit\u00e9 de Prensa de la Federaci\u00f3n Internacional de Tenis (ITF). En el campo profesional destacan sus trabajos como especialista de tenis en TVE, Cadena SER y otros medios de comunicaci\u00f3n. Jefe de prensa del Trofeo Conde de God\u00f3 (1992-2012) y director de las revistas Tenis en Fondo y Supertenis. Dentro de la Real Federaci\u00f3n Espa\u00f1ola de Tenis fue responsable del tenis profesional de 2009 a 2016. En 2002 recibi\u00f3 el premio Ron Bookman Award a la excelencia period\u00edstica.<\/p>\n","protected":false},"excerpt":{"rendered":"<p>El stand del Ayuntamiento de Barcelona en el Village Trofeu Conde de God\u00f3, presidido por David Escud\u00e9, presidente de la Fundaci\u00f3 Barcelona Ol\u00edmpica y regidor de Deportes del Ayuntamiento de Barcelona, acompa\u00f1ado por Jordi Cambra, presidente del Real Club de Tennis Barcelona -1899 y Jordi Tamayo, presidente de la Federaci\u00f3n Catalana de Tenis, ha sido [&hellip;]<\/p>\n","protected":false},"author":11,"featured_media":25258,"comment_status":"closed","ping_status":"closed","sticky":false,"template":"","format":"standard","meta":{"_acf_changed":false,"footnotes":""},"categories":[1],"tags":[],"class_list":["post-25240","post","type-post","status-publish","format-standard","has-post-thumbnail","hentry","category-sin-categorizar"],"acf":[],"yoast_head":"<!-- This site is optimized with the Yoast SEO plugin v23.7 - https:\/\/yoast.com\/wordpress\/plugins\/seo\/ -->\n<title>Presentaci\u00f3n del libro &quot;Barcelona 1923: los campeonatos del mundo en pistas cubiertas&quot; de Pedro Hern\u00e1ndez. - Fundaci\u00f3 Barcelona Ol\u00edmpica<\/title>\n<meta name=\"robots\" content=\"index, follow, max-snippet:-1, max-image-preview:large, max-video-preview:-1\" \/>\n<link rel=\"canonical\" href=\"https:\/\/www.fundaciobarcelonaolimpica.es\/es\/presentacion-del-libro-barcelona-1923-los-campeonatos-del-mundo-en-pistas-cubiertas-de-pedro-hernandez\/\" \/>\n<meta property=\"og:locale\" content=\"es_ES\" \/>\n<meta property=\"og:type\" content=\"article\" \/>\n<meta property=\"og:title\" content=\"Presentaci\u00f3n del libro &quot;Barcelona 1923: los campeonatos del mundo en pistas cubiertas&quot; de Pedro Hern\u00e1ndez. - Fundaci\u00f3 Barcelona Ol\u00edmpica\" \/>\n<meta property=\"og:description\" content=\"El stand del Ayuntamiento de Barcelona en el Village Trofeu Conde de God\u00f3, presidido por David Escud\u00e9, presidente de la Fundaci\u00f3 Barcelona Ol\u00edmpica y regidor de Deportes del Ayuntamiento de Barcelona, acompa\u00f1ado por Jordi Cambra, presidente del Real Club de Tennis Barcelona -1899 y Jordi Tamayo, presidente de la Federaci\u00f3n Catalana de Tenis, ha sido [&hellip;]\" \/>\n<meta property=\"og:url\" content=\"https:\/\/www.fundaciobarcelonaolimpica.es\/es\/presentacion-del-libro-barcelona-1923-los-campeonatos-del-mundo-en-pistas-cubiertas-de-pedro-hernandez\/\" \/>\n<meta property=\"og:site_name\" content=\"Fundaci\u00f3 Barcelona Ol\u00edmpica\" \/>\n<meta property=\"article:published_time\" content=\"2022-04-20T07:27:29+00:00\" \/>\n<meta property=\"article:modified_time\" content=\"2022-04-20T10:47:39+00:00\" \/>\n<meta property=\"og:image\" content=\"https:\/\/www.fundaciobarcelonaolimpica.es\/wp-content\/uploads\/sites\/3\/2022\/04\/Auladhistoria-Museuolimpic-trofeuGodo_18-scaled.jpg\" \/>\n\t<meta property=\"og:image:width\" content=\"2560\" \/>\n\t<meta property=\"og:image:height\" content=\"1907\" \/>\n\t<meta property=\"og:image:type\" content=\"image\/jpeg\" \/>\n<meta name=\"author\" content=\"Ibone\" \/>\n<meta name=\"twitter:card\" content=\"summary_large_image\" \/>\n<meta name=\"twitter:label1\" content=\"Escrito por\" \/>\n\t<meta name=\"twitter:data1\" content=\"Ibone\" \/>\n\t<meta name=\"twitter:label2\" content=\"Tiempo de lectura\" \/>\n\t<meta name=\"twitter:data2\" content=\"2 minutos\" \/>\n<script type=\"application\/ld+json\" class=\"yoast-schema-graph\">{\"@context\":\"https:\/\/schema.org\",\"@graph\":[{\"@type\":\"Article\",\"@id\":\"https:\/\/www.fundaciobarcelonaolimpica.es\/es\/presentacion-del-libro-barcelona-1923-los-campeonatos-del-mundo-en-pistas-cubiertas-de-pedro-hernandez\/#article\",\"isPartOf\":{\"@id\":\"https:\/\/www.fundaciobarcelonaolimpica.es\/es\/presentacion-del-libro-barcelona-1923-los-campeonatos-del-mundo-en-pistas-cubiertas-de-pedro-hernandez\/\"},\"author\":{\"name\":\"Ibone\",\"@id\":\"https:\/\/www.fundaciobarcelonaolimpica.es\/ca\/#\/schema\/person\/b792834a53f193977df425a499287aa9\"},\"headline\":\"Presentaci\u00f3n del libro \u00abBarcelona 1923: los campeonatos del mundo en pistas cubiertas\u00bb de Pedro Hern\u00e1ndez.\",\"datePublished\":\"2022-04-20T07:27:29+00:00\",\"dateModified\":\"2022-04-20T10:47:39+00:00\",\"mainEntityOfPage\":{\"@id\":\"https:\/\/www.fundaciobarcelonaolimpica.es\/es\/presentacion-del-libro-barcelona-1923-los-campeonatos-del-mundo-en-pistas-cubiertas-de-pedro-hernandez\/\"},\"wordCount\":318,\"publisher\":{\"@id\":\"https:\/\/www.fundaciobarcelonaolimpica.es\/ca\/#organization\"},\"image\":{\"@id\":\"https:\/\/www.fundaciobarcelonaolimpica.es\/es\/presentacion-del-libro-barcelona-1923-los-campeonatos-del-mundo-en-pistas-cubiertas-de-pedro-hernandez\/#primaryimage\"},\"thumbnailUrl\":\"https:\/\/www.fundaciobarcelonaolimpica.es\/wp-content\/uploads\/sites\/3\/2022\/04\/Auladhistoria-Museuolimpic-trofeuGodo_18-scaled.jpg\",\"articleSection\":[\"Sin categorizar\"],\"inLanguage\":\"es\"},{\"@type\":\"WebPage\",\"@id\":\"https:\/\/www.fundaciobarcelonaolimpica.es\/es\/presentacion-del-libro-barcelona-1923-los-campeonatos-del-mundo-en-pistas-cubiertas-de-pedro-hernandez\/\",\"url\":\"https:\/\/www.fundaciobarcelonaolimpica.es\/es\/presentacion-del-libro-barcelona-1923-los-campeonatos-del-mundo-en-pistas-cubiertas-de-pedro-hernandez\/\",\"name\":\"Presentaci\u00f3n del libro \\\"Barcelona 1923: los campeonatos del mundo en pistas cubiertas\\\" de Pedro Hern\u00e1ndez. - Fundaci\u00f3 Barcelona Ol\u00edmpica\",\"isPartOf\":{\"@id\":\"https:\/\/www.fundaciobarcelonaolimpica.es\/ca\/#website\"},\"primaryImageOfPage\":{\"@id\":\"https:\/\/www.fundaciobarcelonaolimpica.es\/es\/presentacion-del-libro-barcelona-1923-los-campeonatos-del-mundo-en-pistas-cubiertas-de-pedro-hernandez\/#primaryimage\"},\"image\":{\"@id\":\"https:\/\/www.fundaciobarcelonaolimpica.es\/es\/presentacion-del-libro-barcelona-1923-los-campeonatos-del-mundo-en-pistas-cubiertas-de-pedro-hernandez\/#primaryimage\"},\"thumbnailUrl\":\"https:\/\/www.fundaciobarcelonaolimpica.es\/wp-content\/uploads\/sites\/3\/2022\/04\/Auladhistoria-Museuolimpic-trofeuGodo_18-scaled.jpg\",\"datePublished\":\"2022-04-20T07:27:29+00:00\",\"dateModified\":\"2022-04-20T10:47:39+00:00\",\"breadcrumb\":{\"@id\":\"https:\/\/www.fundaciobarcelonaolimpica.es\/es\/presentacion-del-libro-barcelona-1923-los-campeonatos-del-mundo-en-pistas-cubiertas-de-pedro-hernandez\/#breadcrumb\"},\"inLanguage\":\"es\",\"potentialAction\":[{\"@type\":\"ReadAction\",\"target\":[\"https:\/\/www.fundaciobarcelonaolimpica.es\/es\/presentacion-del-libro-barcelona-1923-los-campeonatos-del-mundo-en-pistas-cubiertas-de-pedro-hernandez\/\"]}]},{\"@type\":\"ImageObject\",\"inLanguage\":\"es\",\"@id\":\"https:\/\/www.fundaciobarcelonaolimpica.es\/es\/presentacion-del-libro-barcelona-1923-los-campeonatos-del-mundo-en-pistas-cubiertas-de-pedro-hernandez\/#primaryimage\",\"url\":\"https:\/\/www.fundaciobarcelonaolimpica.es\/wp-content\/uploads\/sites\/3\/2022\/04\/Auladhistoria-Museuolimpic-trofeuGodo_18-scaled.jpg\",\"contentUrl\":\"https:\/\/www.fundaciobarcelonaolimpica.es\/wp-content\/uploads\/sites\/3\/2022\/04\/Auladhistoria-Museuolimpic-trofeuGodo_18-scaled.jpg\",\"width\":2560,\"height\":1907},{\"@type\":\"BreadcrumbList\",\"@id\":\"https:\/\/www.fundaciobarcelonaolimpica.es\/es\/presentacion-del-libro-barcelona-1923-los-campeonatos-del-mundo-en-pistas-cubiertas-de-pedro-hernandez\/#breadcrumb\",\"itemListElement\":[{\"@type\":\"ListItem\",\"position\":1,\"name\":\"FBO\",\"item\":\"https:\/\/www.fundaciobarcelonaolimpica.es\/es\/\"},{\"@type\":\"ListItem\",\"position\":2,\"name\":\"Presentaci\u00f3n del libro \u00abBarcelona 1923: los campeonatos del mundo en pistas cubiertas\u00bb de Pedro Hern\u00e1ndez.\"}]},{\"@type\":\"WebSite\",\"@id\":\"https:\/\/www.fundaciobarcelonaolimpica.es\/ca\/#website\",\"url\":\"https:\/\/www.fundaciobarcelonaolimpica.es\/ca\/\",\"name\":\"Fundaci\u00f3 Barcelona Ol\u00edmpica\",\"description\":\"Web del Museu Ol\u00edmpic i de l&#039;Esport\",\"publisher\":{\"@id\":\"https:\/\/www.fundaciobarcelonaolimpica.es\/ca\/#organization\"},\"potentialAction\":[{\"@type\":\"SearchAction\",\"target\":{\"@type\":\"EntryPoint\",\"urlTemplate\":\"https:\/\/www.fundaciobarcelonaolimpica.es\/ca\/?s={search_term_string}\"},\"query-input\":{\"@type\":\"PropertyValueSpecification\",\"valueRequired\":true,\"valueName\":\"search_term_string\"}}],\"inLanguage\":\"es\"},{\"@type\":\"Organization\",\"@id\":\"https:\/\/www.fundaciobarcelonaolimpica.es\/ca\/#organization\",\"name\":\"Fundaci\u00f3 Barcelona Ol\u00edmpica\",\"url\":\"https:\/\/www.fundaciobarcelonaolimpica.es\/ca\/\",\"logo\":{\"@type\":\"ImageObject\",\"inLanguage\":\"es\",\"@id\":\"https:\/\/www.fundaciobarcelonaolimpica.es\/ca\/#\/schema\/logo\/image\/\",\"url\":\"https:\/\/www.fundaciobarcelonaolimpica.es\/wp-content\/uploads\/sites\/3\/2019\/02\/logo-fundacio.svg\",\"contentUrl\":\"https:\/\/www.fundaciobarcelonaolimpica.es\/wp-content\/uploads\/sites\/3\/2019\/02\/logo-fundacio.svg\",\"caption\":\"Fundaci\u00f3 Barcelona Ol\u00edmpica\"},\"image\":{\"@id\":\"https:\/\/www.fundaciobarcelonaolimpica.es\/ca\/#\/schema\/logo\/image\/\"}},{\"@type\":\"Person\",\"@id\":\"https:\/\/www.fundaciobarcelonaolimpica.es\/ca\/#\/schema\/person\/b792834a53f193977df425a499287aa9\",\"name\":\"Ibone\",\"url\":\"https:\/\/www.fundaciobarcelonaolimpica.es\/es\/author\/fbolimpica\/\"}]}<\/script>\n<!-- \/ Yoast SEO plugin. -->","yoast_head_json":{"title":"Presentaci\u00f3n del libro \"Barcelona 1923: los campeonatos del mundo en pistas cubiertas\" de Pedro Hern\u00e1ndez. - Fundaci\u00f3 Barcelona Ol\u00edmpica","robots":{"index":"index","follow":"follow","max-snippet":"max-snippet:-1","max-image-preview":"max-image-preview:large","max-video-preview":"max-video-preview:-1"},"canonical":"https:\/\/www.fundaciobarcelonaolimpica.es\/es\/presentacion-del-libro-barcelona-1923-los-campeonatos-del-mundo-en-pistas-cubiertas-de-pedro-hernandez\/","og_locale":"es_ES","og_type":"article","og_title":"Presentaci\u00f3n del libro \"Barcelona 1923: los campeonatos del mundo en pistas cubiertas\" de Pedro Hern\u00e1ndez. - Fundaci\u00f3 Barcelona Ol\u00edmpica","og_description":"El stand del Ayuntamiento de Barcelona en el Village Trofeu Conde de God\u00f3, presidido por David Escud\u00e9, presidente de la Fundaci\u00f3 Barcelona Ol\u00edmpica y regidor de Deportes del Ayuntamiento de Barcelona, acompa\u00f1ado por Jordi Cambra, presidente del Real Club de Tennis Barcelona -1899 y Jordi Tamayo, presidente de la Federaci\u00f3n Catalana de Tenis, ha sido [&hellip;]","og_url":"https:\/\/www.fundaciobarcelonaolimpica.es\/es\/presentacion-del-libro-barcelona-1923-los-campeonatos-del-mundo-en-pistas-cubiertas-de-pedro-hernandez\/","og_site_name":"Fundaci\u00f3 Barcelona Ol\u00edmpica","article_published_time":"2022-04-20T07:27:29+00:00","article_modified_time":"2022-04-20T10:47:39+00:00","og_image":[{"width":2560,"height":1907,"url":"https:\/\/www.fundaciobarcelonaolimpica.es\/wp-content\/uploads\/sites\/3\/2022\/04\/Auladhistoria-Museuolimpic-trofeuGodo_18-scaled.jpg","type":"image\/jpeg"}],"author":"Ibone","twitter_card":"summary_large_image","twitter_misc":{"Escrito por":"Ibone","Tiempo de lectura":"2 minutos"},"schema":{"@context":"https:\/\/schema.org","@graph":[{"@type":"Article","@id":"https:\/\/www.fundaciobarcelonaolimpica.es\/es\/presentacion-del-libro-barcelona-1923-los-campeonatos-del-mundo-en-pistas-cubiertas-de-pedro-hernandez\/#article","isPartOf":{"@id":"https:\/\/www.fundaciobarcelonaolimpica.es\/es\/presentacion-del-libro-barcelona-1923-los-campeonatos-del-mundo-en-pistas-cubiertas-de-pedro-hernandez\/"},"author":{"name":"Ibone","@id":"https:\/\/www.fundaciobarcelonaolimpica.es\/ca\/#\/schema\/person\/b792834a53f193977df425a499287aa9"},"headline":"Presentaci\u00f3n del libro \u00abBarcelona 1923: los campeonatos del mundo en pistas cubiertas\u00bb de Pedro Hern\u00e1ndez.","datePublished":"2022-04-20T07:27:29+00:00","dateModified":"2022-04-20T10:47:39+00:00","mainEntityOfPage":{"@id":"https:\/\/www.fundaciobarcelonaolimpica.es\/es\/presentacion-del-libro-barcelona-1923-los-campeonatos-del-mundo-en-pistas-cubiertas-de-pedro-hernandez\/"},"wordCount":318,"publisher":{"@id":"https:\/\/www.fundaciobarcelonaolimpica.es\/ca\/#organization"},"image":{"@id":"https:\/\/www.fundaciobarcelonaolimpica.es\/es\/presentacion-del-libro-barcelona-1923-los-campeonatos-del-mundo-en-pistas-cubiertas-de-pedro-hernandez\/#primaryimage"},"thumbnailUrl":"https:\/\/www.fundaciobarcelonaolimpica.es\/wp-content\/uploads\/sites\/3\/2022\/04\/Auladhistoria-Museuolimpic-trofeuGodo_18-scaled.jpg","articleSection":["Sin categorizar"],"inLanguage":"es"},{"@type":"WebPage","@id":"https:\/\/www.fundaciobarcelonaolimpica.es\/es\/presentacion-del-libro-barcelona-1923-los-campeonatos-del-mundo-en-pistas-cubiertas-de-pedro-hernandez\/","url":"https:\/\/www.fundaciobarcelonaolimpica.es\/es\/presentacion-del-libro-barcelona-1923-los-campeonatos-del-mundo-en-pistas-cubiertas-de-pedro-hernandez\/","name":"Presentaci\u00f3n del libro \"Barcelona 1923: los campeonatos del mundo en pistas cubiertas\" de Pedro Hern\u00e1ndez. - Fundaci\u00f3 Barcelona Ol\u00edmpica","isPartOf":{"@id":"https:\/\/www.fundaciobarcelonaolimpica.es\/ca\/#website"},"primaryImageOfPage":{"@id":"https:\/\/www.fundaciobarcelonaolimpica.es\/es\/presentacion-del-libro-barcelona-1923-los-campeonatos-del-mundo-en-pistas-cubiertas-de-pedro-hernandez\/#primaryimage"},"image":{"@id":"https:\/\/www.fundaciobarcelonaolimpica.es\/es\/presentacion-del-libro-barcelona-1923-los-campeonatos-del-mundo-en-pistas-cubiertas-de-pedro-hernandez\/#primaryimage"},"thumbnailUrl":"https:\/\/www.fundaciobarcelonaolimpica.es\/wp-content\/uploads\/sites\/3\/2022\/04\/Auladhistoria-Museuolimpic-trofeuGodo_18-scaled.jpg","datePublished":"2022-04-20T07:27:29+00:00","dateModified":"2022-04-20T10:47:39+00:00","breadcrumb":{"@id":"https:\/\/www.fundaciobarcelonaolimpica.es\/es\/presentacion-del-libro-barcelona-1923-los-campeonatos-del-mundo-en-pistas-cubiertas-de-pedro-hernandez\/#breadcrumb"},"inLanguage":"es","potentialAction":[{"@type":"ReadAction","target":["https:\/\/www.fundaciobarcelonaolimpica.es\/es\/presentacion-del-libro-barcelona-1923-los-campeonatos-del-mundo-en-pistas-cubiertas-de-pedro-hernandez\/"]}]},{"@type":"ImageObject","inLanguage":"es","@id":"https:\/\/www.fundaciobarcelonaolimpica.es\/es\/presentacion-del-libro-barcelona-1923-los-campeonatos-del-mundo-en-pistas-cubiertas-de-pedro-hernandez\/#primaryimage","url":"https:\/\/www.fundaciobarcelonaolimpica.es\/wp-content\/uploads\/sites\/3\/2022\/04\/Auladhistoria-Museuolimpic-trofeuGodo_18-scaled.jpg","contentUrl":"https:\/\/www.fundaciobarcelonaolimpica.es\/wp-content\/uploads\/sites\/3\/2022\/04\/Auladhistoria-Museuolimpic-trofeuGodo_18-scaled.jpg","width":2560,"height":1907},{"@type":"BreadcrumbList","@id":"https:\/\/www.fundaciobarcelonaolimpica.es\/es\/presentacion-del-libro-barcelona-1923-los-campeonatos-del-mundo-en-pistas-cubiertas-de-pedro-hernandez\/#breadcrumb","itemListElement":[{"@type":"ListItem","position":1,"name":"FBO","item":"https:\/\/www.fundaciobarcelonaolimpica.es\/es\/"},{"@type":"ListItem","position":2,"name":"Presentaci\u00f3n del libro \u00abBarcelona 1923: los campeonatos del mundo en pistas cubiertas\u00bb de Pedro Hern\u00e1ndez."}]},{"@type":"WebSite","@id":"https:\/\/www.fundaciobarcelonaolimpica.es\/ca\/#website","url":"https:\/\/www.fundaciobarcelonaolimpica.es\/ca\/","name":"Fundaci\u00f3 Barcelona Ol\u00edmpica","description":"Web del Museu Ol\u00edmpic i de l&#039;Esport","publisher":{"@id":"https:\/\/www.fundaciobarcelonaolimpica.es\/ca\/#organization"},"potentialAction":[{"@type":"SearchAction","target":{"@type":"EntryPoint","urlTemplate":"https:\/\/www.fundaciobarcelonaolimpica.es\/ca\/?s={search_term_string}"},"query-input":{"@type":"PropertyValueSpecification","valueRequired":true,"valueName":"search_term_string"}}],"inLanguage":"es"},{"@type":"Organization","@id":"https:\/\/www.fundaciobarcelonaolimpica.es\/ca\/#organization","name":"Fundaci\u00f3 Barcelona Ol\u00edmpica","url":"https:\/\/www.fundaciobarcelonaolimpica.es\/ca\/","logo":{"@type":"ImageObject","inLanguage":"es","@id":"https:\/\/www.fundaciobarcelonaolimpica.es\/ca\/#\/schema\/logo\/image\/","url":"https:\/\/www.fundaciobarcelonaolimpica.es\/wp-content\/uploads\/sites\/3\/2019\/02\/logo-fundacio.svg","contentUrl":"https:\/\/www.fundaciobarcelonaolimpica.es\/wp-content\/uploads\/sites\/3\/2019\/02\/logo-fundacio.svg","caption":"Fundaci\u00f3 Barcelona Ol\u00edmpica"},"image":{"@id":"https:\/\/www.fundaciobarcelonaolimpica.es\/ca\/#\/schema\/logo\/image\/"}},{"@type":"Person","@id":"https:\/\/www.fundaciobarcelonaolimpica.es\/ca\/#\/schema\/person\/b792834a53f193977df425a499287aa9","name":"Ibone","url":"https:\/\/www.fundaciobarcelonaolimpica.es\/es\/author\/fbolimpica\/"}]}},"_links":{"self":[{"href":"https:\/\/www.fundaciobarcelonaolimpica.es\/es\/wp-json\/wp\/v2\/posts\/25240"}],"collection":[{"href":"https:\/\/www.fundaciobarcelonaolimpica.es\/es\/wp-json\/wp\/v2\/posts"}],"about":[{"href":"https:\/\/www.fundaciobarcelonaolimpica.es\/es\/wp-json\/wp\/v2\/types\/post"}],"author":[{"embeddable":true,"href":"https:\/\/www.fundaciobarcelonaolimpica.es\/es\/wp-json\/wp\/v2\/users\/11"}],"replies":[{"embeddable":true,"href":"https:\/\/www.fundaciobarcelonaolimpica.es\/es\/wp-json\/wp\/v2\/comments?post=25240"}],"version-history":[{"count":6,"href":"https:\/\/www.fundaciobarcelonaolimpica.es\/es\/wp-json\/wp\/v2\/posts\/25240\/revisions"}],"predecessor-version":[{"id":25293,"href":"https:\/\/www.fundaciobarcelonaolimpica.es\/es\/wp-json\/wp\/v2\/posts\/25240\/revisions\/25293"}],"wp:featuredmedia":[{"embeddable":true,"href":"https:\/\/www.fundaciobarcelonaolimpica.es\/es\/wp-json\/wp\/v2\/media\/25258"}],"wp:attachment":[{"href":"https:\/\/www.fundaciobarcelonaolimpica.es\/es\/wp-json\/wp\/v2\/media?parent=25240"}],"wp:term":[{"taxonomy":"category","embeddable":true,"href":"https:\/\/www.fundaciobarcelonaolimpica.es\/es\/wp-json\/wp\/v2\/categories?post=25240"},{"taxonomy":"post_tag","embeddable":true,"href":"https:\/\/www.fundaciobarcelonaolimpica.es\/es\/wp-json\/wp\/v2\/tags?post=25240"}],"curies":[{"name":"wp","href":"https:\/\/api.w.org\/{rel}","templated":true}]}}