{"id":25672,"date":"2022-06-01T19:05:29","date_gmt":"2022-06-01T17:05:29","guid":{"rendered":"https:\/\/www.fundaciobarcelonaolimpica.es\/?p=25672"},"modified":"2022-06-02T10:20:10","modified_gmt":"2022-06-02T08:20:10","slug":"la-jornada-la-sostenibilidad-en-los-eventos-deportivos-desarrollo-sostenible-y-deporte","status":"publish","type":"post","link":"https:\/\/www.fundaciobarcelonaolimpica.es\/es\/la-jornada-la-sostenibilidad-en-los-eventos-deportivos-desarrollo-sostenible-y-deporte\/","title":{"rendered":"La jornada \u201cLa sostenibilidad en los eventos deportivos. Desarrollo Sostenible y Deporte\u201d"},"content":{"rendered":"<p>La jornada <strong>\u201cLa sostenibilidad en los eventos deportivos. Desarrollo Sostenible y Deporte\u201d del ciclo de conferencias \u201cEl Valor del deporte en el siglo XXI\u201d <\/strong>se ha realizado v\u00eda Streaming en las instalaciones del Museu Ol\u00edmpic y ha sido retransmitida a trav\u00e9s de la p\u00e1gina web <a href=\"http:\/\/www.museuolimpicbcn.cat\">www.museuolimpicbcn.cat<\/a> y del <a href=\"https:\/\/youtu.be\/aKNXoYWjNUw\">canal YouTube de la Fundaci\u00f3 Barcelona Ol\u00edmpica<\/a> donde lo pod\u00e9is volver a disfrutar de la jornada.<\/p>\n<p><strong>David Escud\u00e9<\/strong>, presidente de la Fundaci\u00f3 Barcelona Ol\u00edmpica y regidor de Deportes de Barcelona, ha sido el encargado de dar la bienvenida a esta nueva jornada de \u201cEl valor del deporte en el siglo XXI\u201d y ha destacado la importancia de estas jornadas, donde se ponen sobre la mesa temas de actualidad con profesionales del sector y la interacci\u00f3n directa de la ciudadan\u00eda a trav\u00e9s del chat.<\/p>\n<p>La jornada, coordinada por el periodista de TV3 Jordi Fandi\u00f1o, ha contado con las ponencias de <strong>M\u00f2nica Bosch<\/strong>, responsable candidatura Pirineus- Barcelona 2030; <strong>David Prieto<\/strong>, director de la Salomon Ultra Pirineu y, <strong>Gabriel Arranz<\/strong>, director de Promoci\u00f3n y Eventos Deportivos del Institut Barcelona Esports. Desde la fila 0 hemos contado con la colaboraci\u00f3n de <strong>Carles Gasol<\/strong>, director de projectos de In\u00e8dit, empresa del Parque de Investigaci\u00f3n de la UAB.<\/p>\n<p>El di\u00e1logo entre los ponentes y las intervenciones del p\u00fablico, tanto del Museu Ol\u00edmpic como de los participantes a trav\u00e9s del chat, han reforzado la idea del compromiso de la organizaci\u00f3n del evento.<\/p>\n<p>Es por ello que se ha destacado que la candidatura para los Juegos Ol\u00edmpicos y Paral\u00edmpicos de invierno Pirineus-Barcelona 2030 refuerza no solo las estrictas normativas y medidas impuestas por el Comit\u00e9 Internacional Ol\u00edmpico, sino tambi\u00e9n el deseo y la necesidad de mejorar el territorio de forma sostenible.<\/p>\n<p>M\u00f3nica Bosch ha destacado que la candidatura Pirineus-Barcelona 2030 es una oportunidad que no se puede dejar pasar, ya que nunca las acciones sobre un territorio van a estar bajo el prisma de tantas instituciones y organismos internacionales con inter\u00e9s en que las cosas salgan bien.<\/p>\n<p>Una conferencia muy interesante que puedes volver a ver <a href=\"https:\/\/youtu.be\/aKNXoYWjNUw\">AQU\u00cd<\/a><\/p>\n<p><strong>El ciclo de conferencias \u201cEl Valor del deporte en el siglo XXI\u201d est\u00e1 organizado por la Fundaci\u00f3 Barcelona Ol\u00edmpica en colaboraci\u00f3n con el Institut Barcelona Esports. <\/strong><\/p>\n<p><a href=\"https:\/\/www.fundaciobarcelonaolimpica.es\/es\/aceptar-newletter\/\"><strong>Inscr\u00edbete a nuestro bolet\u00edn de noticias para recibir informaci\u00f3n <\/strong><\/a><\/p>\n","protected":false},"excerpt":{"rendered":"<p>La jornada \u201cLa sostenibilidad en los eventos deportivos. Desarrollo Sostenible y Deporte\u201d del ciclo de conferencias \u201cEl Valor del deporte en el siglo XXI\u201d se ha realizado v\u00eda Streaming en las instalaciones del Museu Ol\u00edmpic y ha sido retransmitida a trav\u00e9s de la p\u00e1gina web www.museuolimpicbcn.cat y del canal YouTube de la Fundaci\u00f3 Barcelona Ol\u00edmpica [&hellip;]<\/p>\n","protected":false},"author":11,"featured_media":25702,"comment_status":"closed","ping_status":"closed","sticky":false,"template":"","format":"standard","meta":{"_acf_changed":false,"footnotes":""},"categories":[1],"tags":[],"class_list":["post-25672","post","type-post","status-publish","format-standard","has-post-thumbnail","hentry","category-sin-categorizar"],"acf":[],"yoast_head":"<!-- This site is optimized with the Yoast SEO plugin v23.7 - https:\/\/yoast.com\/wordpress\/plugins\/seo\/ -->\n<title>La jornada \u201cLa sostenibilidad en los eventos deportivos. Desarrollo Sostenible y Deporte\u201d - Fundaci\u00f3 Barcelona Ol\u00edmpica<\/title>\n<meta name=\"robots\" content=\"index, follow, max-snippet:-1, max-image-preview:large, max-video-preview:-1\" \/>\n<link rel=\"canonical\" href=\"https:\/\/www.fundaciobarcelonaolimpica.es\/es\/la-jornada-la-sostenibilidad-en-los-eventos-deportivos-desarrollo-sostenible-y-deporte\/\" \/>\n<meta property=\"og:locale\" content=\"es_ES\" \/>\n<meta property=\"og:type\" content=\"article\" \/>\n<meta property=\"og:title\" content=\"La jornada \u201cLa sostenibilidad en los eventos deportivos. Desarrollo Sostenible y Deporte\u201d - Fundaci\u00f3 Barcelona Ol\u00edmpica\" \/>\n<meta property=\"og:description\" content=\"La jornada \u201cLa sostenibilidad en los eventos deportivos. Desarrollo Sostenible y Deporte\u201d del ciclo de conferencias \u201cEl Valor del deporte en el siglo XXI\u201d se ha realizado v\u00eda Streaming en las instalaciones del Museu Ol\u00edmpic y ha sido retransmitida a trav\u00e9s de la p\u00e1gina web www.museuolimpicbcn.cat y del canal YouTube de la Fundaci\u00f3 Barcelona Ol\u00edmpica [&hellip;]\" \/>\n<meta property=\"og:url\" content=\"https:\/\/www.fundaciobarcelonaolimpica.es\/es\/la-jornada-la-sostenibilidad-en-los-eventos-deportivos-desarrollo-sostenible-y-deporte\/\" \/>\n<meta property=\"og:site_name\" content=\"Fundaci\u00f3 Barcelona Ol\u00edmpica\" \/>\n<meta property=\"article:published_time\" content=\"2022-06-01T17:05:29+00:00\" \/>\n<meta property=\"article:modified_time\" content=\"2022-06-02T08:20:10+00:00\" \/>\n<meta property=\"og:image\" content=\"https:\/\/www.fundaciobarcelonaolimpica.es\/wp-content\/uploads\/sites\/3\/2022\/06\/Esdeveniment-esportius-MuseuOlimpicBCN_11-scaled.jpg\" \/>\n\t<meta property=\"og:image:width\" content=\"2560\" \/>\n\t<meta property=\"og:image:height\" content=\"1707\" \/>\n\t<meta property=\"og:image:type\" content=\"image\/jpeg\" \/>\n<meta name=\"author\" content=\"Ibone\" \/>\n<meta name=\"twitter:card\" content=\"summary_large_image\" \/>\n<meta name=\"twitter:label1\" content=\"Escrito por\" \/>\n\t<meta name=\"twitter:data1\" content=\"Ibone\" \/>\n\t<meta name=\"twitter:label2\" content=\"Tiempo de lectura\" \/>\n\t<meta name=\"twitter:data2\" content=\"2 minutos\" \/>\n<script type=\"application\/ld+json\" class=\"yoast-schema-graph\">{\"@context\":\"https:\/\/schema.org\",\"@graph\":[{\"@type\":\"Article\",\"@id\":\"https:\/\/www.fundaciobarcelonaolimpica.es\/es\/la-jornada-la-sostenibilidad-en-los-eventos-deportivos-desarrollo-sostenible-y-deporte\/#article\",\"isPartOf\":{\"@id\":\"https:\/\/www.fundaciobarcelonaolimpica.es\/es\/la-jornada-la-sostenibilidad-en-los-eventos-deportivos-desarrollo-sostenible-y-deporte\/\"},\"author\":{\"name\":\"Ibone\",\"@id\":\"https:\/\/www.fundaciobarcelonaolimpica.es\/ca\/#\/schema\/person\/b792834a53f193977df425a499287aa9\"},\"headline\":\"La jornada \u201cLa sostenibilidad en los eventos deportivos. Desarrollo Sostenible y Deporte\u201d\",\"datePublished\":\"2022-06-01T17:05:29+00:00\",\"dateModified\":\"2022-06-02T08:20:10+00:00\",\"mainEntityOfPage\":{\"@id\":\"https:\/\/www.fundaciobarcelonaolimpica.es\/es\/la-jornada-la-sostenibilidad-en-los-eventos-deportivos-desarrollo-sostenible-y-deporte\/\"},\"wordCount\":414,\"publisher\":{\"@id\":\"https:\/\/www.fundaciobarcelonaolimpica.es\/ca\/#organization\"},\"image\":{\"@id\":\"https:\/\/www.fundaciobarcelonaolimpica.es\/es\/la-jornada-la-sostenibilidad-en-los-eventos-deportivos-desarrollo-sostenible-y-deporte\/#primaryimage\"},\"thumbnailUrl\":\"https:\/\/www.fundaciobarcelonaolimpica.es\/wp-content\/uploads\/sites\/3\/2022\/06\/Esdeveniment-esportius-MuseuOlimpicBCN_11-scaled.jpg\",\"articleSection\":[\"Sin categorizar\"],\"inLanguage\":\"es\"},{\"@type\":\"WebPage\",\"@id\":\"https:\/\/www.fundaciobarcelonaolimpica.es\/es\/la-jornada-la-sostenibilidad-en-los-eventos-deportivos-desarrollo-sostenible-y-deporte\/\",\"url\":\"https:\/\/www.fundaciobarcelonaolimpica.es\/es\/la-jornada-la-sostenibilidad-en-los-eventos-deportivos-desarrollo-sostenible-y-deporte\/\",\"name\":\"La jornada \u201cLa sostenibilidad en los eventos deportivos. Desarrollo Sostenible y Deporte\u201d - Fundaci\u00f3 Barcelona Ol\u00edmpica\",\"isPartOf\":{\"@id\":\"https:\/\/www.fundaciobarcelonaolimpica.es\/ca\/#website\"},\"primaryImageOfPage\":{\"@id\":\"https:\/\/www.fundaciobarcelonaolimpica.es\/es\/la-jornada-la-sostenibilidad-en-los-eventos-deportivos-desarrollo-sostenible-y-deporte\/#primaryimage\"},\"image\":{\"@id\":\"https:\/\/www.fundaciobarcelonaolimpica.es\/es\/la-jornada-la-sostenibilidad-en-los-eventos-deportivos-desarrollo-sostenible-y-deporte\/#primaryimage\"},\"thumbnailUrl\":\"https:\/\/www.fundaciobarcelonaolimpica.es\/wp-content\/uploads\/sites\/3\/2022\/06\/Esdeveniment-esportius-MuseuOlimpicBCN_11-scaled.jpg\",\"datePublished\":\"2022-06-01T17:05:29+00:00\",\"dateModified\":\"2022-06-02T08:20:10+00:00\",\"breadcrumb\":{\"@id\":\"https:\/\/www.fundaciobarcelonaolimpica.es\/es\/la-jornada-la-sostenibilidad-en-los-eventos-deportivos-desarrollo-sostenible-y-deporte\/#breadcrumb\"},\"inLanguage\":\"es\",\"potentialAction\":[{\"@type\":\"ReadAction\",\"target\":[\"https:\/\/www.fundaciobarcelonaolimpica.es\/es\/la-jornada-la-sostenibilidad-en-los-eventos-deportivos-desarrollo-sostenible-y-deporte\/\"]}]},{\"@type\":\"ImageObject\",\"inLanguage\":\"es\",\"@id\":\"https:\/\/www.fundaciobarcelonaolimpica.es\/es\/la-jornada-la-sostenibilidad-en-los-eventos-deportivos-desarrollo-sostenible-y-deporte\/#primaryimage\",\"url\":\"https:\/\/www.fundaciobarcelonaolimpica.es\/wp-content\/uploads\/sites\/3\/2022\/06\/Esdeveniment-esportius-MuseuOlimpicBCN_11-scaled.jpg\",\"contentUrl\":\"https:\/\/www.fundaciobarcelonaolimpica.es\/wp-content\/uploads\/sites\/3\/2022\/06\/Esdeveniment-esportius-MuseuOlimpicBCN_11-scaled.jpg\",\"width\":2560,\"height\":1707},{\"@type\":\"BreadcrumbList\",\"@id\":\"https:\/\/www.fundaciobarcelonaolimpica.es\/es\/la-jornada-la-sostenibilidad-en-los-eventos-deportivos-desarrollo-sostenible-y-deporte\/#breadcrumb\",\"itemListElement\":[{\"@type\":\"ListItem\",\"position\":1,\"name\":\"FBO\",\"item\":\"https:\/\/www.fundaciobarcelonaolimpica.es\/es\/\"},{\"@type\":\"ListItem\",\"position\":2,\"name\":\"La jornada \u201cLa sostenibilidad en los eventos deportivos. Desarrollo Sostenible y Deporte\u201d\"}]},{\"@type\":\"WebSite\",\"@id\":\"https:\/\/www.fundaciobarcelonaolimpica.es\/ca\/#website\",\"url\":\"https:\/\/www.fundaciobarcelonaolimpica.es\/ca\/\",\"name\":\"Fundaci\u00f3 Barcelona Ol\u00edmpica\",\"description\":\"Web del Museu Ol\u00edmpic i de l&#039;Esport\",\"publisher\":{\"@id\":\"https:\/\/www.fundaciobarcelonaolimpica.es\/ca\/#organization\"},\"potentialAction\":[{\"@type\":\"SearchAction\",\"target\":{\"@type\":\"EntryPoint\",\"urlTemplate\":\"https:\/\/www.fundaciobarcelonaolimpica.es\/ca\/?s={search_term_string}\"},\"query-input\":{\"@type\":\"PropertyValueSpecification\",\"valueRequired\":true,\"valueName\":\"search_term_string\"}}],\"inLanguage\":\"es\"},{\"@type\":\"Organization\",\"@id\":\"https:\/\/www.fundaciobarcelonaolimpica.es\/ca\/#organization\",\"name\":\"Fundaci\u00f3 Barcelona Ol\u00edmpica\",\"url\":\"https:\/\/www.fundaciobarcelonaolimpica.es\/ca\/\",\"logo\":{\"@type\":\"ImageObject\",\"inLanguage\":\"es\",\"@id\":\"https:\/\/www.fundaciobarcelonaolimpica.es\/ca\/#\/schema\/logo\/image\/\",\"url\":\"https:\/\/www.fundaciobarcelonaolimpica.es\/wp-content\/uploads\/sites\/3\/2019\/02\/logo-fundacio.svg\",\"contentUrl\":\"https:\/\/www.fundaciobarcelonaolimpica.es\/wp-content\/uploads\/sites\/3\/2019\/02\/logo-fundacio.svg\",\"caption\":\"Fundaci\u00f3 Barcelona Ol\u00edmpica\"},\"image\":{\"@id\":\"https:\/\/www.fundaciobarcelonaolimpica.es\/ca\/#\/schema\/logo\/image\/\"}},{\"@type\":\"Person\",\"@id\":\"https:\/\/www.fundaciobarcelonaolimpica.es\/ca\/#\/schema\/person\/b792834a53f193977df425a499287aa9\",\"name\":\"Ibone\",\"url\":\"https:\/\/www.fundaciobarcelonaolimpica.es\/es\/author\/fbolimpica\/\"}]}<\/script>\n<!-- \/ Yoast SEO plugin. -->","yoast_head_json":{"title":"La jornada \u201cLa sostenibilidad en los eventos deportivos. Desarrollo Sostenible y Deporte\u201d - Fundaci\u00f3 Barcelona Ol\u00edmpica","robots":{"index":"index","follow":"follow","max-snippet":"max-snippet:-1","max-image-preview":"max-image-preview:large","max-video-preview":"max-video-preview:-1"},"canonical":"https:\/\/www.fundaciobarcelonaolimpica.es\/es\/la-jornada-la-sostenibilidad-en-los-eventos-deportivos-desarrollo-sostenible-y-deporte\/","og_locale":"es_ES","og_type":"article","og_title":"La jornada \u201cLa sostenibilidad en los eventos deportivos. Desarrollo Sostenible y Deporte\u201d - Fundaci\u00f3 Barcelona Ol\u00edmpica","og_description":"La jornada \u201cLa sostenibilidad en los eventos deportivos. Desarrollo Sostenible y Deporte\u201d del ciclo de conferencias \u201cEl Valor del deporte en el siglo XXI\u201d se ha realizado v\u00eda Streaming en las instalaciones del Museu Ol\u00edmpic y ha sido retransmitida a trav\u00e9s de la p\u00e1gina web www.museuolimpicbcn.cat y del canal YouTube de la Fundaci\u00f3 Barcelona Ol\u00edmpica [&hellip;]","og_url":"https:\/\/www.fundaciobarcelonaolimpica.es\/es\/la-jornada-la-sostenibilidad-en-los-eventos-deportivos-desarrollo-sostenible-y-deporte\/","og_site_name":"Fundaci\u00f3 Barcelona Ol\u00edmpica","article_published_time":"2022-06-01T17:05:29+00:00","article_modified_time":"2022-06-02T08:20:10+00:00","og_image":[{"width":2560,"height":1707,"url":"https:\/\/www.fundaciobarcelonaolimpica.es\/wp-content\/uploads\/sites\/3\/2022\/06\/Esdeveniment-esportius-MuseuOlimpicBCN_11-scaled.jpg","type":"image\/jpeg"}],"author":"Ibone","twitter_card":"summary_large_image","twitter_misc":{"Escrito por":"Ibone","Tiempo de lectura":"2 minutos"},"schema":{"@context":"https:\/\/schema.org","@graph":[{"@type":"Article","@id":"https:\/\/www.fundaciobarcelonaolimpica.es\/es\/la-jornada-la-sostenibilidad-en-los-eventos-deportivos-desarrollo-sostenible-y-deporte\/#article","isPartOf":{"@id":"https:\/\/www.fundaciobarcelonaolimpica.es\/es\/la-jornada-la-sostenibilidad-en-los-eventos-deportivos-desarrollo-sostenible-y-deporte\/"},"author":{"name":"Ibone","@id":"https:\/\/www.fundaciobarcelonaolimpica.es\/ca\/#\/schema\/person\/b792834a53f193977df425a499287aa9"},"headline":"La jornada \u201cLa sostenibilidad en los eventos deportivos. Desarrollo Sostenible y Deporte\u201d","datePublished":"2022-06-01T17:05:29+00:00","dateModified":"2022-06-02T08:20:10+00:00","mainEntityOfPage":{"@id":"https:\/\/www.fundaciobarcelonaolimpica.es\/es\/la-jornada-la-sostenibilidad-en-los-eventos-deportivos-desarrollo-sostenible-y-deporte\/"},"wordCount":414,"publisher":{"@id":"https:\/\/www.fundaciobarcelonaolimpica.es\/ca\/#organization"},"image":{"@id":"https:\/\/www.fundaciobarcelonaolimpica.es\/es\/la-jornada-la-sostenibilidad-en-los-eventos-deportivos-desarrollo-sostenible-y-deporte\/#primaryimage"},"thumbnailUrl":"https:\/\/www.fundaciobarcelonaolimpica.es\/wp-content\/uploads\/sites\/3\/2022\/06\/Esdeveniment-esportius-MuseuOlimpicBCN_11-scaled.jpg","articleSection":["Sin categorizar"],"inLanguage":"es"},{"@type":"WebPage","@id":"https:\/\/www.fundaciobarcelonaolimpica.es\/es\/la-jornada-la-sostenibilidad-en-los-eventos-deportivos-desarrollo-sostenible-y-deporte\/","url":"https:\/\/www.fundaciobarcelonaolimpica.es\/es\/la-jornada-la-sostenibilidad-en-los-eventos-deportivos-desarrollo-sostenible-y-deporte\/","name":"La jornada \u201cLa sostenibilidad en los eventos deportivos. Desarrollo Sostenible y Deporte\u201d - Fundaci\u00f3 Barcelona Ol\u00edmpica","isPartOf":{"@id":"https:\/\/www.fundaciobarcelonaolimpica.es\/ca\/#website"},"primaryImageOfPage":{"@id":"https:\/\/www.fundaciobarcelonaolimpica.es\/es\/la-jornada-la-sostenibilidad-en-los-eventos-deportivos-desarrollo-sostenible-y-deporte\/#primaryimage"},"image":{"@id":"https:\/\/www.fundaciobarcelonaolimpica.es\/es\/la-jornada-la-sostenibilidad-en-los-eventos-deportivos-desarrollo-sostenible-y-deporte\/#primaryimage"},"thumbnailUrl":"https:\/\/www.fundaciobarcelonaolimpica.es\/wp-content\/uploads\/sites\/3\/2022\/06\/Esdeveniment-esportius-MuseuOlimpicBCN_11-scaled.jpg","datePublished":"2022-06-01T17:05:29+00:00","dateModified":"2022-06-02T08:20:10+00:00","breadcrumb":{"@id":"https:\/\/www.fundaciobarcelonaolimpica.es\/es\/la-jornada-la-sostenibilidad-en-los-eventos-deportivos-desarrollo-sostenible-y-deporte\/#breadcrumb"},"inLanguage":"es","potentialAction":[{"@type":"ReadAction","target":["https:\/\/www.fundaciobarcelonaolimpica.es\/es\/la-jornada-la-sostenibilidad-en-los-eventos-deportivos-desarrollo-sostenible-y-deporte\/"]}]},{"@type":"ImageObject","inLanguage":"es","@id":"https:\/\/www.fundaciobarcelonaolimpica.es\/es\/la-jornada-la-sostenibilidad-en-los-eventos-deportivos-desarrollo-sostenible-y-deporte\/#primaryimage","url":"https:\/\/www.fundaciobarcelonaolimpica.es\/wp-content\/uploads\/sites\/3\/2022\/06\/Esdeveniment-esportius-MuseuOlimpicBCN_11-scaled.jpg","contentUrl":"https:\/\/www.fundaciobarcelonaolimpica.es\/wp-content\/uploads\/sites\/3\/2022\/06\/Esdeveniment-esportius-MuseuOlimpicBCN_11-scaled.jpg","width":2560,"height":1707},{"@type":"BreadcrumbList","@id":"https:\/\/www.fundaciobarcelonaolimpica.es\/es\/la-jornada-la-sostenibilidad-en-los-eventos-deportivos-desarrollo-sostenible-y-deporte\/#breadcrumb","itemListElement":[{"@type":"ListItem","position":1,"name":"FBO","item":"https:\/\/www.fundaciobarcelonaolimpica.es\/es\/"},{"@type":"ListItem","position":2,"name":"La jornada \u201cLa sostenibilidad en los eventos deportivos. Desarrollo Sostenible y Deporte\u201d"}]},{"@type":"WebSite","@id":"https:\/\/www.fundaciobarcelonaolimpica.es\/ca\/#website","url":"https:\/\/www.fundaciobarcelonaolimpica.es\/ca\/","name":"Fundaci\u00f3 Barcelona Ol\u00edmpica","description":"Web del Museu Ol\u00edmpic i de l&#039;Esport","publisher":{"@id":"https:\/\/www.fundaciobarcelonaolimpica.es\/ca\/#organization"},"potentialAction":[{"@type":"SearchAction","target":{"@type":"EntryPoint","urlTemplate":"https:\/\/www.fundaciobarcelonaolimpica.es\/ca\/?s={search_term_string}"},"query-input":{"@type":"PropertyValueSpecification","valueRequired":true,"valueName":"search_term_string"}}],"inLanguage":"es"},{"@type":"Organization","@id":"https:\/\/www.fundaciobarcelonaolimpica.es\/ca\/#organization","name":"Fundaci\u00f3 Barcelona Ol\u00edmpica","url":"https:\/\/www.fundaciobarcelonaolimpica.es\/ca\/","logo":{"@type":"ImageObject","inLanguage":"es","@id":"https:\/\/www.fundaciobarcelonaolimpica.es\/ca\/#\/schema\/logo\/image\/","url":"https:\/\/www.fundaciobarcelonaolimpica.es\/wp-content\/uploads\/sites\/3\/2019\/02\/logo-fundacio.svg","contentUrl":"https:\/\/www.fundaciobarcelonaolimpica.es\/wp-content\/uploads\/sites\/3\/2019\/02\/logo-fundacio.svg","caption":"Fundaci\u00f3 Barcelona Ol\u00edmpica"},"image":{"@id":"https:\/\/www.fundaciobarcelonaolimpica.es\/ca\/#\/schema\/logo\/image\/"}},{"@type":"Person","@id":"https:\/\/www.fundaciobarcelonaolimpica.es\/ca\/#\/schema\/person\/b792834a53f193977df425a499287aa9","name":"Ibone","url":"https:\/\/www.fundaciobarcelonaolimpica.es\/es\/author\/fbolimpica\/"}]}},"_links":{"self":[{"href":"https:\/\/www.fundaciobarcelonaolimpica.es\/es\/wp-json\/wp\/v2\/posts\/25672"}],"collection":[{"href":"https:\/\/www.fundaciobarcelonaolimpica.es\/es\/wp-json\/wp\/v2\/posts"}],"about":[{"href":"https:\/\/www.fundaciobarcelonaolimpica.es\/es\/wp-json\/wp\/v2\/types\/post"}],"author":[{"embeddable":true,"href":"https:\/\/www.fundaciobarcelonaolimpica.es\/es\/wp-json\/wp\/v2\/users\/11"}],"replies":[{"embeddable":true,"href":"https:\/\/www.fundaciobarcelonaolimpica.es\/es\/wp-json\/wp\/v2\/comments?post=25672"}],"version-history":[{"count":6,"href":"https:\/\/www.fundaciobarcelonaolimpica.es\/es\/wp-json\/wp\/v2\/posts\/25672\/revisions"}],"predecessor-version":[{"id":25700,"href":"https:\/\/www.fundaciobarcelonaolimpica.es\/es\/wp-json\/wp\/v2\/posts\/25672\/revisions\/25700"}],"wp:featuredmedia":[{"embeddable":true,"href":"https:\/\/www.fundaciobarcelonaolimpica.es\/es\/wp-json\/wp\/v2\/media\/25702"}],"wp:attachment":[{"href":"https:\/\/www.fundaciobarcelonaolimpica.es\/es\/wp-json\/wp\/v2\/media?parent=25672"}],"wp:term":[{"taxonomy":"category","embeddable":true,"href":"https:\/\/www.fundaciobarcelonaolimpica.es\/es\/wp-json\/wp\/v2\/categories?post=25672"},{"taxonomy":"post_tag","embeddable":true,"href":"https:\/\/www.fundaciobarcelonaolimpica.es\/es\/wp-json\/wp\/v2\/tags?post=25672"}],"curies":[{"name":"wp","href":"https:\/\/api.w.org\/{rel}","templated":true}]}}