{"id":2575,"date":"2010-11-22T00:00:00","date_gmt":"2010-11-21T23:00:00","guid":{"rendered":"http:\/\/dev.fundaciobarcelonaolimpica.es\/el-museu-olimpic-i-de-lesport-joan-antoni-samaranch-acogio-la-jornada-de-mujer-y-deporte-del-i-master-en-derecho-del-deporte-organizado-por-el-ilustre-colegio-de-abogados-de-barcelona-icab\/"},"modified":"2010-11-22T00:00:00","modified_gmt":"2010-11-21T23:00:00","slug":"el-museu-olimpic-i-de-lesport-joan-antoni-samaranch-acogio-la-jornada-de-mujer-y-deporte-del-i-master-en-derecho-del-deporte-organizado-por-el-ilustre-colegio-de-abogados-de-barcelona-icab","status":"publish","type":"post","link":"https:\/\/www.fundaciobarcelonaolimpica.es\/es\/el-museu-olimpic-i-de-lesport-joan-antoni-samaranch-acogio-la-jornada-de-mujer-y-deporte-del-i-master-en-derecho-del-deporte-organizado-por-el-ilustre-colegio-de-abogados-de-barcelona-icab\/","title":{"rendered":"El Museu Ol\u00edmpic i de l\u2019Esport Joan Antoni Samaranch acogi\u00f3 la Jornada de Mujer y Deporte del I M\u00e1ster en Derecho del Deporte organizado por el Ilustre Colegio de Abogados de Barcelona ICAB."},"content":{"rendered":"<p>El objetivo de dicho seminario ha sido ofrecer una visi&oacute;n actual de la situaci&oacute;n de la mujer en el deporte, sus ventajas e inconvenientes, las necesidades que puedan existir, las diferencias con la posici&oacute;n de los hombres, aspectos relevantes, an&eacute;cdotas o la problem&aacute;tica que se genera cuando se termina la practica del deporte en activo.<\/p>\n<p>&nbsp;<\/p>\n","protected":false},"excerpt":{"rendered":"<p>El acto estuvo dirigido por Paloma del R&iacute;o, periodista y actualmente directora de Programas Deportivos de Televisi&oacute;n Espa&ntilde;ola y cont&oacute; con la participaci&oacute;n de Maria Teresa Samaranch, Presidenta de la Federaci&oacute;n Espa&ntilde;ola de Deportes de Hielo; Carme Mas, Presidenta de la Federaci&oacute; Catalana de Ciclisme; Susana Pal&eacute;s, ex Seleccionadora de Patinaje sobre Hielo y Eva Gayoso, subcampeona del mundo de P&aacute;del.<\/p>\n","protected":false},"author":1,"featured_media":0,"comment_status":"open","ping_status":"open","sticky":false,"template":"","format":"standard","meta":{"_acf_changed":false,"footnotes":""},"categories":[1],"tags":[],"class_list":["post-2575","post","type-post","status-publish","format-standard","hentry","category-sin-categorizar"],"acf":[],"yoast_head":"<!-- This site is optimized with the Yoast SEO plugin v23.7 - https:\/\/yoast.com\/wordpress\/plugins\/seo\/ -->\n<title>El Museu Ol\u00edmpic i de l\u2019Esport Joan Antoni Samaranch acogi\u00f3 la Jornada de Mujer y Deporte del I M\u00e1ster en Derecho del Deporte organizado por el Ilustre Colegio de Abogados de Barcelona ICAB. - Fundaci\u00f3 Barcelona Ol\u00edmpica<\/title>\n<meta name=\"robots\" content=\"index, follow, max-snippet:-1, max-image-preview:large, max-video-preview:-1\" \/>\n<link rel=\"canonical\" href=\"https:\/\/www.fundaciobarcelonaolimpica.es\/es\/el-museu-olimpic-i-de-lesport-joan-antoni-samaranch-acogio-la-jornada-de-mujer-y-deporte-del-i-master-en-derecho-del-deporte-organizado-por-el-ilustre-colegio-de-abogados-de-barcelona-icab\/\" \/>\n<meta property=\"og:locale\" content=\"es_ES\" \/>\n<meta property=\"og:type\" content=\"article\" \/>\n<meta property=\"og:title\" content=\"El Museu Ol\u00edmpic i de l\u2019Esport Joan Antoni Samaranch acogi\u00f3 la Jornada de Mujer y Deporte del I M\u00e1ster en Derecho del Deporte organizado por el Ilustre Colegio de Abogados de Barcelona ICAB. - Fundaci\u00f3 Barcelona Ol\u00edmpica\" \/>\n<meta property=\"og:description\" content=\"El acto estuvo dirigido por Paloma del R&iacute;o, periodista y actualmente directora de Programas Deportivos de Televisi&oacute;n Espa&ntilde;ola y cont&oacute; con la participaci&oacute;n de Maria Teresa Samaranch, Presidenta de la Federaci&oacute;n Espa&ntilde;ola de Deportes de Hielo; Carme Mas, Presidenta de la Federaci&oacute; Catalana de Ciclisme; Susana Pal&eacute;s, ex Seleccionadora de Patinaje sobre Hielo y Eva Gayoso, subcampeona del mundo de P&aacute;del.\" \/>\n<meta property=\"og:url\" content=\"https:\/\/www.fundaciobarcelonaolimpica.es\/es\/el-museu-olimpic-i-de-lesport-joan-antoni-samaranch-acogio-la-jornada-de-mujer-y-deporte-del-i-master-en-derecho-del-deporte-organizado-por-el-ilustre-colegio-de-abogados-de-barcelona-icab\/\" \/>\n<meta property=\"og:site_name\" content=\"Fundaci\u00f3 Barcelona Ol\u00edmpica\" \/>\n<meta property=\"article:published_time\" content=\"2010-11-21T23:00:00+00:00\" \/>\n<meta name=\"author\" content=\"useradmin\" \/>\n<meta name=\"twitter:card\" content=\"summary_large_image\" \/>\n<meta name=\"twitter:label1\" content=\"Escrito por\" \/>\n\t<meta name=\"twitter:data1\" content=\"useradmin\" \/>\n<script type=\"application\/ld+json\" class=\"yoast-schema-graph\">{\"@context\":\"https:\/\/schema.org\",\"@graph\":[{\"@type\":\"Article\",\"@id\":\"https:\/\/www.fundaciobarcelonaolimpica.es\/es\/el-museu-olimpic-i-de-lesport-joan-antoni-samaranch-acogio-la-jornada-de-mujer-y-deporte-del-i-master-en-derecho-del-deporte-organizado-por-el-ilustre-colegio-de-abogados-de-barcelona-icab\/#article\",\"isPartOf\":{\"@id\":\"https:\/\/www.fundaciobarcelonaolimpica.es\/es\/el-museu-olimpic-i-de-lesport-joan-antoni-samaranch-acogio-la-jornada-de-mujer-y-deporte-del-i-master-en-derecho-del-deporte-organizado-por-el-ilustre-colegio-de-abogados-de-barcelona-icab\/\"},\"author\":{\"name\":\"useradmin\",\"@id\":\"https:\/\/www.fundaciobarcelonaolimpica.es\/ca\/#\/schema\/person\/d05705664e87aa04c6ce53d48133fb39\"},\"headline\":\"El Museu Ol\u00edmpic i de l\u2019Esport Joan Antoni Samaranch acogi\u00f3 la Jornada de Mujer y Deporte del I M\u00e1ster en Derecho del Deporte organizado por el Ilustre Colegio de Abogados de Barcelona ICAB.\",\"datePublished\":\"2010-11-21T23:00:00+00:00\",\"dateModified\":\"2010-11-21T23:00:00+00:00\",\"mainEntityOfPage\":{\"@id\":\"https:\/\/www.fundaciobarcelonaolimpica.es\/es\/el-museu-olimpic-i-de-lesport-joan-antoni-samaranch-acogio-la-jornada-de-mujer-y-deporte-del-i-master-en-derecho-del-deporte-organizado-por-el-ilustre-colegio-de-abogados-de-barcelona-icab\/\"},\"wordCount\":102,\"commentCount\":11,\"publisher\":{\"@id\":\"https:\/\/www.fundaciobarcelonaolimpica.es\/ca\/#organization\"},\"articleSection\":[\"Sin categorizar\"],\"inLanguage\":\"es\",\"potentialAction\":[{\"@type\":\"CommentAction\",\"name\":\"Comment\",\"target\":[\"https:\/\/www.fundaciobarcelonaolimpica.es\/es\/el-museu-olimpic-i-de-lesport-joan-antoni-samaranch-acogio-la-jornada-de-mujer-y-deporte-del-i-master-en-derecho-del-deporte-organizado-por-el-ilustre-colegio-de-abogados-de-barcelona-icab\/#respond\"]}]},{\"@type\":\"WebPage\",\"@id\":\"https:\/\/www.fundaciobarcelonaolimpica.es\/es\/el-museu-olimpic-i-de-lesport-joan-antoni-samaranch-acogio-la-jornada-de-mujer-y-deporte-del-i-master-en-derecho-del-deporte-organizado-por-el-ilustre-colegio-de-abogados-de-barcelona-icab\/\",\"url\":\"https:\/\/www.fundaciobarcelonaolimpica.es\/es\/el-museu-olimpic-i-de-lesport-joan-antoni-samaranch-acogio-la-jornada-de-mujer-y-deporte-del-i-master-en-derecho-del-deporte-organizado-por-el-ilustre-colegio-de-abogados-de-barcelona-icab\/\",\"name\":\"El Museu Ol\u00edmpic i de l\u2019Esport Joan Antoni Samaranch acogi\u00f3 la Jornada de Mujer y Deporte del I M\u00e1ster en Derecho del Deporte organizado por el Ilustre Colegio de Abogados de Barcelona ICAB. - Fundaci\u00f3 Barcelona Ol\u00edmpica\",\"isPartOf\":{\"@id\":\"https:\/\/www.fundaciobarcelonaolimpica.es\/ca\/#website\"},\"datePublished\":\"2010-11-21T23:00:00+00:00\",\"dateModified\":\"2010-11-21T23:00:00+00:00\",\"breadcrumb\":{\"@id\":\"https:\/\/www.fundaciobarcelonaolimpica.es\/es\/el-museu-olimpic-i-de-lesport-joan-antoni-samaranch-acogio-la-jornada-de-mujer-y-deporte-del-i-master-en-derecho-del-deporte-organizado-por-el-ilustre-colegio-de-abogados-de-barcelona-icab\/#breadcrumb\"},\"inLanguage\":\"es\",\"potentialAction\":[{\"@type\":\"ReadAction\",\"target\":[\"https:\/\/www.fundaciobarcelonaolimpica.es\/es\/el-museu-olimpic-i-de-lesport-joan-antoni-samaranch-acogio-la-jornada-de-mujer-y-deporte-del-i-master-en-derecho-del-deporte-organizado-por-el-ilustre-colegio-de-abogados-de-barcelona-icab\/\"]}]},{\"@type\":\"BreadcrumbList\",\"@id\":\"https:\/\/www.fundaciobarcelonaolimpica.es\/es\/el-museu-olimpic-i-de-lesport-joan-antoni-samaranch-acogio-la-jornada-de-mujer-y-deporte-del-i-master-en-derecho-del-deporte-organizado-por-el-ilustre-colegio-de-abogados-de-barcelona-icab\/#breadcrumb\",\"itemListElement\":[{\"@type\":\"ListItem\",\"position\":1,\"name\":\"FBO\",\"item\":\"https:\/\/www.fundaciobarcelonaolimpica.es\/es\/\"},{\"@type\":\"ListItem\",\"position\":2,\"name\":\"El Museu Ol\u00edmpic i de l\u2019Esport Joan Antoni Samaranch acogi\u00f3 la Jornada de Mujer y Deporte del I M\u00e1ster en Derecho del Deporte organizado por el Ilustre Colegio de Abogados de Barcelona ICAB.\"}]},{\"@type\":\"WebSite\",\"@id\":\"https:\/\/www.fundaciobarcelonaolimpica.es\/ca\/#website\",\"url\":\"https:\/\/www.fundaciobarcelonaolimpica.es\/ca\/\",\"name\":\"Fundaci\u00f3 Barcelona Ol\u00edmpica\",\"description\":\"Web del Museu Ol\u00edmpic i de l&#039;Esport\",\"publisher\":{\"@id\":\"https:\/\/www.fundaciobarcelonaolimpica.es\/ca\/#organization\"},\"potentialAction\":[{\"@type\":\"SearchAction\",\"target\":{\"@type\":\"EntryPoint\",\"urlTemplate\":\"https:\/\/www.fundaciobarcelonaolimpica.es\/ca\/?s={search_term_string}\"},\"query-input\":{\"@type\":\"PropertyValueSpecification\",\"valueRequired\":true,\"valueName\":\"search_term_string\"}}],\"inLanguage\":\"es\"},{\"@type\":\"Organization\",\"@id\":\"https:\/\/www.fundaciobarcelonaolimpica.es\/ca\/#organization\",\"name\":\"Fundaci\u00f3 Barcelona Ol\u00edmpica\",\"url\":\"https:\/\/www.fundaciobarcelonaolimpica.es\/ca\/\",\"logo\":{\"@type\":\"ImageObject\",\"inLanguage\":\"es\",\"@id\":\"https:\/\/www.fundaciobarcelonaolimpica.es\/ca\/#\/schema\/logo\/image\/\",\"url\":\"https:\/\/www.fundaciobarcelonaolimpica.es\/wp-content\/uploads\/sites\/3\/2019\/02\/logo-fundacio.svg\",\"contentUrl\":\"https:\/\/www.fundaciobarcelonaolimpica.es\/wp-content\/uploads\/sites\/3\/2019\/02\/logo-fundacio.svg\",\"caption\":\"Fundaci\u00f3 Barcelona Ol\u00edmpica\"},\"image\":{\"@id\":\"https:\/\/www.fundaciobarcelonaolimpica.es\/ca\/#\/schema\/logo\/image\/\"}},{\"@type\":\"Person\",\"@id\":\"https:\/\/www.fundaciobarcelonaolimpica.es\/ca\/#\/schema\/person\/d05705664e87aa04c6ce53d48133fb39\",\"name\":\"useradmin\",\"url\":\"https:\/\/www.fundaciobarcelonaolimpica.es\/es\/author\/useradmin\/\"}]}<\/script>\n<!-- \/ Yoast SEO plugin. -->","yoast_head_json":{"title":"El Museu Ol\u00edmpic i de l\u2019Esport Joan Antoni Samaranch acogi\u00f3 la Jornada de Mujer y Deporte del I M\u00e1ster en Derecho del Deporte organizado por el Ilustre Colegio de Abogados de Barcelona ICAB. - Fundaci\u00f3 Barcelona Ol\u00edmpica","robots":{"index":"index","follow":"follow","max-snippet":"max-snippet:-1","max-image-preview":"max-image-preview:large","max-video-preview":"max-video-preview:-1"},"canonical":"https:\/\/www.fundaciobarcelonaolimpica.es\/es\/el-museu-olimpic-i-de-lesport-joan-antoni-samaranch-acogio-la-jornada-de-mujer-y-deporte-del-i-master-en-derecho-del-deporte-organizado-por-el-ilustre-colegio-de-abogados-de-barcelona-icab\/","og_locale":"es_ES","og_type":"article","og_title":"El Museu Ol\u00edmpic i de l\u2019Esport Joan Antoni Samaranch acogi\u00f3 la Jornada de Mujer y Deporte del I M\u00e1ster en Derecho del Deporte organizado por el Ilustre Colegio de Abogados de Barcelona ICAB. - Fundaci\u00f3 Barcelona Ol\u00edmpica","og_description":"El acto estuvo dirigido por Paloma del R&iacute;o, periodista y actualmente directora de Programas Deportivos de Televisi&oacute;n Espa&ntilde;ola y cont&oacute; con la participaci&oacute;n de Maria Teresa Samaranch, Presidenta de la Federaci&oacute;n Espa&ntilde;ola de Deportes de Hielo; Carme Mas, Presidenta de la Federaci&oacute; Catalana de Ciclisme; Susana Pal&eacute;s, ex Seleccionadora de Patinaje sobre Hielo y Eva Gayoso, subcampeona del mundo de P&aacute;del.","og_url":"https:\/\/www.fundaciobarcelonaolimpica.es\/es\/el-museu-olimpic-i-de-lesport-joan-antoni-samaranch-acogio-la-jornada-de-mujer-y-deporte-del-i-master-en-derecho-del-deporte-organizado-por-el-ilustre-colegio-de-abogados-de-barcelona-icab\/","og_site_name":"Fundaci\u00f3 Barcelona Ol\u00edmpica","article_published_time":"2010-11-21T23:00:00+00:00","author":"useradmin","twitter_card":"summary_large_image","twitter_misc":{"Escrito por":"useradmin"},"schema":{"@context":"https:\/\/schema.org","@graph":[{"@type":"Article","@id":"https:\/\/www.fundaciobarcelonaolimpica.es\/es\/el-museu-olimpic-i-de-lesport-joan-antoni-samaranch-acogio-la-jornada-de-mujer-y-deporte-del-i-master-en-derecho-del-deporte-organizado-por-el-ilustre-colegio-de-abogados-de-barcelona-icab\/#article","isPartOf":{"@id":"https:\/\/www.fundaciobarcelonaolimpica.es\/es\/el-museu-olimpic-i-de-lesport-joan-antoni-samaranch-acogio-la-jornada-de-mujer-y-deporte-del-i-master-en-derecho-del-deporte-organizado-por-el-ilustre-colegio-de-abogados-de-barcelona-icab\/"},"author":{"name":"useradmin","@id":"https:\/\/www.fundaciobarcelonaolimpica.es\/ca\/#\/schema\/person\/d05705664e87aa04c6ce53d48133fb39"},"headline":"El Museu Ol\u00edmpic i de l\u2019Esport Joan Antoni Samaranch acogi\u00f3 la Jornada de Mujer y Deporte del I M\u00e1ster en Derecho del Deporte organizado por el Ilustre Colegio de Abogados de Barcelona ICAB.","datePublished":"2010-11-21T23:00:00+00:00","dateModified":"2010-11-21T23:00:00+00:00","mainEntityOfPage":{"@id":"https:\/\/www.fundaciobarcelonaolimpica.es\/es\/el-museu-olimpic-i-de-lesport-joan-antoni-samaranch-acogio-la-jornada-de-mujer-y-deporte-del-i-master-en-derecho-del-deporte-organizado-por-el-ilustre-colegio-de-abogados-de-barcelona-icab\/"},"wordCount":102,"commentCount":11,"publisher":{"@id":"https:\/\/www.fundaciobarcelonaolimpica.es\/ca\/#organization"},"articleSection":["Sin categorizar"],"inLanguage":"es","potentialAction":[{"@type":"CommentAction","name":"Comment","target":["https:\/\/www.fundaciobarcelonaolimpica.es\/es\/el-museu-olimpic-i-de-lesport-joan-antoni-samaranch-acogio-la-jornada-de-mujer-y-deporte-del-i-master-en-derecho-del-deporte-organizado-por-el-ilustre-colegio-de-abogados-de-barcelona-icab\/#respond"]}]},{"@type":"WebPage","@id":"https:\/\/www.fundaciobarcelonaolimpica.es\/es\/el-museu-olimpic-i-de-lesport-joan-antoni-samaranch-acogio-la-jornada-de-mujer-y-deporte-del-i-master-en-derecho-del-deporte-organizado-por-el-ilustre-colegio-de-abogados-de-barcelona-icab\/","url":"https:\/\/www.fundaciobarcelonaolimpica.es\/es\/el-museu-olimpic-i-de-lesport-joan-antoni-samaranch-acogio-la-jornada-de-mujer-y-deporte-del-i-master-en-derecho-del-deporte-organizado-por-el-ilustre-colegio-de-abogados-de-barcelona-icab\/","name":"El Museu Ol\u00edmpic i de l\u2019Esport Joan Antoni Samaranch acogi\u00f3 la Jornada de Mujer y Deporte del I M\u00e1ster en Derecho del Deporte organizado por el Ilustre Colegio de Abogados de Barcelona ICAB. - Fundaci\u00f3 Barcelona Ol\u00edmpica","isPartOf":{"@id":"https:\/\/www.fundaciobarcelonaolimpica.es\/ca\/#website"},"datePublished":"2010-11-21T23:00:00+00:00","dateModified":"2010-11-21T23:00:00+00:00","breadcrumb":{"@id":"https:\/\/www.fundaciobarcelonaolimpica.es\/es\/el-museu-olimpic-i-de-lesport-joan-antoni-samaranch-acogio-la-jornada-de-mujer-y-deporte-del-i-master-en-derecho-del-deporte-organizado-por-el-ilustre-colegio-de-abogados-de-barcelona-icab\/#breadcrumb"},"inLanguage":"es","potentialAction":[{"@type":"ReadAction","target":["https:\/\/www.fundaciobarcelonaolimpica.es\/es\/el-museu-olimpic-i-de-lesport-joan-antoni-samaranch-acogio-la-jornada-de-mujer-y-deporte-del-i-master-en-derecho-del-deporte-organizado-por-el-ilustre-colegio-de-abogados-de-barcelona-icab\/"]}]},{"@type":"BreadcrumbList","@id":"https:\/\/www.fundaciobarcelonaolimpica.es\/es\/el-museu-olimpic-i-de-lesport-joan-antoni-samaranch-acogio-la-jornada-de-mujer-y-deporte-del-i-master-en-derecho-del-deporte-organizado-por-el-ilustre-colegio-de-abogados-de-barcelona-icab\/#breadcrumb","itemListElement":[{"@type":"ListItem","position":1,"name":"FBO","item":"https:\/\/www.fundaciobarcelonaolimpica.es\/es\/"},{"@type":"ListItem","position":2,"name":"El Museu Ol\u00edmpic i de l\u2019Esport Joan Antoni Samaranch acogi\u00f3 la Jornada de Mujer y Deporte del I M\u00e1ster en Derecho del Deporte organizado por el Ilustre Colegio de Abogados de Barcelona ICAB."}]},{"@type":"WebSite","@id":"https:\/\/www.fundaciobarcelonaolimpica.es\/ca\/#website","url":"https:\/\/www.fundaciobarcelonaolimpica.es\/ca\/","name":"Fundaci\u00f3 Barcelona Ol\u00edmpica","description":"Web del Museu Ol\u00edmpic i de l&#039;Esport","publisher":{"@id":"https:\/\/www.fundaciobarcelonaolimpica.es\/ca\/#organization"},"potentialAction":[{"@type":"SearchAction","target":{"@type":"EntryPoint","urlTemplate":"https:\/\/www.fundaciobarcelonaolimpica.es\/ca\/?s={search_term_string}"},"query-input":{"@type":"PropertyValueSpecification","valueRequired":true,"valueName":"search_term_string"}}],"inLanguage":"es"},{"@type":"Organization","@id":"https:\/\/www.fundaciobarcelonaolimpica.es\/ca\/#organization","name":"Fundaci\u00f3 Barcelona Ol\u00edmpica","url":"https:\/\/www.fundaciobarcelonaolimpica.es\/ca\/","logo":{"@type":"ImageObject","inLanguage":"es","@id":"https:\/\/www.fundaciobarcelonaolimpica.es\/ca\/#\/schema\/logo\/image\/","url":"https:\/\/www.fundaciobarcelonaolimpica.es\/wp-content\/uploads\/sites\/3\/2019\/02\/logo-fundacio.svg","contentUrl":"https:\/\/www.fundaciobarcelonaolimpica.es\/wp-content\/uploads\/sites\/3\/2019\/02\/logo-fundacio.svg","caption":"Fundaci\u00f3 Barcelona Ol\u00edmpica"},"image":{"@id":"https:\/\/www.fundaciobarcelonaolimpica.es\/ca\/#\/schema\/logo\/image\/"}},{"@type":"Person","@id":"https:\/\/www.fundaciobarcelonaolimpica.es\/ca\/#\/schema\/person\/d05705664e87aa04c6ce53d48133fb39","name":"useradmin","url":"https:\/\/www.fundaciobarcelonaolimpica.es\/es\/author\/useradmin\/"}]}},"_links":{"self":[{"href":"https:\/\/www.fundaciobarcelonaolimpica.es\/es\/wp-json\/wp\/v2\/posts\/2575"}],"collection":[{"href":"https:\/\/www.fundaciobarcelonaolimpica.es\/es\/wp-json\/wp\/v2\/posts"}],"about":[{"href":"https:\/\/www.fundaciobarcelonaolimpica.es\/es\/wp-json\/wp\/v2\/types\/post"}],"author":[{"embeddable":true,"href":"https:\/\/www.fundaciobarcelonaolimpica.es\/es\/wp-json\/wp\/v2\/users\/1"}],"replies":[{"embeddable":true,"href":"https:\/\/www.fundaciobarcelonaolimpica.es\/es\/wp-json\/wp\/v2\/comments?post=2575"}],"version-history":[{"count":0,"href":"https:\/\/www.fundaciobarcelonaolimpica.es\/es\/wp-json\/wp\/v2\/posts\/2575\/revisions"}],"wp:attachment":[{"href":"https:\/\/www.fundaciobarcelonaolimpica.es\/es\/wp-json\/wp\/v2\/media?parent=2575"}],"wp:term":[{"taxonomy":"category","embeddable":true,"href":"https:\/\/www.fundaciobarcelonaolimpica.es\/es\/wp-json\/wp\/v2\/categories?post=2575"},{"taxonomy":"post_tag","embeddable":true,"href":"https:\/\/www.fundaciobarcelonaolimpica.es\/es\/wp-json\/wp\/v2\/tags?post=2575"}],"curies":[{"name":"wp","href":"https:\/\/api.w.org\/{rel}","templated":true}]}}