{"id":26119,"date":"2022-10-03T10:58:45","date_gmt":"2022-10-03T08:58:45","guid":{"rendered":"https:\/\/www.fundaciobarcelonaolimpica.es\/?p=26119"},"modified":"2022-10-03T10:58:45","modified_gmt":"2022-10-03T08:58:45","slug":"ya-tenemos-los-finalistas-para-la-xi-edicion-del-premio-internacional-fundacio-barcelona-olimpica-arte-sobre-papel","status":"publish","type":"post","link":"https:\/\/www.fundaciobarcelonaolimpica.es\/es\/ya-tenemos-los-finalistas-para-la-xi-edicion-del-premio-internacional-fundacio-barcelona-olimpica-arte-sobre-papel\/","title":{"rendered":"Ya tenemos los finalistas para la XI Edici\u00f3n del Premio Internacional Fundaci\u00f3 Barcelona Ol\u00edmpica &#8211; Arte Sobre Papel"},"content":{"rendered":"<p>Reunido el jurado formado por:<\/p>\n<ul>\n<li>Rom\u00e0 Arranz, profesor de la Escola Massana, Centre d\u2019Art i Disseny.<\/li>\n<li>Raquel Medina, cr\u00edtica de arte y miembro de ACCA-AICA.<\/li>\n<li>Ver\u00f3nica Trillo, miembro de la Federaci\u00f3n Espa\u00f1ola de Patinaje.<\/li>\n<li>V\u00e0ngelis Villar, miembro de la Fundaci\u00f3 Barcelona Ol\u00edmpica.<\/li>\n<li>Francesc Terr\u00f3n, director de la Fundaci\u00f3 Barcelona Ol\u00edmpica i del Museu Ol\u00edmpic i de l\u2019Esport.<\/li>\n<\/ul>\n<p>Se han seleccionado 12 obras finalistas de las 43 recibidas procedentes de 7 nacionalidades diferentes.<\/p>\n<p>Una vez recibidas las obras f\u00edsicamente el jurado se reunir\u00e1 de nuevo para determinar las ganadoras.<\/p>\n<p>En la convocatoria del premio especial Arte sobre Skate, con 1000\u20ac en premios, se han recibido 6 skates y se han seleccionado 4. Tambi\u00e9n estar\u00e1n expuestos en la exposici\u00f3n temporal que se llevar\u00e1 a cabo el primer trimestre de 2023, en el Museu Ol\u00edmpic i de l\u2019Esport JA Samaranch.<\/p>\n","protected":false},"excerpt":{"rendered":"<p>Reunido el jurado formado por: Rom\u00e0 Arranz, profesor de la Escola Massana, Centre d\u2019Art i Disseny. Raquel Medina, cr\u00edtica de arte y miembro de ACCA-AICA. Ver\u00f3nica Trillo, miembro de la Federaci\u00f3n Espa\u00f1ola de Patinaje. V\u00e0ngelis Villar, miembro de la Fundaci\u00f3 Barcelona Ol\u00edmpica. Francesc Terr\u00f3n, director de la Fundaci\u00f3 Barcelona Ol\u00edmpica i del Museu Ol\u00edmpic i [&hellip;]<\/p>\n","protected":false},"author":11,"featured_media":26120,"comment_status":"closed","ping_status":"closed","sticky":false,"template":"","format":"standard","meta":{"_acf_changed":false,"footnotes":""},"categories":[1],"tags":[],"class_list":["post-26119","post","type-post","status-publish","format-standard","has-post-thumbnail","hentry","category-sin-categorizar"],"acf":[],"yoast_head":"<!-- This site is optimized with the Yoast SEO plugin v23.7 - https:\/\/yoast.com\/wordpress\/plugins\/seo\/ -->\n<title>Ya tenemos los finalistas para la XI Edici\u00f3n del Premio Internacional Fundaci\u00f3 Barcelona Ol\u00edmpica - Arte Sobre Papel - Fundaci\u00f3 Barcelona Ol\u00edmpica<\/title>\n<meta name=\"robots\" content=\"index, follow, max-snippet:-1, max-image-preview:large, max-video-preview:-1\" \/>\n<link rel=\"canonical\" href=\"https:\/\/www.fundaciobarcelonaolimpica.es\/es\/ya-tenemos-los-finalistas-para-la-xi-edicion-del-premio-internacional-fundacio-barcelona-olimpica-arte-sobre-papel\/\" \/>\n<meta property=\"og:locale\" content=\"es_ES\" \/>\n<meta property=\"og:type\" content=\"article\" \/>\n<meta property=\"og:title\" content=\"Ya tenemos los finalistas para la XI Edici\u00f3n del Premio Internacional Fundaci\u00f3 Barcelona Ol\u00edmpica - Arte Sobre Papel - Fundaci\u00f3 Barcelona Ol\u00edmpica\" \/>\n<meta property=\"og:description\" content=\"Reunido el jurado formado por: Rom\u00e0 Arranz, profesor de la Escola Massana, Centre d\u2019Art i Disseny. Raquel Medina, cr\u00edtica de arte y miembro de ACCA-AICA. Ver\u00f3nica Trillo, miembro de la Federaci\u00f3n Espa\u00f1ola de Patinaje. V\u00e0ngelis Villar, miembro de la Fundaci\u00f3 Barcelona Ol\u00edmpica. Francesc Terr\u00f3n, director de la Fundaci\u00f3 Barcelona Ol\u00edmpica i del Museu Ol\u00edmpic i [&hellip;]\" \/>\n<meta property=\"og:url\" content=\"https:\/\/www.fundaciobarcelonaolimpica.es\/es\/ya-tenemos-los-finalistas-para-la-xi-edicion-del-premio-internacional-fundacio-barcelona-olimpica-arte-sobre-papel\/\" \/>\n<meta property=\"og:site_name\" content=\"Fundaci\u00f3 Barcelona Ol\u00edmpica\" \/>\n<meta property=\"article:published_time\" content=\"2022-10-03T08:58:45+00:00\" \/>\n<meta property=\"og:image\" content=\"https:\/\/www.fundaciobarcelonaolimpica.es\/wp-content\/uploads\/sites\/3\/2022\/10\/Art-sobre-papel-MusueOlimpicBCN_1.jpg\" \/>\n\t<meta property=\"og:image:width\" content=\"1910\" \/>\n\t<meta property=\"og:image:height\" content=\"923\" \/>\n\t<meta property=\"og:image:type\" content=\"image\/jpeg\" \/>\n<meta name=\"author\" content=\"Ibone\" \/>\n<meta name=\"twitter:card\" content=\"summary_large_image\" \/>\n<meta name=\"twitter:label1\" content=\"Escrito por\" \/>\n\t<meta name=\"twitter:data1\" content=\"Ibone\" \/>\n\t<meta name=\"twitter:label2\" content=\"Tiempo de lectura\" \/>\n\t<meta name=\"twitter:data2\" content=\"1 minuto\" \/>\n<script type=\"application\/ld+json\" class=\"yoast-schema-graph\">{\"@context\":\"https:\/\/schema.org\",\"@graph\":[{\"@type\":\"Article\",\"@id\":\"https:\/\/www.fundaciobarcelonaolimpica.es\/es\/ya-tenemos-los-finalistas-para-la-xi-edicion-del-premio-internacional-fundacio-barcelona-olimpica-arte-sobre-papel\/#article\",\"isPartOf\":{\"@id\":\"https:\/\/www.fundaciobarcelonaolimpica.es\/es\/ya-tenemos-los-finalistas-para-la-xi-edicion-del-premio-internacional-fundacio-barcelona-olimpica-arte-sobre-papel\/\"},\"author\":{\"name\":\"Ibone\",\"@id\":\"https:\/\/www.fundaciobarcelonaolimpica.es\/ca\/#\/schema\/person\/b792834a53f193977df425a499287aa9\"},\"headline\":\"Ya tenemos los finalistas para la XI Edici\u00f3n del Premio Internacional Fundaci\u00f3 Barcelona Ol\u00edmpica &#8211; Arte Sobre Papel\",\"datePublished\":\"2022-10-03T08:58:45+00:00\",\"dateModified\":\"2022-10-03T08:58:45+00:00\",\"mainEntityOfPage\":{\"@id\":\"https:\/\/www.fundaciobarcelonaolimpica.es\/es\/ya-tenemos-los-finalistas-para-la-xi-edicion-del-premio-internacional-fundacio-barcelona-olimpica-arte-sobre-papel\/\"},\"wordCount\":167,\"publisher\":{\"@id\":\"https:\/\/www.fundaciobarcelonaolimpica.es\/ca\/#organization\"},\"image\":{\"@id\":\"https:\/\/www.fundaciobarcelonaolimpica.es\/es\/ya-tenemos-los-finalistas-para-la-xi-edicion-del-premio-internacional-fundacio-barcelona-olimpica-arte-sobre-papel\/#primaryimage\"},\"thumbnailUrl\":\"https:\/\/www.fundaciobarcelonaolimpica.es\/wp-content\/uploads\/sites\/3\/2022\/10\/Art-sobre-papel-MusueOlimpicBCN_1.jpg\",\"articleSection\":[\"Sin categorizar\"],\"inLanguage\":\"es\"},{\"@type\":\"WebPage\",\"@id\":\"https:\/\/www.fundaciobarcelonaolimpica.es\/es\/ya-tenemos-los-finalistas-para-la-xi-edicion-del-premio-internacional-fundacio-barcelona-olimpica-arte-sobre-papel\/\",\"url\":\"https:\/\/www.fundaciobarcelonaolimpica.es\/es\/ya-tenemos-los-finalistas-para-la-xi-edicion-del-premio-internacional-fundacio-barcelona-olimpica-arte-sobre-papel\/\",\"name\":\"Ya tenemos los finalistas para la XI Edici\u00f3n del Premio Internacional Fundaci\u00f3 Barcelona Ol\u00edmpica - Arte Sobre Papel - Fundaci\u00f3 Barcelona Ol\u00edmpica\",\"isPartOf\":{\"@id\":\"https:\/\/www.fundaciobarcelonaolimpica.es\/ca\/#website\"},\"primaryImageOfPage\":{\"@id\":\"https:\/\/www.fundaciobarcelonaolimpica.es\/es\/ya-tenemos-los-finalistas-para-la-xi-edicion-del-premio-internacional-fundacio-barcelona-olimpica-arte-sobre-papel\/#primaryimage\"},\"image\":{\"@id\":\"https:\/\/www.fundaciobarcelonaolimpica.es\/es\/ya-tenemos-los-finalistas-para-la-xi-edicion-del-premio-internacional-fundacio-barcelona-olimpica-arte-sobre-papel\/#primaryimage\"},\"thumbnailUrl\":\"https:\/\/www.fundaciobarcelonaolimpica.es\/wp-content\/uploads\/sites\/3\/2022\/10\/Art-sobre-papel-MusueOlimpicBCN_1.jpg\",\"datePublished\":\"2022-10-03T08:58:45+00:00\",\"dateModified\":\"2022-10-03T08:58:45+00:00\",\"breadcrumb\":{\"@id\":\"https:\/\/www.fundaciobarcelonaolimpica.es\/es\/ya-tenemos-los-finalistas-para-la-xi-edicion-del-premio-internacional-fundacio-barcelona-olimpica-arte-sobre-papel\/#breadcrumb\"},\"inLanguage\":\"es\",\"potentialAction\":[{\"@type\":\"ReadAction\",\"target\":[\"https:\/\/www.fundaciobarcelonaolimpica.es\/es\/ya-tenemos-los-finalistas-para-la-xi-edicion-del-premio-internacional-fundacio-barcelona-olimpica-arte-sobre-papel\/\"]}]},{\"@type\":\"ImageObject\",\"inLanguage\":\"es\",\"@id\":\"https:\/\/www.fundaciobarcelonaolimpica.es\/es\/ya-tenemos-los-finalistas-para-la-xi-edicion-del-premio-internacional-fundacio-barcelona-olimpica-arte-sobre-papel\/#primaryimage\",\"url\":\"https:\/\/www.fundaciobarcelonaolimpica.es\/wp-content\/uploads\/sites\/3\/2022\/10\/Art-sobre-papel-MusueOlimpicBCN_1.jpg\",\"contentUrl\":\"https:\/\/www.fundaciobarcelonaolimpica.es\/wp-content\/uploads\/sites\/3\/2022\/10\/Art-sobre-papel-MusueOlimpicBCN_1.jpg\",\"width\":1910,\"height\":923},{\"@type\":\"BreadcrumbList\",\"@id\":\"https:\/\/www.fundaciobarcelonaolimpica.es\/es\/ya-tenemos-los-finalistas-para-la-xi-edicion-del-premio-internacional-fundacio-barcelona-olimpica-arte-sobre-papel\/#breadcrumb\",\"itemListElement\":[{\"@type\":\"ListItem\",\"position\":1,\"name\":\"FBO\",\"item\":\"https:\/\/www.fundaciobarcelonaolimpica.es\/es\/\"},{\"@type\":\"ListItem\",\"position\":2,\"name\":\"Ya tenemos los finalistas para la XI Edici\u00f3n del Premio Internacional Fundaci\u00f3 Barcelona Ol\u00edmpica &#8211; Arte Sobre Papel\"}]},{\"@type\":\"WebSite\",\"@id\":\"https:\/\/www.fundaciobarcelonaolimpica.es\/ca\/#website\",\"url\":\"https:\/\/www.fundaciobarcelonaolimpica.es\/ca\/\",\"name\":\"Fundaci\u00f3 Barcelona Ol\u00edmpica\",\"description\":\"Web del Museu Ol\u00edmpic i de l&#039;Esport\",\"publisher\":{\"@id\":\"https:\/\/www.fundaciobarcelonaolimpica.es\/ca\/#organization\"},\"potentialAction\":[{\"@type\":\"SearchAction\",\"target\":{\"@type\":\"EntryPoint\",\"urlTemplate\":\"https:\/\/www.fundaciobarcelonaolimpica.es\/ca\/?s={search_term_string}\"},\"query-input\":{\"@type\":\"PropertyValueSpecification\",\"valueRequired\":true,\"valueName\":\"search_term_string\"}}],\"inLanguage\":\"es\"},{\"@type\":\"Organization\",\"@id\":\"https:\/\/www.fundaciobarcelonaolimpica.es\/ca\/#organization\",\"name\":\"Fundaci\u00f3 Barcelona Ol\u00edmpica\",\"url\":\"https:\/\/www.fundaciobarcelonaolimpica.es\/ca\/\",\"logo\":{\"@type\":\"ImageObject\",\"inLanguage\":\"es\",\"@id\":\"https:\/\/www.fundaciobarcelonaolimpica.es\/ca\/#\/schema\/logo\/image\/\",\"url\":\"https:\/\/www.fundaciobarcelonaolimpica.es\/wp-content\/uploads\/sites\/3\/2019\/02\/logo-fundacio.svg\",\"contentUrl\":\"https:\/\/www.fundaciobarcelonaolimpica.es\/wp-content\/uploads\/sites\/3\/2019\/02\/logo-fundacio.svg\",\"caption\":\"Fundaci\u00f3 Barcelona Ol\u00edmpica\"},\"image\":{\"@id\":\"https:\/\/www.fundaciobarcelonaolimpica.es\/ca\/#\/schema\/logo\/image\/\"}},{\"@type\":\"Person\",\"@id\":\"https:\/\/www.fundaciobarcelonaolimpica.es\/ca\/#\/schema\/person\/b792834a53f193977df425a499287aa9\",\"name\":\"Ibone\",\"url\":\"https:\/\/www.fundaciobarcelonaolimpica.es\/es\/author\/fbolimpica\/\"}]}<\/script>\n<!-- \/ Yoast SEO plugin. -->","yoast_head_json":{"title":"Ya tenemos los finalistas para la XI Edici\u00f3n del Premio Internacional Fundaci\u00f3 Barcelona Ol\u00edmpica - Arte Sobre Papel - Fundaci\u00f3 Barcelona Ol\u00edmpica","robots":{"index":"index","follow":"follow","max-snippet":"max-snippet:-1","max-image-preview":"max-image-preview:large","max-video-preview":"max-video-preview:-1"},"canonical":"https:\/\/www.fundaciobarcelonaolimpica.es\/es\/ya-tenemos-los-finalistas-para-la-xi-edicion-del-premio-internacional-fundacio-barcelona-olimpica-arte-sobre-papel\/","og_locale":"es_ES","og_type":"article","og_title":"Ya tenemos los finalistas para la XI Edici\u00f3n del Premio Internacional Fundaci\u00f3 Barcelona Ol\u00edmpica - Arte Sobre Papel - Fundaci\u00f3 Barcelona Ol\u00edmpica","og_description":"Reunido el jurado formado por: Rom\u00e0 Arranz, profesor de la Escola Massana, Centre d\u2019Art i Disseny. Raquel Medina, cr\u00edtica de arte y miembro de ACCA-AICA. Ver\u00f3nica Trillo, miembro de la Federaci\u00f3n Espa\u00f1ola de Patinaje. V\u00e0ngelis Villar, miembro de la Fundaci\u00f3 Barcelona Ol\u00edmpica. Francesc Terr\u00f3n, director de la Fundaci\u00f3 Barcelona Ol\u00edmpica i del Museu Ol\u00edmpic i [&hellip;]","og_url":"https:\/\/www.fundaciobarcelonaolimpica.es\/es\/ya-tenemos-los-finalistas-para-la-xi-edicion-del-premio-internacional-fundacio-barcelona-olimpica-arte-sobre-papel\/","og_site_name":"Fundaci\u00f3 Barcelona Ol\u00edmpica","article_published_time":"2022-10-03T08:58:45+00:00","og_image":[{"width":1910,"height":923,"url":"https:\/\/www.fundaciobarcelonaolimpica.es\/wp-content\/uploads\/sites\/3\/2022\/10\/Art-sobre-papel-MusueOlimpicBCN_1.jpg","type":"image\/jpeg"}],"author":"Ibone","twitter_card":"summary_large_image","twitter_misc":{"Escrito por":"Ibone","Tiempo de lectura":"1 minuto"},"schema":{"@context":"https:\/\/schema.org","@graph":[{"@type":"Article","@id":"https:\/\/www.fundaciobarcelonaolimpica.es\/es\/ya-tenemos-los-finalistas-para-la-xi-edicion-del-premio-internacional-fundacio-barcelona-olimpica-arte-sobre-papel\/#article","isPartOf":{"@id":"https:\/\/www.fundaciobarcelonaolimpica.es\/es\/ya-tenemos-los-finalistas-para-la-xi-edicion-del-premio-internacional-fundacio-barcelona-olimpica-arte-sobre-papel\/"},"author":{"name":"Ibone","@id":"https:\/\/www.fundaciobarcelonaolimpica.es\/ca\/#\/schema\/person\/b792834a53f193977df425a499287aa9"},"headline":"Ya tenemos los finalistas para la XI Edici\u00f3n del Premio Internacional Fundaci\u00f3 Barcelona Ol\u00edmpica &#8211; Arte Sobre Papel","datePublished":"2022-10-03T08:58:45+00:00","dateModified":"2022-10-03T08:58:45+00:00","mainEntityOfPage":{"@id":"https:\/\/www.fundaciobarcelonaolimpica.es\/es\/ya-tenemos-los-finalistas-para-la-xi-edicion-del-premio-internacional-fundacio-barcelona-olimpica-arte-sobre-papel\/"},"wordCount":167,"publisher":{"@id":"https:\/\/www.fundaciobarcelonaolimpica.es\/ca\/#organization"},"image":{"@id":"https:\/\/www.fundaciobarcelonaolimpica.es\/es\/ya-tenemos-los-finalistas-para-la-xi-edicion-del-premio-internacional-fundacio-barcelona-olimpica-arte-sobre-papel\/#primaryimage"},"thumbnailUrl":"https:\/\/www.fundaciobarcelonaolimpica.es\/wp-content\/uploads\/sites\/3\/2022\/10\/Art-sobre-papel-MusueOlimpicBCN_1.jpg","articleSection":["Sin categorizar"],"inLanguage":"es"},{"@type":"WebPage","@id":"https:\/\/www.fundaciobarcelonaolimpica.es\/es\/ya-tenemos-los-finalistas-para-la-xi-edicion-del-premio-internacional-fundacio-barcelona-olimpica-arte-sobre-papel\/","url":"https:\/\/www.fundaciobarcelonaolimpica.es\/es\/ya-tenemos-los-finalistas-para-la-xi-edicion-del-premio-internacional-fundacio-barcelona-olimpica-arte-sobre-papel\/","name":"Ya tenemos los finalistas para la XI Edici\u00f3n del Premio Internacional Fundaci\u00f3 Barcelona Ol\u00edmpica - Arte Sobre Papel - Fundaci\u00f3 Barcelona Ol\u00edmpica","isPartOf":{"@id":"https:\/\/www.fundaciobarcelonaolimpica.es\/ca\/#website"},"primaryImageOfPage":{"@id":"https:\/\/www.fundaciobarcelonaolimpica.es\/es\/ya-tenemos-los-finalistas-para-la-xi-edicion-del-premio-internacional-fundacio-barcelona-olimpica-arte-sobre-papel\/#primaryimage"},"image":{"@id":"https:\/\/www.fundaciobarcelonaolimpica.es\/es\/ya-tenemos-los-finalistas-para-la-xi-edicion-del-premio-internacional-fundacio-barcelona-olimpica-arte-sobre-papel\/#primaryimage"},"thumbnailUrl":"https:\/\/www.fundaciobarcelonaolimpica.es\/wp-content\/uploads\/sites\/3\/2022\/10\/Art-sobre-papel-MusueOlimpicBCN_1.jpg","datePublished":"2022-10-03T08:58:45+00:00","dateModified":"2022-10-03T08:58:45+00:00","breadcrumb":{"@id":"https:\/\/www.fundaciobarcelonaolimpica.es\/es\/ya-tenemos-los-finalistas-para-la-xi-edicion-del-premio-internacional-fundacio-barcelona-olimpica-arte-sobre-papel\/#breadcrumb"},"inLanguage":"es","potentialAction":[{"@type":"ReadAction","target":["https:\/\/www.fundaciobarcelonaolimpica.es\/es\/ya-tenemos-los-finalistas-para-la-xi-edicion-del-premio-internacional-fundacio-barcelona-olimpica-arte-sobre-papel\/"]}]},{"@type":"ImageObject","inLanguage":"es","@id":"https:\/\/www.fundaciobarcelonaolimpica.es\/es\/ya-tenemos-los-finalistas-para-la-xi-edicion-del-premio-internacional-fundacio-barcelona-olimpica-arte-sobre-papel\/#primaryimage","url":"https:\/\/www.fundaciobarcelonaolimpica.es\/wp-content\/uploads\/sites\/3\/2022\/10\/Art-sobre-papel-MusueOlimpicBCN_1.jpg","contentUrl":"https:\/\/www.fundaciobarcelonaolimpica.es\/wp-content\/uploads\/sites\/3\/2022\/10\/Art-sobre-papel-MusueOlimpicBCN_1.jpg","width":1910,"height":923},{"@type":"BreadcrumbList","@id":"https:\/\/www.fundaciobarcelonaolimpica.es\/es\/ya-tenemos-los-finalistas-para-la-xi-edicion-del-premio-internacional-fundacio-barcelona-olimpica-arte-sobre-papel\/#breadcrumb","itemListElement":[{"@type":"ListItem","position":1,"name":"FBO","item":"https:\/\/www.fundaciobarcelonaolimpica.es\/es\/"},{"@type":"ListItem","position":2,"name":"Ya tenemos los finalistas para la XI Edici\u00f3n del Premio Internacional Fundaci\u00f3 Barcelona Ol\u00edmpica &#8211; Arte Sobre Papel"}]},{"@type":"WebSite","@id":"https:\/\/www.fundaciobarcelonaolimpica.es\/ca\/#website","url":"https:\/\/www.fundaciobarcelonaolimpica.es\/ca\/","name":"Fundaci\u00f3 Barcelona Ol\u00edmpica","description":"Web del Museu Ol\u00edmpic i de l&#039;Esport","publisher":{"@id":"https:\/\/www.fundaciobarcelonaolimpica.es\/ca\/#organization"},"potentialAction":[{"@type":"SearchAction","target":{"@type":"EntryPoint","urlTemplate":"https:\/\/www.fundaciobarcelonaolimpica.es\/ca\/?s={search_term_string}"},"query-input":{"@type":"PropertyValueSpecification","valueRequired":true,"valueName":"search_term_string"}}],"inLanguage":"es"},{"@type":"Organization","@id":"https:\/\/www.fundaciobarcelonaolimpica.es\/ca\/#organization","name":"Fundaci\u00f3 Barcelona Ol\u00edmpica","url":"https:\/\/www.fundaciobarcelonaolimpica.es\/ca\/","logo":{"@type":"ImageObject","inLanguage":"es","@id":"https:\/\/www.fundaciobarcelonaolimpica.es\/ca\/#\/schema\/logo\/image\/","url":"https:\/\/www.fundaciobarcelonaolimpica.es\/wp-content\/uploads\/sites\/3\/2019\/02\/logo-fundacio.svg","contentUrl":"https:\/\/www.fundaciobarcelonaolimpica.es\/wp-content\/uploads\/sites\/3\/2019\/02\/logo-fundacio.svg","caption":"Fundaci\u00f3 Barcelona Ol\u00edmpica"},"image":{"@id":"https:\/\/www.fundaciobarcelonaolimpica.es\/ca\/#\/schema\/logo\/image\/"}},{"@type":"Person","@id":"https:\/\/www.fundaciobarcelonaolimpica.es\/ca\/#\/schema\/person\/b792834a53f193977df425a499287aa9","name":"Ibone","url":"https:\/\/www.fundaciobarcelonaolimpica.es\/es\/author\/fbolimpica\/"}]}},"_links":{"self":[{"href":"https:\/\/www.fundaciobarcelonaolimpica.es\/es\/wp-json\/wp\/v2\/posts\/26119"}],"collection":[{"href":"https:\/\/www.fundaciobarcelonaolimpica.es\/es\/wp-json\/wp\/v2\/posts"}],"about":[{"href":"https:\/\/www.fundaciobarcelonaolimpica.es\/es\/wp-json\/wp\/v2\/types\/post"}],"author":[{"embeddable":true,"href":"https:\/\/www.fundaciobarcelonaolimpica.es\/es\/wp-json\/wp\/v2\/users\/11"}],"replies":[{"embeddable":true,"href":"https:\/\/www.fundaciobarcelonaolimpica.es\/es\/wp-json\/wp\/v2\/comments?post=26119"}],"version-history":[{"count":1,"href":"https:\/\/www.fundaciobarcelonaolimpica.es\/es\/wp-json\/wp\/v2\/posts\/26119\/revisions"}],"predecessor-version":[{"id":26126,"href":"https:\/\/www.fundaciobarcelonaolimpica.es\/es\/wp-json\/wp\/v2\/posts\/26119\/revisions\/26126"}],"wp:featuredmedia":[{"embeddable":true,"href":"https:\/\/www.fundaciobarcelonaolimpica.es\/es\/wp-json\/wp\/v2\/media\/26120"}],"wp:attachment":[{"href":"https:\/\/www.fundaciobarcelonaolimpica.es\/es\/wp-json\/wp\/v2\/media?parent=26119"}],"wp:term":[{"taxonomy":"category","embeddable":true,"href":"https:\/\/www.fundaciobarcelonaolimpica.es\/es\/wp-json\/wp\/v2\/categories?post=26119"},{"taxonomy":"post_tag","embeddable":true,"href":"https:\/\/www.fundaciobarcelonaolimpica.es\/es\/wp-json\/wp\/v2\/tags?post=26119"}],"curies":[{"name":"wp","href":"https:\/\/api.w.org\/{rel}","templated":true}]}}