{"id":26228,"date":"2022-10-19T18:21:48","date_gmt":"2022-10-19T16:21:48","guid":{"rendered":"https:\/\/www.fundaciobarcelonaolimpica.es\/?p=26228"},"modified":"2022-10-19T18:48:51","modified_gmt":"2022-10-19T16:48:51","slug":"el-precio-de-la-sostenibilidad-hay-que-ser-practicos-hay-que-ir-a-la-accion","status":"publish","type":"post","link":"https:\/\/www.fundaciobarcelonaolimpica.es\/es\/el-precio-de-la-sostenibilidad-hay-que-ser-practicos-hay-que-ir-a-la-accion\/","title":{"rendered":"El precio de la sostenibilidad: Hay que ser pr\u00e1cticos, hay que promover la acci\u00f3n"},"content":{"rendered":"<p>La jornada <strong>\u201cEl precio de la sostenibilidad. Desarrollo Sostenible y Deporte\u201d del ciclo de conferencias \u201cEl Valor del deporte en el siglo XXI\u201d <\/strong>se ha realizado v\u00eda Streaming en las instalaciones del Museu Ol\u00edmpic y ha sido retransmitida a trav\u00e9s de la p\u00e1gina web <a href=\"http:\/\/www.museuolimpicbcn.cat\">www.museuolimpicbcn.cat<\/a> y del <a href=\"https:\/\/youtu.be\/VyXspVmvWpU\">canal YouTube de la Fundaci\u00f3 Barcelona Ol\u00edmpica<\/a> donde lo pod\u00e9is volver a disfrutar de la jornada.<\/p>\n<p><strong>Susana Closa<\/strong>, gerente del Instituto Barcelona Deportes, ha sido la encargada de dar la bienvenida a esta nueva jornada de \u201cEl valor del deporte en el siglo XXI\u201d y ha destacado la importancia de estas jornadas, donde se ponen sobre la mesa temas de actualidad con profesionales del sector y la interacci\u00f3n directa de la ciudadan\u00eda a trav\u00e9s del chat.<\/p>\n<p>La jornada, coordinada por el periodista de TV3 Jordi Fandi\u00f1o, ha contado con las ponencias de <strong>Marta Seg\u00fa<\/strong>, Directora General Fundaci\u00f3 Futbol Club Barcelona; I<strong>gnasi Segre<\/strong>, Director Comercial d&#8217;Sports &amp; Landscape y, <strong>Eloi Burriel<\/strong>, Creador y Fundador de L\u2019ORIGEN, empresa de innovaci\u00f3n ecolog\u00eda y comunicaci\u00f3n. Tambi\u00e9n hemos contado con la presencia entre el p\u00fablico de Pere Manel, presidente de la COPLEFC.<\/p>\n<p>El di\u00e1logo entre los ponentes y las intervenciones del p\u00fablico, tanto del Museu Ol\u00edmpic como de los participantes a trav\u00e9s del chat, han reforzado la idea de la acci\u00f3n.<\/p>\n<p>Marta Seg\u00fa ha destacado que se ha de ser pr\u00e1cticos, que las entidades y organizaciones han de promover la acci\u00f3n.<\/p>\n<p>Una conferencia muy interesante que puedes volver a ver <a href=\"https:\/\/youtu.be\/VyXspVmvWpU\">AQU\u00cd<\/a><\/p>\n<p><strong>El ciclo de conferencias \u201cEl Valor del deporte en el siglo XXI\u201d est\u00e1 organizado por la Fundaci\u00f3 Barcelona Ol\u00edmpica en colaboraci\u00f3n con el Institut Barcelona Esports. <\/strong><\/p>\n<p><strong><a href=\"https:\/\/www.fundaciobarcelonaolimpica.es\/es\/aceptar-newletter\/\">Inscr\u00edbete a nuestro bolet\u00edn de noticias para recibir informaci\u00f3n<\/a> <\/strong><\/p>\n","protected":false},"excerpt":{"rendered":"<p>La jornada \u201cEl precio de la sostenibilidad. Desarrollo Sostenible y Deporte\u201d del ciclo de conferencias \u201cEl Valor del deporte en el siglo XXI\u201d se ha realizado v\u00eda Streaming en las instalaciones del Museu Ol\u00edmpic y ha sido retransmitida a trav\u00e9s de la p\u00e1gina web www.museuolimpicbcn.cat y del canal YouTube de la Fundaci\u00f3 Barcelona Ol\u00edmpica donde [&hellip;]<\/p>\n","protected":false},"author":11,"featured_media":26229,"comment_status":"closed","ping_status":"closed","sticky":false,"template":"","format":"standard","meta":{"_acf_changed":false,"footnotes":""},"categories":[1],"tags":[],"class_list":["post-26228","post","type-post","status-publish","format-standard","has-post-thumbnail","hentry","category-sin-categorizar"],"acf":[],"yoast_head":"<!-- This site is optimized with the Yoast SEO plugin v23.7 - https:\/\/yoast.com\/wordpress\/plugins\/seo\/ -->\n<title>El precio de la sostenibilidad: Hay que ser pr\u00e1cticos, hay que promover la acci\u00f3n - Fundaci\u00f3 Barcelona Ol\u00edmpica<\/title>\n<meta name=\"robots\" content=\"index, follow, max-snippet:-1, max-image-preview:large, max-video-preview:-1\" \/>\n<link rel=\"canonical\" href=\"https:\/\/www.fundaciobarcelonaolimpica.es\/es\/el-precio-de-la-sostenibilidad-hay-que-ser-practicos-hay-que-ir-a-la-accion\/\" \/>\n<meta property=\"og:locale\" content=\"es_ES\" \/>\n<meta property=\"og:type\" content=\"article\" \/>\n<meta property=\"og:title\" content=\"El precio de la sostenibilidad: Hay que ser pr\u00e1cticos, hay que promover la acci\u00f3n - Fundaci\u00f3 Barcelona Ol\u00edmpica\" \/>\n<meta property=\"og:description\" content=\"La jornada \u201cEl precio de la sostenibilidad. Desarrollo Sostenible y Deporte\u201d del ciclo de conferencias \u201cEl Valor del deporte en el siglo XXI\u201d se ha realizado v\u00eda Streaming en las instalaciones del Museu Ol\u00edmpic y ha sido retransmitida a trav\u00e9s de la p\u00e1gina web www.museuolimpicbcn.cat y del canal YouTube de la Fundaci\u00f3 Barcelona Ol\u00edmpica donde [&hellip;]\" \/>\n<meta property=\"og:url\" content=\"https:\/\/www.fundaciobarcelonaolimpica.es\/es\/el-precio-de-la-sostenibilidad-hay-que-ser-practicos-hay-que-ir-a-la-accion\/\" \/>\n<meta property=\"og:site_name\" content=\"Fundaci\u00f3 Barcelona Ol\u00edmpica\" \/>\n<meta property=\"article:published_time\" content=\"2022-10-19T16:21:48+00:00\" \/>\n<meta property=\"article:modified_time\" content=\"2022-10-19T16:48:51+00:00\" \/>\n<meta property=\"og:image\" content=\"https:\/\/www.fundaciobarcelonaolimpica.es\/wp-content\/uploads\/sites\/3\/2022\/10\/El-preu-de-la-sostenibilitat-Museu-Olimpic-_2.jpg\" \/>\n\t<meta property=\"og:image:width\" content=\"1570\" \/>\n\t<meta property=\"og:image:height\" content=\"1080\" \/>\n\t<meta property=\"og:image:type\" content=\"image\/jpeg\" \/>\n<meta name=\"author\" content=\"Ibone\" \/>\n<meta name=\"twitter:card\" content=\"summary_large_image\" \/>\n<meta name=\"twitter:label1\" content=\"Escrito por\" \/>\n\t<meta name=\"twitter:data1\" content=\"Ibone\" \/>\n\t<meta name=\"twitter:label2\" content=\"Tiempo de lectura\" \/>\n\t<meta name=\"twitter:data2\" content=\"2 minutos\" \/>\n<script type=\"application\/ld+json\" class=\"yoast-schema-graph\">{\"@context\":\"https:\/\/schema.org\",\"@graph\":[{\"@type\":\"Article\",\"@id\":\"https:\/\/www.fundaciobarcelonaolimpica.es\/es\/el-precio-de-la-sostenibilidad-hay-que-ser-practicos-hay-que-ir-a-la-accion\/#article\",\"isPartOf\":{\"@id\":\"https:\/\/www.fundaciobarcelonaolimpica.es\/es\/el-precio-de-la-sostenibilidad-hay-que-ser-practicos-hay-que-ir-a-la-accion\/\"},\"author\":{\"name\":\"Ibone\",\"@id\":\"https:\/\/www.fundaciobarcelonaolimpica.es\/ca\/#\/schema\/person\/b792834a53f193977df425a499287aa9\"},\"headline\":\"El precio de la sostenibilidad: Hay que ser pr\u00e1cticos, hay que promover la acci\u00f3n\",\"datePublished\":\"2022-10-19T16:21:48+00:00\",\"dateModified\":\"2022-10-19T16:48:51+00:00\",\"mainEntityOfPage\":{\"@id\":\"https:\/\/www.fundaciobarcelonaolimpica.es\/es\/el-precio-de-la-sostenibilidad-hay-que-ser-practicos-hay-que-ir-a-la-accion\/\"},\"wordCount\":324,\"publisher\":{\"@id\":\"https:\/\/www.fundaciobarcelonaolimpica.es\/ca\/#organization\"},\"image\":{\"@id\":\"https:\/\/www.fundaciobarcelonaolimpica.es\/es\/el-precio-de-la-sostenibilidad-hay-que-ser-practicos-hay-que-ir-a-la-accion\/#primaryimage\"},\"thumbnailUrl\":\"https:\/\/www.fundaciobarcelonaolimpica.es\/wp-content\/uploads\/sites\/3\/2022\/10\/El-preu-de-la-sostenibilitat-Museu-Olimpic-_2.jpg\",\"articleSection\":[\"Sin categorizar\"],\"inLanguage\":\"es\"},{\"@type\":\"WebPage\",\"@id\":\"https:\/\/www.fundaciobarcelonaolimpica.es\/es\/el-precio-de-la-sostenibilidad-hay-que-ser-practicos-hay-que-ir-a-la-accion\/\",\"url\":\"https:\/\/www.fundaciobarcelonaolimpica.es\/es\/el-precio-de-la-sostenibilidad-hay-que-ser-practicos-hay-que-ir-a-la-accion\/\",\"name\":\"El precio de la sostenibilidad: Hay que ser pr\u00e1cticos, hay que promover la acci\u00f3n - Fundaci\u00f3 Barcelona Ol\u00edmpica\",\"isPartOf\":{\"@id\":\"https:\/\/www.fundaciobarcelonaolimpica.es\/ca\/#website\"},\"primaryImageOfPage\":{\"@id\":\"https:\/\/www.fundaciobarcelonaolimpica.es\/es\/el-precio-de-la-sostenibilidad-hay-que-ser-practicos-hay-que-ir-a-la-accion\/#primaryimage\"},\"image\":{\"@id\":\"https:\/\/www.fundaciobarcelonaolimpica.es\/es\/el-precio-de-la-sostenibilidad-hay-que-ser-practicos-hay-que-ir-a-la-accion\/#primaryimage\"},\"thumbnailUrl\":\"https:\/\/www.fundaciobarcelonaolimpica.es\/wp-content\/uploads\/sites\/3\/2022\/10\/El-preu-de-la-sostenibilitat-Museu-Olimpic-_2.jpg\",\"datePublished\":\"2022-10-19T16:21:48+00:00\",\"dateModified\":\"2022-10-19T16:48:51+00:00\",\"breadcrumb\":{\"@id\":\"https:\/\/www.fundaciobarcelonaolimpica.es\/es\/el-precio-de-la-sostenibilidad-hay-que-ser-practicos-hay-que-ir-a-la-accion\/#breadcrumb\"},\"inLanguage\":\"es\",\"potentialAction\":[{\"@type\":\"ReadAction\",\"target\":[\"https:\/\/www.fundaciobarcelonaolimpica.es\/es\/el-precio-de-la-sostenibilidad-hay-que-ser-practicos-hay-que-ir-a-la-accion\/\"]}]},{\"@type\":\"ImageObject\",\"inLanguage\":\"es\",\"@id\":\"https:\/\/www.fundaciobarcelonaolimpica.es\/es\/el-precio-de-la-sostenibilidad-hay-que-ser-practicos-hay-que-ir-a-la-accion\/#primaryimage\",\"url\":\"https:\/\/www.fundaciobarcelonaolimpica.es\/wp-content\/uploads\/sites\/3\/2022\/10\/El-preu-de-la-sostenibilitat-Museu-Olimpic-_2.jpg\",\"contentUrl\":\"https:\/\/www.fundaciobarcelonaolimpica.es\/wp-content\/uploads\/sites\/3\/2022\/10\/El-preu-de-la-sostenibilitat-Museu-Olimpic-_2.jpg\",\"width\":1570,\"height\":1080},{\"@type\":\"BreadcrumbList\",\"@id\":\"https:\/\/www.fundaciobarcelonaolimpica.es\/es\/el-precio-de-la-sostenibilidad-hay-que-ser-practicos-hay-que-ir-a-la-accion\/#breadcrumb\",\"itemListElement\":[{\"@type\":\"ListItem\",\"position\":1,\"name\":\"FBO\",\"item\":\"https:\/\/www.fundaciobarcelonaolimpica.es\/es\/\"},{\"@type\":\"ListItem\",\"position\":2,\"name\":\"El precio de la sostenibilidad: Hay que ser pr\u00e1cticos, hay que promover la acci\u00f3n\"}]},{\"@type\":\"WebSite\",\"@id\":\"https:\/\/www.fundaciobarcelonaolimpica.es\/ca\/#website\",\"url\":\"https:\/\/www.fundaciobarcelonaolimpica.es\/ca\/\",\"name\":\"Fundaci\u00f3 Barcelona Ol\u00edmpica\",\"description\":\"Web del Museu Ol\u00edmpic i de l&#039;Esport\",\"publisher\":{\"@id\":\"https:\/\/www.fundaciobarcelonaolimpica.es\/ca\/#organization\"},\"potentialAction\":[{\"@type\":\"SearchAction\",\"target\":{\"@type\":\"EntryPoint\",\"urlTemplate\":\"https:\/\/www.fundaciobarcelonaolimpica.es\/ca\/?s={search_term_string}\"},\"query-input\":{\"@type\":\"PropertyValueSpecification\",\"valueRequired\":true,\"valueName\":\"search_term_string\"}}],\"inLanguage\":\"es\"},{\"@type\":\"Organization\",\"@id\":\"https:\/\/www.fundaciobarcelonaolimpica.es\/ca\/#organization\",\"name\":\"Fundaci\u00f3 Barcelona Ol\u00edmpica\",\"url\":\"https:\/\/www.fundaciobarcelonaolimpica.es\/ca\/\",\"logo\":{\"@type\":\"ImageObject\",\"inLanguage\":\"es\",\"@id\":\"https:\/\/www.fundaciobarcelonaolimpica.es\/ca\/#\/schema\/logo\/image\/\",\"url\":\"https:\/\/www.fundaciobarcelonaolimpica.es\/wp-content\/uploads\/sites\/3\/2019\/02\/logo-fundacio.svg\",\"contentUrl\":\"https:\/\/www.fundaciobarcelonaolimpica.es\/wp-content\/uploads\/sites\/3\/2019\/02\/logo-fundacio.svg\",\"caption\":\"Fundaci\u00f3 Barcelona Ol\u00edmpica\"},\"image\":{\"@id\":\"https:\/\/www.fundaciobarcelonaolimpica.es\/ca\/#\/schema\/logo\/image\/\"}},{\"@type\":\"Person\",\"@id\":\"https:\/\/www.fundaciobarcelonaolimpica.es\/ca\/#\/schema\/person\/b792834a53f193977df425a499287aa9\",\"name\":\"Ibone\",\"url\":\"https:\/\/www.fundaciobarcelonaolimpica.es\/es\/author\/fbolimpica\/\"}]}<\/script>\n<!-- \/ Yoast SEO plugin. -->","yoast_head_json":{"title":"El precio de la sostenibilidad: Hay que ser pr\u00e1cticos, hay que promover la acci\u00f3n - Fundaci\u00f3 Barcelona Ol\u00edmpica","robots":{"index":"index","follow":"follow","max-snippet":"max-snippet:-1","max-image-preview":"max-image-preview:large","max-video-preview":"max-video-preview:-1"},"canonical":"https:\/\/www.fundaciobarcelonaolimpica.es\/es\/el-precio-de-la-sostenibilidad-hay-que-ser-practicos-hay-que-ir-a-la-accion\/","og_locale":"es_ES","og_type":"article","og_title":"El precio de la sostenibilidad: Hay que ser pr\u00e1cticos, hay que promover la acci\u00f3n - Fundaci\u00f3 Barcelona Ol\u00edmpica","og_description":"La jornada \u201cEl precio de la sostenibilidad. Desarrollo Sostenible y Deporte\u201d del ciclo de conferencias \u201cEl Valor del deporte en el siglo XXI\u201d se ha realizado v\u00eda Streaming en las instalaciones del Museu Ol\u00edmpic y ha sido retransmitida a trav\u00e9s de la p\u00e1gina web www.museuolimpicbcn.cat y del canal YouTube de la Fundaci\u00f3 Barcelona Ol\u00edmpica donde [&hellip;]","og_url":"https:\/\/www.fundaciobarcelonaolimpica.es\/es\/el-precio-de-la-sostenibilidad-hay-que-ser-practicos-hay-que-ir-a-la-accion\/","og_site_name":"Fundaci\u00f3 Barcelona Ol\u00edmpica","article_published_time":"2022-10-19T16:21:48+00:00","article_modified_time":"2022-10-19T16:48:51+00:00","og_image":[{"width":1570,"height":1080,"url":"https:\/\/www.fundaciobarcelonaolimpica.es\/wp-content\/uploads\/sites\/3\/2022\/10\/El-preu-de-la-sostenibilitat-Museu-Olimpic-_2.jpg","type":"image\/jpeg"}],"author":"Ibone","twitter_card":"summary_large_image","twitter_misc":{"Escrito por":"Ibone","Tiempo de lectura":"2 minutos"},"schema":{"@context":"https:\/\/schema.org","@graph":[{"@type":"Article","@id":"https:\/\/www.fundaciobarcelonaolimpica.es\/es\/el-precio-de-la-sostenibilidad-hay-que-ser-practicos-hay-que-ir-a-la-accion\/#article","isPartOf":{"@id":"https:\/\/www.fundaciobarcelonaolimpica.es\/es\/el-precio-de-la-sostenibilidad-hay-que-ser-practicos-hay-que-ir-a-la-accion\/"},"author":{"name":"Ibone","@id":"https:\/\/www.fundaciobarcelonaolimpica.es\/ca\/#\/schema\/person\/b792834a53f193977df425a499287aa9"},"headline":"El precio de la sostenibilidad: Hay que ser pr\u00e1cticos, hay que promover la acci\u00f3n","datePublished":"2022-10-19T16:21:48+00:00","dateModified":"2022-10-19T16:48:51+00:00","mainEntityOfPage":{"@id":"https:\/\/www.fundaciobarcelonaolimpica.es\/es\/el-precio-de-la-sostenibilidad-hay-que-ser-practicos-hay-que-ir-a-la-accion\/"},"wordCount":324,"publisher":{"@id":"https:\/\/www.fundaciobarcelonaolimpica.es\/ca\/#organization"},"image":{"@id":"https:\/\/www.fundaciobarcelonaolimpica.es\/es\/el-precio-de-la-sostenibilidad-hay-que-ser-practicos-hay-que-ir-a-la-accion\/#primaryimage"},"thumbnailUrl":"https:\/\/www.fundaciobarcelonaolimpica.es\/wp-content\/uploads\/sites\/3\/2022\/10\/El-preu-de-la-sostenibilitat-Museu-Olimpic-_2.jpg","articleSection":["Sin categorizar"],"inLanguage":"es"},{"@type":"WebPage","@id":"https:\/\/www.fundaciobarcelonaolimpica.es\/es\/el-precio-de-la-sostenibilidad-hay-que-ser-practicos-hay-que-ir-a-la-accion\/","url":"https:\/\/www.fundaciobarcelonaolimpica.es\/es\/el-precio-de-la-sostenibilidad-hay-que-ser-practicos-hay-que-ir-a-la-accion\/","name":"El precio de la sostenibilidad: Hay que ser pr\u00e1cticos, hay que promover la acci\u00f3n - Fundaci\u00f3 Barcelona Ol\u00edmpica","isPartOf":{"@id":"https:\/\/www.fundaciobarcelonaolimpica.es\/ca\/#website"},"primaryImageOfPage":{"@id":"https:\/\/www.fundaciobarcelonaolimpica.es\/es\/el-precio-de-la-sostenibilidad-hay-que-ser-practicos-hay-que-ir-a-la-accion\/#primaryimage"},"image":{"@id":"https:\/\/www.fundaciobarcelonaolimpica.es\/es\/el-precio-de-la-sostenibilidad-hay-que-ser-practicos-hay-que-ir-a-la-accion\/#primaryimage"},"thumbnailUrl":"https:\/\/www.fundaciobarcelonaolimpica.es\/wp-content\/uploads\/sites\/3\/2022\/10\/El-preu-de-la-sostenibilitat-Museu-Olimpic-_2.jpg","datePublished":"2022-10-19T16:21:48+00:00","dateModified":"2022-10-19T16:48:51+00:00","breadcrumb":{"@id":"https:\/\/www.fundaciobarcelonaolimpica.es\/es\/el-precio-de-la-sostenibilidad-hay-que-ser-practicos-hay-que-ir-a-la-accion\/#breadcrumb"},"inLanguage":"es","potentialAction":[{"@type":"ReadAction","target":["https:\/\/www.fundaciobarcelonaolimpica.es\/es\/el-precio-de-la-sostenibilidad-hay-que-ser-practicos-hay-que-ir-a-la-accion\/"]}]},{"@type":"ImageObject","inLanguage":"es","@id":"https:\/\/www.fundaciobarcelonaolimpica.es\/es\/el-precio-de-la-sostenibilidad-hay-que-ser-practicos-hay-que-ir-a-la-accion\/#primaryimage","url":"https:\/\/www.fundaciobarcelonaolimpica.es\/wp-content\/uploads\/sites\/3\/2022\/10\/El-preu-de-la-sostenibilitat-Museu-Olimpic-_2.jpg","contentUrl":"https:\/\/www.fundaciobarcelonaolimpica.es\/wp-content\/uploads\/sites\/3\/2022\/10\/El-preu-de-la-sostenibilitat-Museu-Olimpic-_2.jpg","width":1570,"height":1080},{"@type":"BreadcrumbList","@id":"https:\/\/www.fundaciobarcelonaolimpica.es\/es\/el-precio-de-la-sostenibilidad-hay-que-ser-practicos-hay-que-ir-a-la-accion\/#breadcrumb","itemListElement":[{"@type":"ListItem","position":1,"name":"FBO","item":"https:\/\/www.fundaciobarcelonaolimpica.es\/es\/"},{"@type":"ListItem","position":2,"name":"El precio de la sostenibilidad: Hay que ser pr\u00e1cticos, hay que promover la acci\u00f3n"}]},{"@type":"WebSite","@id":"https:\/\/www.fundaciobarcelonaolimpica.es\/ca\/#website","url":"https:\/\/www.fundaciobarcelonaolimpica.es\/ca\/","name":"Fundaci\u00f3 Barcelona Ol\u00edmpica","description":"Web del Museu Ol\u00edmpic i de l&#039;Esport","publisher":{"@id":"https:\/\/www.fundaciobarcelonaolimpica.es\/ca\/#organization"},"potentialAction":[{"@type":"SearchAction","target":{"@type":"EntryPoint","urlTemplate":"https:\/\/www.fundaciobarcelonaolimpica.es\/ca\/?s={search_term_string}"},"query-input":{"@type":"PropertyValueSpecification","valueRequired":true,"valueName":"search_term_string"}}],"inLanguage":"es"},{"@type":"Organization","@id":"https:\/\/www.fundaciobarcelonaolimpica.es\/ca\/#organization","name":"Fundaci\u00f3 Barcelona Ol\u00edmpica","url":"https:\/\/www.fundaciobarcelonaolimpica.es\/ca\/","logo":{"@type":"ImageObject","inLanguage":"es","@id":"https:\/\/www.fundaciobarcelonaolimpica.es\/ca\/#\/schema\/logo\/image\/","url":"https:\/\/www.fundaciobarcelonaolimpica.es\/wp-content\/uploads\/sites\/3\/2019\/02\/logo-fundacio.svg","contentUrl":"https:\/\/www.fundaciobarcelonaolimpica.es\/wp-content\/uploads\/sites\/3\/2019\/02\/logo-fundacio.svg","caption":"Fundaci\u00f3 Barcelona Ol\u00edmpica"},"image":{"@id":"https:\/\/www.fundaciobarcelonaolimpica.es\/ca\/#\/schema\/logo\/image\/"}},{"@type":"Person","@id":"https:\/\/www.fundaciobarcelonaolimpica.es\/ca\/#\/schema\/person\/b792834a53f193977df425a499287aa9","name":"Ibone","url":"https:\/\/www.fundaciobarcelonaolimpica.es\/es\/author\/fbolimpica\/"}]}},"_links":{"self":[{"href":"https:\/\/www.fundaciobarcelonaolimpica.es\/es\/wp-json\/wp\/v2\/posts\/26228"}],"collection":[{"href":"https:\/\/www.fundaciobarcelonaolimpica.es\/es\/wp-json\/wp\/v2\/posts"}],"about":[{"href":"https:\/\/www.fundaciobarcelonaolimpica.es\/es\/wp-json\/wp\/v2\/types\/post"}],"author":[{"embeddable":true,"href":"https:\/\/www.fundaciobarcelonaolimpica.es\/es\/wp-json\/wp\/v2\/users\/11"}],"replies":[{"embeddable":true,"href":"https:\/\/www.fundaciobarcelonaolimpica.es\/es\/wp-json\/wp\/v2\/comments?post=26228"}],"version-history":[{"count":5,"href":"https:\/\/www.fundaciobarcelonaolimpica.es\/es\/wp-json\/wp\/v2\/posts\/26228\/revisions"}],"predecessor-version":[{"id":26259,"href":"https:\/\/www.fundaciobarcelonaolimpica.es\/es\/wp-json\/wp\/v2\/posts\/26228\/revisions\/26259"}],"wp:featuredmedia":[{"embeddable":true,"href":"https:\/\/www.fundaciobarcelonaolimpica.es\/es\/wp-json\/wp\/v2\/media\/26229"}],"wp:attachment":[{"href":"https:\/\/www.fundaciobarcelonaolimpica.es\/es\/wp-json\/wp\/v2\/media?parent=26228"}],"wp:term":[{"taxonomy":"category","embeddable":true,"href":"https:\/\/www.fundaciobarcelonaolimpica.es\/es\/wp-json\/wp\/v2\/categories?post=26228"},{"taxonomy":"post_tag","embeddable":true,"href":"https:\/\/www.fundaciobarcelonaolimpica.es\/es\/wp-json\/wp\/v2\/tags?post=26228"}],"curies":[{"name":"wp","href":"https:\/\/api.w.org\/{rel}","templated":true}]}}