{"id":26608,"date":"2022-11-22T19:06:56","date_gmt":"2022-11-22T18:06:56","guid":{"rendered":"https:\/\/www.fundaciobarcelonaolimpica.es\/?p=26608"},"modified":"2022-11-22T19:06:56","modified_gmt":"2022-11-22T18:06:56","slug":"presentacion-del-documental-30-miradas-30-anos-despues","status":"publish","type":"post","link":"https:\/\/www.fundaciobarcelonaolimpica.es\/es\/presentacion-del-documental-30-miradas-30-anos-despues\/","title":{"rendered":"Presentaci\u00f3n del documental \u201c30 miradas, 30 a\u00f1os despu\u00e9s\u201d"},"content":{"rendered":"<p>El Museu Ol\u00edmpic de Barcelona ha acogido la <em>premi\u00e8re<\/em> del documental \u201c30 miradas, 30 a\u00f1os despu\u00e9s\u201d realizado por la Fundaci\u00f3 Barcelona Ol\u00edmpica.<\/p>\n<p>David Escud\u00e9, presidente de la Fundaci\u00f3 Barcelona Ol\u00edmpica y regidor d\u2019Esports de l\u2019Ajuntament de Barcelona, ha presidido el acto en el auditorio del Museu Ol\u00edmpic de Barcelona.<\/p>\n<p>Previo al pase del documental, la Fundaci\u00f3 Barcelona Ol\u00edmpica ha querido recordar a dos de sus patronos: Rom\u00e0 Cuy\u00e0s y Josep Llu\u00eds Vilaseca, que fueron parte implicada del \u00e9xito de los Juegos Ol\u00edmpicos y Paral\u00edmpicos de Barcelona\u201992 y que lamentablemente ya no se encuentran entre nosotros.<\/p>\n<p>Al acto acudieron los miembros del patronato de la Fundaci\u00f3 Barcelona Ol\u00edmpica, protagonistas del documental, familiares y amigos de Pasqual Maragall, Rom\u00e0 Cuy\u00e0s y Josep Llu\u00eds Vilaseca, miembros del COOB\u201992 y otras autoridades del mundo del deporte.<\/p>\n<p>Pr\u00f3ximamente el documental estar\u00e1 disponible en la p\u00e1gina web de la <a href=\"https:\/\/www.fundaciobarcelonaolimpica.es\/es\/\">Fundaci\u00f3 Barcelona Ol\u00edmpica<\/a> y en el canal Youtube <a href=\"https:\/\/www.youtube.com\/@fundaciobarcelonaolimpica\">Fundaci\u00f3 Barcelona Ol\u00edmpica &#8211; Museu Ol\u00edmpic<\/a><\/p>\n<p><img fetchpriority=\"high\" decoding=\"async\" class=\"aligncenter wp-image-26531 size-large\" src=\"https:\/\/www.fundaciobarcelonaolimpica.es\/wp-content\/uploads\/sites\/3\/2022\/11\/1920x1080_auditorio-min-1024x576.jpg\" alt=\"\" width=\"1024\" height=\"576\" srcset=\"https:\/\/www.fundaciobarcelonaolimpica.es\/wp-content\/uploads\/sites\/3\/2022\/11\/1920x1080_auditorio-min-1024x576.jpg 1024w, https:\/\/www.fundaciobarcelonaolimpica.es\/wp-content\/uploads\/sites\/3\/2022\/11\/1920x1080_auditorio-min-300x169.jpg 300w, https:\/\/www.fundaciobarcelonaolimpica.es\/wp-content\/uploads\/sites\/3\/2022\/11\/1920x1080_auditorio-min-768x432.jpg 768w, https:\/\/www.fundaciobarcelonaolimpica.es\/wp-content\/uploads\/sites\/3\/2022\/11\/1920x1080_auditorio-min-1536x864.jpg 1536w, https:\/\/www.fundaciobarcelonaolimpica.es\/wp-content\/uploads\/sites\/3\/2022\/11\/1920x1080_auditorio-min-1320x743.jpg 1320w, https:\/\/www.fundaciobarcelonaolimpica.es\/wp-content\/uploads\/sites\/3\/2022\/11\/1920x1080_auditorio-min.jpg 1920w\" sizes=\"(max-width: 1024px) 100vw, 1024px\" \/><\/p>\n<p>Con los testimonios de:<\/p>\n<ul>\n<li>Josep Miquel Abad i Silvestre, Consejero delegado del COOB\u201992<\/li>\n<li>Josep Antoni Acebillo Mar\u00edn, Director t\u00e9cnico del Instituto Municipal de Promoci\u00f3n Urban\u00edstica, SA y del Holding Ol\u00edmpico (1988-1994)<\/li>\n<li>Montserrat Arqu\u00e9 Ferrari, Directora del gabinete del consejero delegado del COOB\u201992<\/li>\n<li>Llu\u00eds Bassat Coen, Presidente de Ovideo-Bassat Sport. Creadores y Productores de las Ceremonias de apertura y clausura de los Juegos Ol\u00edmpicos y Paral\u00edmpicos<\/li>\n<li>Raim\u00f3n Berg\u00f3s Civit, Director de la Asesor\u00eda Jur\u00eddica del COOB\u201992<\/li>\n<li>Alfred Bosch i Pascual, Secretario general del Comit\u00e9 de Operaciones del COOB\u201992<\/li>\n<li>Miquel Botella i Pahissa, Director de Planificaci\u00f3n y Control del COOB\u201992<\/li>\n<li>Ferm\u00edn Cacho Ruiz, Ganador de la medalla de oro en la prueba de atletismo de los 1.500 metros en los Juegos Ol\u00edmpicos de Barcelona&#8217;92<\/li>\n<li>Andreu Clap\u00e9s i Flaqu\u00e9, Director de la Oficina de Atenci\u00f3n al Voluntario y Defensor del Voluntario Ol\u00edmpico del COOB\u201992<\/li>\n<li>Joan Coll de la C\u00e1mara, Director de los Juegos Paral\u00edmpicos del COOB\u201992<\/li>\n<li>Jos\u00e9 Cuervo Argud\u00edn, Responsable de Asistencia M\u00e9dica de los Servicios y Asistencia M\u00e9dica del COOB\u201992<\/li>\n<li>Manuel Fonseca de la Llave, Director general de Deportes del COOB&#8217;92<\/li>\n<li>Pedro Fontana Garc\u00eda, Director general de Operaciones del COOB\u201992<\/li>\n<li>Mario Gas Cabr\u00e9, Director de los Festivales de Oto\u00f1o y del Festival Ol\u00edmpico de las Artes<\/li>\n<li>Manuel Ibern Alcalde, Coordinador del \u00c1rea de Deportes del Ayuntamiento de Barcelona<\/li>\n<li>Llu\u00eds Millet Serra, Director de la Divisi\u00f3n de Infraestructuras del COOB&#8217;92<\/li>\n<li>Margarita Obiols Llandrich, Directora General de Olimpiada Cultural SA<\/li>\n<li>Pedro Palacios Salvador, Director del Departamento de Comunicaci\u00f3n del COOB\u201992<\/li>\n<li>Llu\u00eds Reverter Gelabert, Secretario general de Coordinaci\u00f3n y Servicios de la Presidencia del Gobierno de Espa\u00f1a (1991-1993)<\/li>\n<li>Josep Roca i Roca, Director de Ceremonias del COOB\u201992<\/li>\n<li>Miguel Sagarra Gadea, Jefe de la delegaci\u00f3n espa\u00f1ola en los Juegos Paral\u00edmpicos de Barcelona&#8217;92<\/li>\n<li>Mar\u00eda Teresa Samaranch Salisachs, Attachee de la delegaci\u00f3n australiana en los Juegos Ol\u00edmpicos de Barcelona\u201992<\/li>\n<li>Carmen San Miguel Ruibal, Directora de la Divisi\u00f3n de Planificaci\u00f3n y Control del COOB\u201992<\/li>\n<li>Narc\u00eds Serra i Serra, Alcalde de Barcelona (1979-1982) impulsor de la candidatura ol\u00edmpica y vicepresidente del Gobierno de Espa\u00f1a (1991-1995)<\/li>\n<li>Fidel Sust i Mitjans, Director de Deportes de la Generalitat de Catalu\u00f1a<\/li>\n<li>Josep Maria Trias i Folch, Dise\u00f1ador de los logotipos y pictogramas de los Juegos Ol\u00edmpicos y Paral\u00edmpicos de Barcelona\u201992<\/li>\n<li>Enric Tru\u00f1\u00f3 i Lagares, Concejal de Deportes y de los Juegos Ol\u00edmpicos del Ayuntamiento de Barcelona durante Barcelona&#8217;92<\/li>\n<li>Jordi Vallverd\u00fa i Gimeno, Miembro del Comit\u00e9 Ejecutivo de la candidatura ol\u00edmpica. Director general de Barcelona Promoci\u00f3. Director adjunto del Estadio Ol\u00edmpico del COOB\u201992<\/li>\n<li>Manel Vila i Motll\u00f3, Director del Centro Municipal de Operaciones de los Juegos de Barcelona&#8217;92<\/li>\n<li>S\u00edlvia Vives Montlle\u00f3, Ganadora de dos medallas en nataci\u00f3n en los Juegos Paral\u00edmpicos de Barcelona&#8217;92<\/li>\n<\/ul>\n","protected":false},"excerpt":{"rendered":"<p>El Museu Ol\u00edmpic de Barcelona ha acogido la premi\u00e8re del documental \u201c30 miradas, 30 a\u00f1os despu\u00e9s\u201d realizado por la Fundaci\u00f3 Barcelona Ol\u00edmpica. David Escud\u00e9, presidente de la Fundaci\u00f3 Barcelona Ol\u00edmpica y regidor d\u2019Esports de l\u2019Ajuntament de Barcelona, ha presidido el acto en el auditorio del Museu Ol\u00edmpic de Barcelona. Previo al pase del documental, la [&hellip;]<\/p>\n","protected":false},"author":11,"featured_media":26670,"comment_status":"closed","ping_status":"closed","sticky":false,"template":"","format":"standard","meta":{"_acf_changed":false,"footnotes":""},"categories":[1],"tags":[],"class_list":["post-26608","post","type-post","status-publish","format-standard","has-post-thumbnail","hentry","category-sin-categorizar"],"acf":[],"yoast_head":"<!-- This site is optimized with the Yoast SEO plugin v23.7 - https:\/\/yoast.com\/wordpress\/plugins\/seo\/ -->\n<title>Presentaci\u00f3n del documental \u201c30 miradas, 30 a\u00f1os despu\u00e9s\u201d - Fundaci\u00f3 Barcelona Ol\u00edmpica<\/title>\n<meta name=\"robots\" content=\"index, follow, max-snippet:-1, max-image-preview:large, max-video-preview:-1\" \/>\n<link rel=\"canonical\" href=\"https:\/\/www.fundaciobarcelonaolimpica.es\/es\/presentacion-del-documental-30-miradas-30-anos-despues\/\" \/>\n<meta property=\"og:locale\" content=\"es_ES\" \/>\n<meta property=\"og:type\" content=\"article\" \/>\n<meta property=\"og:title\" content=\"Presentaci\u00f3n del documental \u201c30 miradas, 30 a\u00f1os despu\u00e9s\u201d - Fundaci\u00f3 Barcelona Ol\u00edmpica\" \/>\n<meta property=\"og:description\" content=\"El Museu Ol\u00edmpic de Barcelona ha acogido la premi\u00e8re del documental \u201c30 miradas, 30 a\u00f1os despu\u00e9s\u201d realizado por la Fundaci\u00f3 Barcelona Ol\u00edmpica. David Escud\u00e9, presidente de la Fundaci\u00f3 Barcelona Ol\u00edmpica y regidor d\u2019Esports de l\u2019Ajuntament de Barcelona, ha presidido el acto en el auditorio del Museu Ol\u00edmpic de Barcelona. Previo al pase del documental, la [&hellip;]\" \/>\n<meta property=\"og:url\" content=\"https:\/\/www.fundaciobarcelonaolimpica.es\/es\/presentacion-del-documental-30-miradas-30-anos-despues\/\" \/>\n<meta property=\"og:site_name\" content=\"Fundaci\u00f3 Barcelona Ol\u00edmpica\" \/>\n<meta property=\"article:published_time\" content=\"2022-11-22T18:06:56+00:00\" \/>\n<meta property=\"og:image\" content=\"https:\/\/www.fundaciobarcelonaolimpica.es\/wp-content\/uploads\/sites\/3\/2022\/11\/35FF1215-3B5B-4A17-8884-72428638D9BE.jpeg\" \/>\n\t<meta property=\"og:image:width\" content=\"1600\" \/>\n\t<meta property=\"og:image:height\" content=\"1043\" \/>\n\t<meta property=\"og:image:type\" content=\"image\/jpeg\" \/>\n<meta name=\"author\" content=\"Ibone\" \/>\n<meta name=\"twitter:card\" content=\"summary_large_image\" \/>\n<meta name=\"twitter:label1\" content=\"Escrito por\" \/>\n\t<meta name=\"twitter:data1\" content=\"Ibone\" \/>\n\t<meta name=\"twitter:label2\" content=\"Tiempo de lectura\" \/>\n\t<meta name=\"twitter:data2\" content=\"3 minutos\" \/>\n<script type=\"application\/ld+json\" class=\"yoast-schema-graph\">{\"@context\":\"https:\/\/schema.org\",\"@graph\":[{\"@type\":\"Article\",\"@id\":\"https:\/\/www.fundaciobarcelonaolimpica.es\/es\/presentacion-del-documental-30-miradas-30-anos-despues\/#article\",\"isPartOf\":{\"@id\":\"https:\/\/www.fundaciobarcelonaolimpica.es\/es\/presentacion-del-documental-30-miradas-30-anos-despues\/\"},\"author\":{\"name\":\"Ibone\",\"@id\":\"https:\/\/www.fundaciobarcelonaolimpica.es\/ca\/#\/schema\/person\/b792834a53f193977df425a499287aa9\"},\"headline\":\"Presentaci\u00f3n del documental \u201c30 miradas, 30 a\u00f1os despu\u00e9s\u201d\",\"datePublished\":\"2022-11-22T18:06:56+00:00\",\"dateModified\":\"2022-11-22T18:06:56+00:00\",\"mainEntityOfPage\":{\"@id\":\"https:\/\/www.fundaciobarcelonaolimpica.es\/es\/presentacion-del-documental-30-miradas-30-anos-despues\/\"},\"wordCount\":676,\"publisher\":{\"@id\":\"https:\/\/www.fundaciobarcelonaolimpica.es\/ca\/#organization\"},\"image\":{\"@id\":\"https:\/\/www.fundaciobarcelonaolimpica.es\/es\/presentacion-del-documental-30-miradas-30-anos-despues\/#primaryimage\"},\"thumbnailUrl\":\"https:\/\/www.fundaciobarcelonaolimpica.es\/wp-content\/uploads\/sites\/3\/2022\/11\/35FF1215-3B5B-4A17-8884-72428638D9BE.jpeg\",\"articleSection\":[\"Sin categorizar\"],\"inLanguage\":\"es\"},{\"@type\":\"WebPage\",\"@id\":\"https:\/\/www.fundaciobarcelonaolimpica.es\/es\/presentacion-del-documental-30-miradas-30-anos-despues\/\",\"url\":\"https:\/\/www.fundaciobarcelonaolimpica.es\/es\/presentacion-del-documental-30-miradas-30-anos-despues\/\",\"name\":\"Presentaci\u00f3n del documental \u201c30 miradas, 30 a\u00f1os despu\u00e9s\u201d - Fundaci\u00f3 Barcelona Ol\u00edmpica\",\"isPartOf\":{\"@id\":\"https:\/\/www.fundaciobarcelonaolimpica.es\/ca\/#website\"},\"primaryImageOfPage\":{\"@id\":\"https:\/\/www.fundaciobarcelonaolimpica.es\/es\/presentacion-del-documental-30-miradas-30-anos-despues\/#primaryimage\"},\"image\":{\"@id\":\"https:\/\/www.fundaciobarcelonaolimpica.es\/es\/presentacion-del-documental-30-miradas-30-anos-despues\/#primaryimage\"},\"thumbnailUrl\":\"https:\/\/www.fundaciobarcelonaolimpica.es\/wp-content\/uploads\/sites\/3\/2022\/11\/35FF1215-3B5B-4A17-8884-72428638D9BE.jpeg\",\"datePublished\":\"2022-11-22T18:06:56+00:00\",\"dateModified\":\"2022-11-22T18:06:56+00:00\",\"breadcrumb\":{\"@id\":\"https:\/\/www.fundaciobarcelonaolimpica.es\/es\/presentacion-del-documental-30-miradas-30-anos-despues\/#breadcrumb\"},\"inLanguage\":\"es\",\"potentialAction\":[{\"@type\":\"ReadAction\",\"target\":[\"https:\/\/www.fundaciobarcelonaolimpica.es\/es\/presentacion-del-documental-30-miradas-30-anos-despues\/\"]}]},{\"@type\":\"ImageObject\",\"inLanguage\":\"es\",\"@id\":\"https:\/\/www.fundaciobarcelonaolimpica.es\/es\/presentacion-del-documental-30-miradas-30-anos-despues\/#primaryimage\",\"url\":\"https:\/\/www.fundaciobarcelonaolimpica.es\/wp-content\/uploads\/sites\/3\/2022\/11\/35FF1215-3B5B-4A17-8884-72428638D9BE.jpeg\",\"contentUrl\":\"https:\/\/www.fundaciobarcelonaolimpica.es\/wp-content\/uploads\/sites\/3\/2022\/11\/35FF1215-3B5B-4A17-8884-72428638D9BE.jpeg\",\"width\":1600,\"height\":1043},{\"@type\":\"BreadcrumbList\",\"@id\":\"https:\/\/www.fundaciobarcelonaolimpica.es\/es\/presentacion-del-documental-30-miradas-30-anos-despues\/#breadcrumb\",\"itemListElement\":[{\"@type\":\"ListItem\",\"position\":1,\"name\":\"FBO\",\"item\":\"https:\/\/www.fundaciobarcelonaolimpica.es\/es\/\"},{\"@type\":\"ListItem\",\"position\":2,\"name\":\"Presentaci\u00f3n del documental \u201c30 miradas, 30 a\u00f1os despu\u00e9s\u201d\"}]},{\"@type\":\"WebSite\",\"@id\":\"https:\/\/www.fundaciobarcelonaolimpica.es\/ca\/#website\",\"url\":\"https:\/\/www.fundaciobarcelonaolimpica.es\/ca\/\",\"name\":\"Fundaci\u00f3 Barcelona Ol\u00edmpica\",\"description\":\"Web del Museu Ol\u00edmpic i de l&#039;Esport\",\"publisher\":{\"@id\":\"https:\/\/www.fundaciobarcelonaolimpica.es\/ca\/#organization\"},\"potentialAction\":[{\"@type\":\"SearchAction\",\"target\":{\"@type\":\"EntryPoint\",\"urlTemplate\":\"https:\/\/www.fundaciobarcelonaolimpica.es\/ca\/?s={search_term_string}\"},\"query-input\":{\"@type\":\"PropertyValueSpecification\",\"valueRequired\":true,\"valueName\":\"search_term_string\"}}],\"inLanguage\":\"es\"},{\"@type\":\"Organization\",\"@id\":\"https:\/\/www.fundaciobarcelonaolimpica.es\/ca\/#organization\",\"name\":\"Fundaci\u00f3 Barcelona Ol\u00edmpica\",\"url\":\"https:\/\/www.fundaciobarcelonaolimpica.es\/ca\/\",\"logo\":{\"@type\":\"ImageObject\",\"inLanguage\":\"es\",\"@id\":\"https:\/\/www.fundaciobarcelonaolimpica.es\/ca\/#\/schema\/logo\/image\/\",\"url\":\"https:\/\/www.fundaciobarcelonaolimpica.es\/wp-content\/uploads\/sites\/3\/2019\/02\/logo-fundacio.svg\",\"contentUrl\":\"https:\/\/www.fundaciobarcelonaolimpica.es\/wp-content\/uploads\/sites\/3\/2019\/02\/logo-fundacio.svg\",\"caption\":\"Fundaci\u00f3 Barcelona Ol\u00edmpica\"},\"image\":{\"@id\":\"https:\/\/www.fundaciobarcelonaolimpica.es\/ca\/#\/schema\/logo\/image\/\"}},{\"@type\":\"Person\",\"@id\":\"https:\/\/www.fundaciobarcelonaolimpica.es\/ca\/#\/schema\/person\/b792834a53f193977df425a499287aa9\",\"name\":\"Ibone\",\"url\":\"https:\/\/www.fundaciobarcelonaolimpica.es\/es\/author\/fbolimpica\/\"}]}<\/script>\n<!-- \/ Yoast SEO plugin. -->","yoast_head_json":{"title":"Presentaci\u00f3n del documental \u201c30 miradas, 30 a\u00f1os despu\u00e9s\u201d - Fundaci\u00f3 Barcelona Ol\u00edmpica","robots":{"index":"index","follow":"follow","max-snippet":"max-snippet:-1","max-image-preview":"max-image-preview:large","max-video-preview":"max-video-preview:-1"},"canonical":"https:\/\/www.fundaciobarcelonaolimpica.es\/es\/presentacion-del-documental-30-miradas-30-anos-despues\/","og_locale":"es_ES","og_type":"article","og_title":"Presentaci\u00f3n del documental \u201c30 miradas, 30 a\u00f1os despu\u00e9s\u201d - Fundaci\u00f3 Barcelona Ol\u00edmpica","og_description":"El Museu Ol\u00edmpic de Barcelona ha acogido la premi\u00e8re del documental \u201c30 miradas, 30 a\u00f1os despu\u00e9s\u201d realizado por la Fundaci\u00f3 Barcelona Ol\u00edmpica. David Escud\u00e9, presidente de la Fundaci\u00f3 Barcelona Ol\u00edmpica y regidor d\u2019Esports de l\u2019Ajuntament de Barcelona, ha presidido el acto en el auditorio del Museu Ol\u00edmpic de Barcelona. Previo al pase del documental, la [&hellip;]","og_url":"https:\/\/www.fundaciobarcelonaolimpica.es\/es\/presentacion-del-documental-30-miradas-30-anos-despues\/","og_site_name":"Fundaci\u00f3 Barcelona Ol\u00edmpica","article_published_time":"2022-11-22T18:06:56+00:00","og_image":[{"width":1600,"height":1043,"url":"https:\/\/www.fundaciobarcelonaolimpica.es\/wp-content\/uploads\/sites\/3\/2022\/11\/35FF1215-3B5B-4A17-8884-72428638D9BE.jpeg","type":"image\/jpeg"}],"author":"Ibone","twitter_card":"summary_large_image","twitter_misc":{"Escrito por":"Ibone","Tiempo de lectura":"3 minutos"},"schema":{"@context":"https:\/\/schema.org","@graph":[{"@type":"Article","@id":"https:\/\/www.fundaciobarcelonaolimpica.es\/es\/presentacion-del-documental-30-miradas-30-anos-despues\/#article","isPartOf":{"@id":"https:\/\/www.fundaciobarcelonaolimpica.es\/es\/presentacion-del-documental-30-miradas-30-anos-despues\/"},"author":{"name":"Ibone","@id":"https:\/\/www.fundaciobarcelonaolimpica.es\/ca\/#\/schema\/person\/b792834a53f193977df425a499287aa9"},"headline":"Presentaci\u00f3n del documental \u201c30 miradas, 30 a\u00f1os despu\u00e9s\u201d","datePublished":"2022-11-22T18:06:56+00:00","dateModified":"2022-11-22T18:06:56+00:00","mainEntityOfPage":{"@id":"https:\/\/www.fundaciobarcelonaolimpica.es\/es\/presentacion-del-documental-30-miradas-30-anos-despues\/"},"wordCount":676,"publisher":{"@id":"https:\/\/www.fundaciobarcelonaolimpica.es\/ca\/#organization"},"image":{"@id":"https:\/\/www.fundaciobarcelonaolimpica.es\/es\/presentacion-del-documental-30-miradas-30-anos-despues\/#primaryimage"},"thumbnailUrl":"https:\/\/www.fundaciobarcelonaolimpica.es\/wp-content\/uploads\/sites\/3\/2022\/11\/35FF1215-3B5B-4A17-8884-72428638D9BE.jpeg","articleSection":["Sin categorizar"],"inLanguage":"es"},{"@type":"WebPage","@id":"https:\/\/www.fundaciobarcelonaolimpica.es\/es\/presentacion-del-documental-30-miradas-30-anos-despues\/","url":"https:\/\/www.fundaciobarcelonaolimpica.es\/es\/presentacion-del-documental-30-miradas-30-anos-despues\/","name":"Presentaci\u00f3n del documental \u201c30 miradas, 30 a\u00f1os despu\u00e9s\u201d - Fundaci\u00f3 Barcelona Ol\u00edmpica","isPartOf":{"@id":"https:\/\/www.fundaciobarcelonaolimpica.es\/ca\/#website"},"primaryImageOfPage":{"@id":"https:\/\/www.fundaciobarcelonaolimpica.es\/es\/presentacion-del-documental-30-miradas-30-anos-despues\/#primaryimage"},"image":{"@id":"https:\/\/www.fundaciobarcelonaolimpica.es\/es\/presentacion-del-documental-30-miradas-30-anos-despues\/#primaryimage"},"thumbnailUrl":"https:\/\/www.fundaciobarcelonaolimpica.es\/wp-content\/uploads\/sites\/3\/2022\/11\/35FF1215-3B5B-4A17-8884-72428638D9BE.jpeg","datePublished":"2022-11-22T18:06:56+00:00","dateModified":"2022-11-22T18:06:56+00:00","breadcrumb":{"@id":"https:\/\/www.fundaciobarcelonaolimpica.es\/es\/presentacion-del-documental-30-miradas-30-anos-despues\/#breadcrumb"},"inLanguage":"es","potentialAction":[{"@type":"ReadAction","target":["https:\/\/www.fundaciobarcelonaolimpica.es\/es\/presentacion-del-documental-30-miradas-30-anos-despues\/"]}]},{"@type":"ImageObject","inLanguage":"es","@id":"https:\/\/www.fundaciobarcelonaolimpica.es\/es\/presentacion-del-documental-30-miradas-30-anos-despues\/#primaryimage","url":"https:\/\/www.fundaciobarcelonaolimpica.es\/wp-content\/uploads\/sites\/3\/2022\/11\/35FF1215-3B5B-4A17-8884-72428638D9BE.jpeg","contentUrl":"https:\/\/www.fundaciobarcelonaolimpica.es\/wp-content\/uploads\/sites\/3\/2022\/11\/35FF1215-3B5B-4A17-8884-72428638D9BE.jpeg","width":1600,"height":1043},{"@type":"BreadcrumbList","@id":"https:\/\/www.fundaciobarcelonaolimpica.es\/es\/presentacion-del-documental-30-miradas-30-anos-despues\/#breadcrumb","itemListElement":[{"@type":"ListItem","position":1,"name":"FBO","item":"https:\/\/www.fundaciobarcelonaolimpica.es\/es\/"},{"@type":"ListItem","position":2,"name":"Presentaci\u00f3n del documental \u201c30 miradas, 30 a\u00f1os despu\u00e9s\u201d"}]},{"@type":"WebSite","@id":"https:\/\/www.fundaciobarcelonaolimpica.es\/ca\/#website","url":"https:\/\/www.fundaciobarcelonaolimpica.es\/ca\/","name":"Fundaci\u00f3 Barcelona Ol\u00edmpica","description":"Web del Museu Ol\u00edmpic i de l&#039;Esport","publisher":{"@id":"https:\/\/www.fundaciobarcelonaolimpica.es\/ca\/#organization"},"potentialAction":[{"@type":"SearchAction","target":{"@type":"EntryPoint","urlTemplate":"https:\/\/www.fundaciobarcelonaolimpica.es\/ca\/?s={search_term_string}"},"query-input":{"@type":"PropertyValueSpecification","valueRequired":true,"valueName":"search_term_string"}}],"inLanguage":"es"},{"@type":"Organization","@id":"https:\/\/www.fundaciobarcelonaolimpica.es\/ca\/#organization","name":"Fundaci\u00f3 Barcelona Ol\u00edmpica","url":"https:\/\/www.fundaciobarcelonaolimpica.es\/ca\/","logo":{"@type":"ImageObject","inLanguage":"es","@id":"https:\/\/www.fundaciobarcelonaolimpica.es\/ca\/#\/schema\/logo\/image\/","url":"https:\/\/www.fundaciobarcelonaolimpica.es\/wp-content\/uploads\/sites\/3\/2019\/02\/logo-fundacio.svg","contentUrl":"https:\/\/www.fundaciobarcelonaolimpica.es\/wp-content\/uploads\/sites\/3\/2019\/02\/logo-fundacio.svg","caption":"Fundaci\u00f3 Barcelona Ol\u00edmpica"},"image":{"@id":"https:\/\/www.fundaciobarcelonaolimpica.es\/ca\/#\/schema\/logo\/image\/"}},{"@type":"Person","@id":"https:\/\/www.fundaciobarcelonaolimpica.es\/ca\/#\/schema\/person\/b792834a53f193977df425a499287aa9","name":"Ibone","url":"https:\/\/www.fundaciobarcelonaolimpica.es\/es\/author\/fbolimpica\/"}]}},"_links":{"self":[{"href":"https:\/\/www.fundaciobarcelonaolimpica.es\/es\/wp-json\/wp\/v2\/posts\/26608"}],"collection":[{"href":"https:\/\/www.fundaciobarcelonaolimpica.es\/es\/wp-json\/wp\/v2\/posts"}],"about":[{"href":"https:\/\/www.fundaciobarcelonaolimpica.es\/es\/wp-json\/wp\/v2\/types\/post"}],"author":[{"embeddable":true,"href":"https:\/\/www.fundaciobarcelonaolimpica.es\/es\/wp-json\/wp\/v2\/users\/11"}],"replies":[{"embeddable":true,"href":"https:\/\/www.fundaciobarcelonaolimpica.es\/es\/wp-json\/wp\/v2\/comments?post=26608"}],"version-history":[{"count":2,"href":"https:\/\/www.fundaciobarcelonaolimpica.es\/es\/wp-json\/wp\/v2\/posts\/26608\/revisions"}],"predecessor-version":[{"id":26614,"href":"https:\/\/www.fundaciobarcelonaolimpica.es\/es\/wp-json\/wp\/v2\/posts\/26608\/revisions\/26614"}],"wp:featuredmedia":[{"embeddable":true,"href":"https:\/\/www.fundaciobarcelonaolimpica.es\/es\/wp-json\/wp\/v2\/media\/26670"}],"wp:attachment":[{"href":"https:\/\/www.fundaciobarcelonaolimpica.es\/es\/wp-json\/wp\/v2\/media?parent=26608"}],"wp:term":[{"taxonomy":"category","embeddable":true,"href":"https:\/\/www.fundaciobarcelonaolimpica.es\/es\/wp-json\/wp\/v2\/categories?post=26608"},{"taxonomy":"post_tag","embeddable":true,"href":"https:\/\/www.fundaciobarcelonaolimpica.es\/es\/wp-json\/wp\/v2\/tags?post=26608"}],"curies":[{"name":"wp","href":"https:\/\/api.w.org\/{rel}","templated":true}]}}