{"id":3191,"date":"2011-04-08T00:00:00","date_gmt":"2011-04-07T22:00:00","guid":{"rendered":"http:\/\/dev.fundaciobarcelonaolimpica.es\/albert-soler-nuevo-secretario-de-estado-para-el-deporte-comparecio-en-rueda-de-prensa-en-el-museu-olimpic-i-de-lesport-joan-antoni-samaranch\/"},"modified":"2011-04-08T00:00:00","modified_gmt":"2011-04-07T22:00:00","slug":"albert-soler-nuevo-secretario-de-estado-para-el-deporte-comparecio-en-rueda-de-prensa-en-el-museu-olimpic-i-de-lesport-joan-antoni-samaranch","status":"publish","type":"post","link":"https:\/\/www.fundaciobarcelonaolimpica.es\/es\/albert-soler-nuevo-secretario-de-estado-para-el-deporte-comparecio-en-rueda-de-prensa-en-el-museu-olimpic-i-de-lesport-joan-antoni-samaranch\/","title":{"rendered":"Albert Soler, nuevo secretario de Estado para el Deporte, compareci\u00f3 en rueda de prensa en el Museu Ol\u00edmpic i de l\u2019Esport Joan Antoni Samaranch"},"content":{"rendered":"<p>Soler quiso agradecer a Jaime Lissavetzky su gran apoyo y confianza. Tambi&eacute;n destac&oacute; que dentro de las directrices como secretario est&aacute; continuar con la lucha antidopaje que durante a&ntilde;os se est&aacute; desarrollando desde el Consejo Superior de Deportes. Soler anunci&oacute; que el Estado pedir&aacute; dos a&ntilde;os y medio de prisi&oacute;n para Eufeniano Fuentes, S&aacute;iz y Belda por la &ldquo;Operaci&oacute;n Puerto&rdquo;.<\/p>\n","protected":false},"excerpt":{"rendered":"<p>Aprovechando su paso por Barcelona, Albert Soler atendi&oacute; a los medios de comunicaci&oacute;n. En primer lugar, para agradecer el apoyo recibido desde la ciudad condal y para confirmar que la nueva Directora General de Deportes del CSD, cargo que anteriormente ostentaba &eacute;l mismo, ser&aacute; Matilde Garc&iacute;a Duarte.<\/p>\n","protected":false},"author":1,"featured_media":0,"comment_status":"open","ping_status":"open","sticky":false,"template":"","format":"standard","meta":{"_acf_changed":false,"footnotes":""},"categories":[1],"tags":[],"class_list":["post-3191","post","type-post","status-publish","format-standard","hentry","category-sin-categorizar"],"acf":[],"yoast_head":"<!-- This site is optimized with the Yoast SEO plugin v23.7 - https:\/\/yoast.com\/wordpress\/plugins\/seo\/ -->\n<title>Albert Soler, nuevo secretario de Estado para el Deporte, compareci\u00f3 en rueda de prensa en el Museu Ol\u00edmpic i de l\u2019Esport Joan Antoni Samaranch - Fundaci\u00f3 Barcelona Ol\u00edmpica<\/title>\n<meta name=\"robots\" content=\"index, follow, max-snippet:-1, max-image-preview:large, max-video-preview:-1\" \/>\n<link rel=\"canonical\" href=\"https:\/\/www.fundaciobarcelonaolimpica.es\/es\/albert-soler-nuevo-secretario-de-estado-para-el-deporte-comparecio-en-rueda-de-prensa-en-el-museu-olimpic-i-de-lesport-joan-antoni-samaranch\/\" \/>\n<meta property=\"og:locale\" content=\"es_ES\" \/>\n<meta property=\"og:type\" content=\"article\" \/>\n<meta property=\"og:title\" content=\"Albert Soler, nuevo secretario de Estado para el Deporte, compareci\u00f3 en rueda de prensa en el Museu Ol\u00edmpic i de l\u2019Esport Joan Antoni Samaranch - Fundaci\u00f3 Barcelona Ol\u00edmpica\" \/>\n<meta property=\"og:description\" content=\"Aprovechando su paso por Barcelona, Albert Soler atendi&oacute; a los medios de comunicaci&oacute;n. En primer lugar, para agradecer el apoyo recibido desde la ciudad condal y para confirmar que la nueva Directora General de Deportes del CSD, cargo que anteriormente ostentaba &eacute;l mismo, ser&aacute; Matilde Garc&iacute;a Duarte.\" \/>\n<meta property=\"og:url\" content=\"https:\/\/www.fundaciobarcelonaolimpica.es\/es\/albert-soler-nuevo-secretario-de-estado-para-el-deporte-comparecio-en-rueda-de-prensa-en-el-museu-olimpic-i-de-lesport-joan-antoni-samaranch\/\" \/>\n<meta property=\"og:site_name\" content=\"Fundaci\u00f3 Barcelona Ol\u00edmpica\" \/>\n<meta property=\"article:published_time\" content=\"2011-04-07T22:00:00+00:00\" \/>\n<meta name=\"author\" content=\"useradmin\" \/>\n<meta name=\"twitter:card\" content=\"summary_large_image\" \/>\n<meta name=\"twitter:label1\" content=\"Escrito por\" \/>\n\t<meta name=\"twitter:data1\" content=\"useradmin\" \/>\n<script type=\"application\/ld+json\" class=\"yoast-schema-graph\">{\"@context\":\"https:\/\/schema.org\",\"@graph\":[{\"@type\":\"Article\",\"@id\":\"https:\/\/www.fundaciobarcelonaolimpica.es\/es\/albert-soler-nuevo-secretario-de-estado-para-el-deporte-comparecio-en-rueda-de-prensa-en-el-museu-olimpic-i-de-lesport-joan-antoni-samaranch\/#article\",\"isPartOf\":{\"@id\":\"https:\/\/www.fundaciobarcelonaolimpica.es\/es\/albert-soler-nuevo-secretario-de-estado-para-el-deporte-comparecio-en-rueda-de-prensa-en-el-museu-olimpic-i-de-lesport-joan-antoni-samaranch\/\"},\"author\":{\"name\":\"useradmin\",\"@id\":\"https:\/\/www.fundaciobarcelonaolimpica.es\/ca\/#\/schema\/person\/d05705664e87aa04c6ce53d48133fb39\"},\"headline\":\"Albert Soler, nuevo secretario de Estado para el Deporte, compareci\u00f3 en rueda de prensa en el Museu Ol\u00edmpic i de l\u2019Esport Joan Antoni Samaranch\",\"datePublished\":\"2011-04-07T22:00:00+00:00\",\"dateModified\":\"2011-04-07T22:00:00+00:00\",\"mainEntityOfPage\":{\"@id\":\"https:\/\/www.fundaciobarcelonaolimpica.es\/es\/albert-soler-nuevo-secretario-de-estado-para-el-deporte-comparecio-en-rueda-de-prensa-en-el-museu-olimpic-i-de-lesport-joan-antoni-samaranch\/\"},\"wordCount\":105,\"commentCount\":9,\"publisher\":{\"@id\":\"https:\/\/www.fundaciobarcelonaolimpica.es\/ca\/#organization\"},\"articleSection\":[\"Sin categorizar\"],\"inLanguage\":\"es\",\"potentialAction\":[{\"@type\":\"CommentAction\",\"name\":\"Comment\",\"target\":[\"https:\/\/www.fundaciobarcelonaolimpica.es\/es\/albert-soler-nuevo-secretario-de-estado-para-el-deporte-comparecio-en-rueda-de-prensa-en-el-museu-olimpic-i-de-lesport-joan-antoni-samaranch\/#respond\"]}]},{\"@type\":\"WebPage\",\"@id\":\"https:\/\/www.fundaciobarcelonaolimpica.es\/es\/albert-soler-nuevo-secretario-de-estado-para-el-deporte-comparecio-en-rueda-de-prensa-en-el-museu-olimpic-i-de-lesport-joan-antoni-samaranch\/\",\"url\":\"https:\/\/www.fundaciobarcelonaolimpica.es\/es\/albert-soler-nuevo-secretario-de-estado-para-el-deporte-comparecio-en-rueda-de-prensa-en-el-museu-olimpic-i-de-lesport-joan-antoni-samaranch\/\",\"name\":\"Albert Soler, nuevo secretario de Estado para el Deporte, compareci\u00f3 en rueda de prensa en el Museu Ol\u00edmpic i de l\u2019Esport Joan Antoni Samaranch - Fundaci\u00f3 Barcelona Ol\u00edmpica\",\"isPartOf\":{\"@id\":\"https:\/\/www.fundaciobarcelonaolimpica.es\/ca\/#website\"},\"datePublished\":\"2011-04-07T22:00:00+00:00\",\"dateModified\":\"2011-04-07T22:00:00+00:00\",\"breadcrumb\":{\"@id\":\"https:\/\/www.fundaciobarcelonaolimpica.es\/es\/albert-soler-nuevo-secretario-de-estado-para-el-deporte-comparecio-en-rueda-de-prensa-en-el-museu-olimpic-i-de-lesport-joan-antoni-samaranch\/#breadcrumb\"},\"inLanguage\":\"es\",\"potentialAction\":[{\"@type\":\"ReadAction\",\"target\":[\"https:\/\/www.fundaciobarcelonaolimpica.es\/es\/albert-soler-nuevo-secretario-de-estado-para-el-deporte-comparecio-en-rueda-de-prensa-en-el-museu-olimpic-i-de-lesport-joan-antoni-samaranch\/\"]}]},{\"@type\":\"BreadcrumbList\",\"@id\":\"https:\/\/www.fundaciobarcelonaolimpica.es\/es\/albert-soler-nuevo-secretario-de-estado-para-el-deporte-comparecio-en-rueda-de-prensa-en-el-museu-olimpic-i-de-lesport-joan-antoni-samaranch\/#breadcrumb\",\"itemListElement\":[{\"@type\":\"ListItem\",\"position\":1,\"name\":\"FBO\",\"item\":\"https:\/\/www.fundaciobarcelonaolimpica.es\/es\/\"},{\"@type\":\"ListItem\",\"position\":2,\"name\":\"Albert Soler, nuevo secretario de Estado para el Deporte, compareci\u00f3 en rueda de prensa en el Museu Ol\u00edmpic i de l\u2019Esport Joan Antoni Samaranch\"}]},{\"@type\":\"WebSite\",\"@id\":\"https:\/\/www.fundaciobarcelonaolimpica.es\/ca\/#website\",\"url\":\"https:\/\/www.fundaciobarcelonaolimpica.es\/ca\/\",\"name\":\"Fundaci\u00f3 Barcelona Ol\u00edmpica\",\"description\":\"Web del Museu Ol\u00edmpic i de l&#039;Esport\",\"publisher\":{\"@id\":\"https:\/\/www.fundaciobarcelonaolimpica.es\/ca\/#organization\"},\"potentialAction\":[{\"@type\":\"SearchAction\",\"target\":{\"@type\":\"EntryPoint\",\"urlTemplate\":\"https:\/\/www.fundaciobarcelonaolimpica.es\/ca\/?s={search_term_string}\"},\"query-input\":{\"@type\":\"PropertyValueSpecification\",\"valueRequired\":true,\"valueName\":\"search_term_string\"}}],\"inLanguage\":\"es\"},{\"@type\":\"Organization\",\"@id\":\"https:\/\/www.fundaciobarcelonaolimpica.es\/ca\/#organization\",\"name\":\"Fundaci\u00f3 Barcelona Ol\u00edmpica\",\"url\":\"https:\/\/www.fundaciobarcelonaolimpica.es\/ca\/\",\"logo\":{\"@type\":\"ImageObject\",\"inLanguage\":\"es\",\"@id\":\"https:\/\/www.fundaciobarcelonaolimpica.es\/ca\/#\/schema\/logo\/image\/\",\"url\":\"https:\/\/www.fundaciobarcelonaolimpica.es\/wp-content\/uploads\/sites\/3\/2019\/02\/logo-fundacio.svg\",\"contentUrl\":\"https:\/\/www.fundaciobarcelonaolimpica.es\/wp-content\/uploads\/sites\/3\/2019\/02\/logo-fundacio.svg\",\"caption\":\"Fundaci\u00f3 Barcelona Ol\u00edmpica\"},\"image\":{\"@id\":\"https:\/\/www.fundaciobarcelonaolimpica.es\/ca\/#\/schema\/logo\/image\/\"}},{\"@type\":\"Person\",\"@id\":\"https:\/\/www.fundaciobarcelonaolimpica.es\/ca\/#\/schema\/person\/d05705664e87aa04c6ce53d48133fb39\",\"name\":\"useradmin\",\"url\":\"https:\/\/www.fundaciobarcelonaolimpica.es\/es\/author\/useradmin\/\"}]}<\/script>\n<!-- \/ Yoast SEO plugin. -->","yoast_head_json":{"title":"Albert Soler, nuevo secretario de Estado para el Deporte, compareci\u00f3 en rueda de prensa en el Museu Ol\u00edmpic i de l\u2019Esport Joan Antoni Samaranch - Fundaci\u00f3 Barcelona Ol\u00edmpica","robots":{"index":"index","follow":"follow","max-snippet":"max-snippet:-1","max-image-preview":"max-image-preview:large","max-video-preview":"max-video-preview:-1"},"canonical":"https:\/\/www.fundaciobarcelonaolimpica.es\/es\/albert-soler-nuevo-secretario-de-estado-para-el-deporte-comparecio-en-rueda-de-prensa-en-el-museu-olimpic-i-de-lesport-joan-antoni-samaranch\/","og_locale":"es_ES","og_type":"article","og_title":"Albert Soler, nuevo secretario de Estado para el Deporte, compareci\u00f3 en rueda de prensa en el Museu Ol\u00edmpic i de l\u2019Esport Joan Antoni Samaranch - Fundaci\u00f3 Barcelona Ol\u00edmpica","og_description":"Aprovechando su paso por Barcelona, Albert Soler atendi&oacute; a los medios de comunicaci&oacute;n. En primer lugar, para agradecer el apoyo recibido desde la ciudad condal y para confirmar que la nueva Directora General de Deportes del CSD, cargo que anteriormente ostentaba &eacute;l mismo, ser&aacute; Matilde Garc&iacute;a Duarte.","og_url":"https:\/\/www.fundaciobarcelonaolimpica.es\/es\/albert-soler-nuevo-secretario-de-estado-para-el-deporte-comparecio-en-rueda-de-prensa-en-el-museu-olimpic-i-de-lesport-joan-antoni-samaranch\/","og_site_name":"Fundaci\u00f3 Barcelona Ol\u00edmpica","article_published_time":"2011-04-07T22:00:00+00:00","author":"useradmin","twitter_card":"summary_large_image","twitter_misc":{"Escrito por":"useradmin"},"schema":{"@context":"https:\/\/schema.org","@graph":[{"@type":"Article","@id":"https:\/\/www.fundaciobarcelonaolimpica.es\/es\/albert-soler-nuevo-secretario-de-estado-para-el-deporte-comparecio-en-rueda-de-prensa-en-el-museu-olimpic-i-de-lesport-joan-antoni-samaranch\/#article","isPartOf":{"@id":"https:\/\/www.fundaciobarcelonaolimpica.es\/es\/albert-soler-nuevo-secretario-de-estado-para-el-deporte-comparecio-en-rueda-de-prensa-en-el-museu-olimpic-i-de-lesport-joan-antoni-samaranch\/"},"author":{"name":"useradmin","@id":"https:\/\/www.fundaciobarcelonaolimpica.es\/ca\/#\/schema\/person\/d05705664e87aa04c6ce53d48133fb39"},"headline":"Albert Soler, nuevo secretario de Estado para el Deporte, compareci\u00f3 en rueda de prensa en el Museu Ol\u00edmpic i de l\u2019Esport Joan Antoni Samaranch","datePublished":"2011-04-07T22:00:00+00:00","dateModified":"2011-04-07T22:00:00+00:00","mainEntityOfPage":{"@id":"https:\/\/www.fundaciobarcelonaolimpica.es\/es\/albert-soler-nuevo-secretario-de-estado-para-el-deporte-comparecio-en-rueda-de-prensa-en-el-museu-olimpic-i-de-lesport-joan-antoni-samaranch\/"},"wordCount":105,"commentCount":9,"publisher":{"@id":"https:\/\/www.fundaciobarcelonaolimpica.es\/ca\/#organization"},"articleSection":["Sin categorizar"],"inLanguage":"es","potentialAction":[{"@type":"CommentAction","name":"Comment","target":["https:\/\/www.fundaciobarcelonaolimpica.es\/es\/albert-soler-nuevo-secretario-de-estado-para-el-deporte-comparecio-en-rueda-de-prensa-en-el-museu-olimpic-i-de-lesport-joan-antoni-samaranch\/#respond"]}]},{"@type":"WebPage","@id":"https:\/\/www.fundaciobarcelonaolimpica.es\/es\/albert-soler-nuevo-secretario-de-estado-para-el-deporte-comparecio-en-rueda-de-prensa-en-el-museu-olimpic-i-de-lesport-joan-antoni-samaranch\/","url":"https:\/\/www.fundaciobarcelonaolimpica.es\/es\/albert-soler-nuevo-secretario-de-estado-para-el-deporte-comparecio-en-rueda-de-prensa-en-el-museu-olimpic-i-de-lesport-joan-antoni-samaranch\/","name":"Albert Soler, nuevo secretario de Estado para el Deporte, compareci\u00f3 en rueda de prensa en el Museu Ol\u00edmpic i de l\u2019Esport Joan Antoni Samaranch - Fundaci\u00f3 Barcelona Ol\u00edmpica","isPartOf":{"@id":"https:\/\/www.fundaciobarcelonaolimpica.es\/ca\/#website"},"datePublished":"2011-04-07T22:00:00+00:00","dateModified":"2011-04-07T22:00:00+00:00","breadcrumb":{"@id":"https:\/\/www.fundaciobarcelonaolimpica.es\/es\/albert-soler-nuevo-secretario-de-estado-para-el-deporte-comparecio-en-rueda-de-prensa-en-el-museu-olimpic-i-de-lesport-joan-antoni-samaranch\/#breadcrumb"},"inLanguage":"es","potentialAction":[{"@type":"ReadAction","target":["https:\/\/www.fundaciobarcelonaolimpica.es\/es\/albert-soler-nuevo-secretario-de-estado-para-el-deporte-comparecio-en-rueda-de-prensa-en-el-museu-olimpic-i-de-lesport-joan-antoni-samaranch\/"]}]},{"@type":"BreadcrumbList","@id":"https:\/\/www.fundaciobarcelonaolimpica.es\/es\/albert-soler-nuevo-secretario-de-estado-para-el-deporte-comparecio-en-rueda-de-prensa-en-el-museu-olimpic-i-de-lesport-joan-antoni-samaranch\/#breadcrumb","itemListElement":[{"@type":"ListItem","position":1,"name":"FBO","item":"https:\/\/www.fundaciobarcelonaolimpica.es\/es\/"},{"@type":"ListItem","position":2,"name":"Albert Soler, nuevo secretario de Estado para el Deporte, compareci\u00f3 en rueda de prensa en el Museu Ol\u00edmpic i de l\u2019Esport Joan Antoni Samaranch"}]},{"@type":"WebSite","@id":"https:\/\/www.fundaciobarcelonaolimpica.es\/ca\/#website","url":"https:\/\/www.fundaciobarcelonaolimpica.es\/ca\/","name":"Fundaci\u00f3 Barcelona Ol\u00edmpica","description":"Web del Museu Ol\u00edmpic i de l&#039;Esport","publisher":{"@id":"https:\/\/www.fundaciobarcelonaolimpica.es\/ca\/#organization"},"potentialAction":[{"@type":"SearchAction","target":{"@type":"EntryPoint","urlTemplate":"https:\/\/www.fundaciobarcelonaolimpica.es\/ca\/?s={search_term_string}"},"query-input":{"@type":"PropertyValueSpecification","valueRequired":true,"valueName":"search_term_string"}}],"inLanguage":"es"},{"@type":"Organization","@id":"https:\/\/www.fundaciobarcelonaolimpica.es\/ca\/#organization","name":"Fundaci\u00f3 Barcelona Ol\u00edmpica","url":"https:\/\/www.fundaciobarcelonaolimpica.es\/ca\/","logo":{"@type":"ImageObject","inLanguage":"es","@id":"https:\/\/www.fundaciobarcelonaolimpica.es\/ca\/#\/schema\/logo\/image\/","url":"https:\/\/www.fundaciobarcelonaolimpica.es\/wp-content\/uploads\/sites\/3\/2019\/02\/logo-fundacio.svg","contentUrl":"https:\/\/www.fundaciobarcelonaolimpica.es\/wp-content\/uploads\/sites\/3\/2019\/02\/logo-fundacio.svg","caption":"Fundaci\u00f3 Barcelona Ol\u00edmpica"},"image":{"@id":"https:\/\/www.fundaciobarcelonaolimpica.es\/ca\/#\/schema\/logo\/image\/"}},{"@type":"Person","@id":"https:\/\/www.fundaciobarcelonaolimpica.es\/ca\/#\/schema\/person\/d05705664e87aa04c6ce53d48133fb39","name":"useradmin","url":"https:\/\/www.fundaciobarcelonaolimpica.es\/es\/author\/useradmin\/"}]}},"_links":{"self":[{"href":"https:\/\/www.fundaciobarcelonaolimpica.es\/es\/wp-json\/wp\/v2\/posts\/3191"}],"collection":[{"href":"https:\/\/www.fundaciobarcelonaolimpica.es\/es\/wp-json\/wp\/v2\/posts"}],"about":[{"href":"https:\/\/www.fundaciobarcelonaolimpica.es\/es\/wp-json\/wp\/v2\/types\/post"}],"author":[{"embeddable":true,"href":"https:\/\/www.fundaciobarcelonaolimpica.es\/es\/wp-json\/wp\/v2\/users\/1"}],"replies":[{"embeddable":true,"href":"https:\/\/www.fundaciobarcelonaolimpica.es\/es\/wp-json\/wp\/v2\/comments?post=3191"}],"version-history":[{"count":0,"href":"https:\/\/www.fundaciobarcelonaolimpica.es\/es\/wp-json\/wp\/v2\/posts\/3191\/revisions"}],"wp:attachment":[{"href":"https:\/\/www.fundaciobarcelonaolimpica.es\/es\/wp-json\/wp\/v2\/media?parent=3191"}],"wp:term":[{"taxonomy":"category","embeddable":true,"href":"https:\/\/www.fundaciobarcelonaolimpica.es\/es\/wp-json\/wp\/v2\/categories?post=3191"},{"taxonomy":"post_tag","embeddable":true,"href":"https:\/\/www.fundaciobarcelonaolimpica.es\/es\/wp-json\/wp\/v2\/tags?post=3191"}],"curies":[{"name":"wp","href":"https:\/\/api.w.org\/{rel}","templated":true}]}}