{"id":3757,"date":"2011-09-08T00:00:00","date_gmt":"2011-09-07T22:00:00","guid":{"rendered":"http:\/\/dev.fundaciobarcelonaolimpica.es\/la-travesia-nedamarcelona-del-proximo-11-de-septiembre-ha-sido-presentada-en-el-museu-olimpic-i-de-lesport-joan-antoni-samaranch-esta-primera-edicion-se-realizara-en-el-marco-incomparable-d\/"},"modified":"2011-09-08T00:00:00","modified_gmt":"2011-09-07T22:00:00","slug":"la-travesia-nedamarcelona-del-proximo-11-de-septiembre-ha-sido-presentada-en-el-museu-olimpic-i-de-lesport-joan-antoni-samaranch-esta-primera-edicion-se-realizara-en-el-marco-incomparable-d","status":"publish","type":"post","link":"https:\/\/www.fundaciobarcelonaolimpica.es\/es\/la-travesia-nedamarcelona-del-proximo-11-de-septiembre-ha-sido-presentada-en-el-museu-olimpic-i-de-lesport-joan-antoni-samaranch-esta-primera-edicion-se-realizara-en-el-marco-incomparable-d\/","title":{"rendered":"La Traves\u00eda NedaMarcelona del pr\u00f3ximo 11 de septiembre, ha sido presentada en el Museu Ol\u00edmpic i de l\u2019Esport Joan Antoni Samaranch. Esta primera edici\u00f3n se realizar\u00e1 en el marco incomparable de la costa de la ciudad de Barcelona"},"content":{"rendered":"<p>NedaMarcelona es una prueba no competitiva de 5.700m desde la playa de Sant Sebasti&agrave; hasta el F&ograve;rum. El objetivo de esta prueba es disfrutar de la costa de Barcelona y del <em>skyline<\/em> de la ciudad desde el mar.<\/p>\n<p>Miquel Su&ntilde;er, ultrafondista, y Dani Serra, nadador de regencia en aguas abiertas, son dos de los nadadores que realizar&aacute;n la NedaMarcelona.<\/p>\n<p>Maite Fandos, Tinenta d&rsquo;Alcalde de Qualitat de Vida, Igualtat i Esports, ha destacado que es una ocasi&oacute;n &uacute;nica de disfrutar del mar de Barcelona en un d&iacute;a tan especial como <em>la Diada <\/em>de Catalu&ntilde;a.<\/p>\n<p>&nbsp;<\/p>\n","protected":false},"excerpt":{"rendered":"<p>El acto ha estado presidido por la Sra. Maite Fandos, Tinenta d&rsquo;Alcalde de Qualitat de Vida, Igualtat i Esports; el Sr. Enric Beltr&aacute;n, presidente de la Federaci&oacute; Catalana de Nataci&oacute;; el Sr. Marc Caball&eacute;, gerente de &ldquo;Neda el M&oacute;n&rdquo;; el Sr. Carles Meil&aacute;n, presidente de la entidad CET 10, y el Sr. Toni fuentes, responsable de Operacions Mar.<\/p>\n","protected":false},"author":1,"featured_media":0,"comment_status":"open","ping_status":"open","sticky":false,"template":"","format":"standard","meta":{"_acf_changed":false,"footnotes":""},"categories":[1],"tags":[],"class_list":["post-3757","post","type-post","status-publish","format-standard","hentry","category-sin-categorizar"],"acf":[],"yoast_head":"<!-- This site is optimized with the Yoast SEO plugin v23.7 - https:\/\/yoast.com\/wordpress\/plugins\/seo\/ -->\n<title>La Traves\u00eda NedaMarcelona del pr\u00f3ximo 11 de septiembre, ha sido presentada en el Museu Ol\u00edmpic i de l\u2019Esport Joan Antoni Samaranch. Esta primera edici\u00f3n se realizar\u00e1 en el marco incomparable de la costa de la ciudad de Barcelona - Fundaci\u00f3 Barcelona Ol\u00edmpica<\/title>\n<meta name=\"robots\" content=\"index, follow, max-snippet:-1, max-image-preview:large, max-video-preview:-1\" \/>\n<link rel=\"canonical\" href=\"https:\/\/www.fundaciobarcelonaolimpica.es\/es\/la-travesia-nedamarcelona-del-proximo-11-de-septiembre-ha-sido-presentada-en-el-museu-olimpic-i-de-lesport-joan-antoni-samaranch-esta-primera-edicion-se-realizara-en-el-marco-incomparable-d\/\" \/>\n<meta property=\"og:locale\" content=\"es_ES\" \/>\n<meta property=\"og:type\" content=\"article\" \/>\n<meta property=\"og:title\" content=\"La Traves\u00eda NedaMarcelona del pr\u00f3ximo 11 de septiembre, ha sido presentada en el Museu Ol\u00edmpic i de l\u2019Esport Joan Antoni Samaranch. Esta primera edici\u00f3n se realizar\u00e1 en el marco incomparable de la costa de la ciudad de Barcelona - Fundaci\u00f3 Barcelona Ol\u00edmpica\" \/>\n<meta property=\"og:description\" content=\"El acto ha estado presidido por la Sra. Maite Fandos, Tinenta d&rsquo;Alcalde de Qualitat de Vida, Igualtat i Esports; el Sr. Enric Beltr&aacute;n, presidente de la Federaci&oacute; Catalana de Nataci&oacute;; el Sr. Marc Caball&eacute;, gerente de &ldquo;Neda el M&oacute;n&rdquo;; el Sr. Carles Meil&aacute;n, presidente de la entidad CET 10, y el Sr. Toni fuentes, responsable de Operacions Mar.\" \/>\n<meta property=\"og:url\" content=\"https:\/\/www.fundaciobarcelonaolimpica.es\/es\/la-travesia-nedamarcelona-del-proximo-11-de-septiembre-ha-sido-presentada-en-el-museu-olimpic-i-de-lesport-joan-antoni-samaranch-esta-primera-edicion-se-realizara-en-el-marco-incomparable-d\/\" \/>\n<meta property=\"og:site_name\" content=\"Fundaci\u00f3 Barcelona Ol\u00edmpica\" \/>\n<meta property=\"article:published_time\" content=\"2011-09-07T22:00:00+00:00\" \/>\n<meta name=\"author\" content=\"useradmin\" \/>\n<meta name=\"twitter:card\" content=\"summary_large_image\" \/>\n<meta name=\"twitter:label1\" content=\"Escrito por\" \/>\n\t<meta name=\"twitter:data1\" content=\"useradmin\" \/>\n\t<meta name=\"twitter:label2\" content=\"Tiempo de lectura\" \/>\n\t<meta name=\"twitter:data2\" content=\"1 minuto\" \/>\n<script type=\"application\/ld+json\" class=\"yoast-schema-graph\">{\"@context\":\"https:\/\/schema.org\",\"@graph\":[{\"@type\":\"Article\",\"@id\":\"https:\/\/www.fundaciobarcelonaolimpica.es\/es\/la-travesia-nedamarcelona-del-proximo-11-de-septiembre-ha-sido-presentada-en-el-museu-olimpic-i-de-lesport-joan-antoni-samaranch-esta-primera-edicion-se-realizara-en-el-marco-incomparable-d\/#article\",\"isPartOf\":{\"@id\":\"https:\/\/www.fundaciobarcelonaolimpica.es\/es\/la-travesia-nedamarcelona-del-proximo-11-de-septiembre-ha-sido-presentada-en-el-museu-olimpic-i-de-lesport-joan-antoni-samaranch-esta-primera-edicion-se-realizara-en-el-marco-incomparable-d\/\"},\"author\":{\"name\":\"useradmin\",\"@id\":\"https:\/\/www.fundaciobarcelonaolimpica.es\/ca\/#\/schema\/person\/d05705664e87aa04c6ce53d48133fb39\"},\"headline\":\"La Traves\u00eda NedaMarcelona del pr\u00f3ximo 11 de septiembre, ha sido presentada en el Museu Ol\u00edmpic i de l\u2019Esport Joan Antoni Samaranch. Esta primera edici\u00f3n se realizar\u00e1 en el marco incomparable de la costa de la ciudad de Barcelona\",\"datePublished\":\"2011-09-07T22:00:00+00:00\",\"dateModified\":\"2011-09-07T22:00:00+00:00\",\"mainEntityOfPage\":{\"@id\":\"https:\/\/www.fundaciobarcelonaolimpica.es\/es\/la-travesia-nedamarcelona-del-proximo-11-de-septiembre-ha-sido-presentada-en-el-museu-olimpic-i-de-lesport-joan-antoni-samaranch-esta-primera-edicion-se-realizara-en-el-marco-incomparable-d\/\"},\"wordCount\":152,\"commentCount\":11,\"publisher\":{\"@id\":\"https:\/\/www.fundaciobarcelonaolimpica.es\/ca\/#organization\"},\"articleSection\":[\"Sin categorizar\"],\"inLanguage\":\"es\",\"potentialAction\":[{\"@type\":\"CommentAction\",\"name\":\"Comment\",\"target\":[\"https:\/\/www.fundaciobarcelonaolimpica.es\/es\/la-travesia-nedamarcelona-del-proximo-11-de-septiembre-ha-sido-presentada-en-el-museu-olimpic-i-de-lesport-joan-antoni-samaranch-esta-primera-edicion-se-realizara-en-el-marco-incomparable-d\/#respond\"]}]},{\"@type\":\"WebPage\",\"@id\":\"https:\/\/www.fundaciobarcelonaolimpica.es\/es\/la-travesia-nedamarcelona-del-proximo-11-de-septiembre-ha-sido-presentada-en-el-museu-olimpic-i-de-lesport-joan-antoni-samaranch-esta-primera-edicion-se-realizara-en-el-marco-incomparable-d\/\",\"url\":\"https:\/\/www.fundaciobarcelonaolimpica.es\/es\/la-travesia-nedamarcelona-del-proximo-11-de-septiembre-ha-sido-presentada-en-el-museu-olimpic-i-de-lesport-joan-antoni-samaranch-esta-primera-edicion-se-realizara-en-el-marco-incomparable-d\/\",\"name\":\"La Traves\u00eda NedaMarcelona del pr\u00f3ximo 11 de septiembre, ha sido presentada en el Museu Ol\u00edmpic i de l\u2019Esport Joan Antoni Samaranch. Esta primera edici\u00f3n se realizar\u00e1 en el marco incomparable de la costa de la ciudad de Barcelona - Fundaci\u00f3 Barcelona Ol\u00edmpica\",\"isPartOf\":{\"@id\":\"https:\/\/www.fundaciobarcelonaolimpica.es\/ca\/#website\"},\"datePublished\":\"2011-09-07T22:00:00+00:00\",\"dateModified\":\"2011-09-07T22:00:00+00:00\",\"breadcrumb\":{\"@id\":\"https:\/\/www.fundaciobarcelonaolimpica.es\/es\/la-travesia-nedamarcelona-del-proximo-11-de-septiembre-ha-sido-presentada-en-el-museu-olimpic-i-de-lesport-joan-antoni-samaranch-esta-primera-edicion-se-realizara-en-el-marco-incomparable-d\/#breadcrumb\"},\"inLanguage\":\"es\",\"potentialAction\":[{\"@type\":\"ReadAction\",\"target\":[\"https:\/\/www.fundaciobarcelonaolimpica.es\/es\/la-travesia-nedamarcelona-del-proximo-11-de-septiembre-ha-sido-presentada-en-el-museu-olimpic-i-de-lesport-joan-antoni-samaranch-esta-primera-edicion-se-realizara-en-el-marco-incomparable-d\/\"]}]},{\"@type\":\"BreadcrumbList\",\"@id\":\"https:\/\/www.fundaciobarcelonaolimpica.es\/es\/la-travesia-nedamarcelona-del-proximo-11-de-septiembre-ha-sido-presentada-en-el-museu-olimpic-i-de-lesport-joan-antoni-samaranch-esta-primera-edicion-se-realizara-en-el-marco-incomparable-d\/#breadcrumb\",\"itemListElement\":[{\"@type\":\"ListItem\",\"position\":1,\"name\":\"FBO\",\"item\":\"https:\/\/www.fundaciobarcelonaolimpica.es\/es\/\"},{\"@type\":\"ListItem\",\"position\":2,\"name\":\"La Traves\u00eda NedaMarcelona del pr\u00f3ximo 11 de septiembre, ha sido presentada en el Museu Ol\u00edmpic i de l\u2019Esport Joan Antoni Samaranch. Esta primera edici\u00f3n se realizar\u00e1 en el marco incomparable de la costa de la ciudad de Barcelona\"}]},{\"@type\":\"WebSite\",\"@id\":\"https:\/\/www.fundaciobarcelonaolimpica.es\/ca\/#website\",\"url\":\"https:\/\/www.fundaciobarcelonaolimpica.es\/ca\/\",\"name\":\"Fundaci\u00f3 Barcelona Ol\u00edmpica\",\"description\":\"Web del Museu Ol\u00edmpic i de l&#039;Esport\",\"publisher\":{\"@id\":\"https:\/\/www.fundaciobarcelonaolimpica.es\/ca\/#organization\"},\"potentialAction\":[{\"@type\":\"SearchAction\",\"target\":{\"@type\":\"EntryPoint\",\"urlTemplate\":\"https:\/\/www.fundaciobarcelonaolimpica.es\/ca\/?s={search_term_string}\"},\"query-input\":{\"@type\":\"PropertyValueSpecification\",\"valueRequired\":true,\"valueName\":\"search_term_string\"}}],\"inLanguage\":\"es\"},{\"@type\":\"Organization\",\"@id\":\"https:\/\/www.fundaciobarcelonaolimpica.es\/ca\/#organization\",\"name\":\"Fundaci\u00f3 Barcelona Ol\u00edmpica\",\"url\":\"https:\/\/www.fundaciobarcelonaolimpica.es\/ca\/\",\"logo\":{\"@type\":\"ImageObject\",\"inLanguage\":\"es\",\"@id\":\"https:\/\/www.fundaciobarcelonaolimpica.es\/ca\/#\/schema\/logo\/image\/\",\"url\":\"https:\/\/www.fundaciobarcelonaolimpica.es\/wp-content\/uploads\/sites\/3\/2019\/02\/logo-fundacio.svg\",\"contentUrl\":\"https:\/\/www.fundaciobarcelonaolimpica.es\/wp-content\/uploads\/sites\/3\/2019\/02\/logo-fundacio.svg\",\"caption\":\"Fundaci\u00f3 Barcelona Ol\u00edmpica\"},\"image\":{\"@id\":\"https:\/\/www.fundaciobarcelonaolimpica.es\/ca\/#\/schema\/logo\/image\/\"}},{\"@type\":\"Person\",\"@id\":\"https:\/\/www.fundaciobarcelonaolimpica.es\/ca\/#\/schema\/person\/d05705664e87aa04c6ce53d48133fb39\",\"name\":\"useradmin\",\"url\":\"https:\/\/www.fundaciobarcelonaolimpica.es\/es\/author\/useradmin\/\"}]}<\/script>\n<!-- \/ Yoast SEO plugin. -->","yoast_head_json":{"title":"La Traves\u00eda NedaMarcelona del pr\u00f3ximo 11 de septiembre, ha sido presentada en el Museu Ol\u00edmpic i de l\u2019Esport Joan Antoni Samaranch. Esta primera edici\u00f3n se realizar\u00e1 en el marco incomparable de la costa de la ciudad de Barcelona - Fundaci\u00f3 Barcelona Ol\u00edmpica","robots":{"index":"index","follow":"follow","max-snippet":"max-snippet:-1","max-image-preview":"max-image-preview:large","max-video-preview":"max-video-preview:-1"},"canonical":"https:\/\/www.fundaciobarcelonaolimpica.es\/es\/la-travesia-nedamarcelona-del-proximo-11-de-septiembre-ha-sido-presentada-en-el-museu-olimpic-i-de-lesport-joan-antoni-samaranch-esta-primera-edicion-se-realizara-en-el-marco-incomparable-d\/","og_locale":"es_ES","og_type":"article","og_title":"La Traves\u00eda NedaMarcelona del pr\u00f3ximo 11 de septiembre, ha sido presentada en el Museu Ol\u00edmpic i de l\u2019Esport Joan Antoni Samaranch. Esta primera edici\u00f3n se realizar\u00e1 en el marco incomparable de la costa de la ciudad de Barcelona - Fundaci\u00f3 Barcelona Ol\u00edmpica","og_description":"El acto ha estado presidido por la Sra. Maite Fandos, Tinenta d&rsquo;Alcalde de Qualitat de Vida, Igualtat i Esports; el Sr. Enric Beltr&aacute;n, presidente de la Federaci&oacute; Catalana de Nataci&oacute;; el Sr. Marc Caball&eacute;, gerente de &ldquo;Neda el M&oacute;n&rdquo;; el Sr. Carles Meil&aacute;n, presidente de la entidad CET 10, y el Sr. Toni fuentes, responsable de Operacions Mar.","og_url":"https:\/\/www.fundaciobarcelonaolimpica.es\/es\/la-travesia-nedamarcelona-del-proximo-11-de-septiembre-ha-sido-presentada-en-el-museu-olimpic-i-de-lesport-joan-antoni-samaranch-esta-primera-edicion-se-realizara-en-el-marco-incomparable-d\/","og_site_name":"Fundaci\u00f3 Barcelona Ol\u00edmpica","article_published_time":"2011-09-07T22:00:00+00:00","author":"useradmin","twitter_card":"summary_large_image","twitter_misc":{"Escrito por":"useradmin","Tiempo de lectura":"1 minuto"},"schema":{"@context":"https:\/\/schema.org","@graph":[{"@type":"Article","@id":"https:\/\/www.fundaciobarcelonaolimpica.es\/es\/la-travesia-nedamarcelona-del-proximo-11-de-septiembre-ha-sido-presentada-en-el-museu-olimpic-i-de-lesport-joan-antoni-samaranch-esta-primera-edicion-se-realizara-en-el-marco-incomparable-d\/#article","isPartOf":{"@id":"https:\/\/www.fundaciobarcelonaolimpica.es\/es\/la-travesia-nedamarcelona-del-proximo-11-de-septiembre-ha-sido-presentada-en-el-museu-olimpic-i-de-lesport-joan-antoni-samaranch-esta-primera-edicion-se-realizara-en-el-marco-incomparable-d\/"},"author":{"name":"useradmin","@id":"https:\/\/www.fundaciobarcelonaolimpica.es\/ca\/#\/schema\/person\/d05705664e87aa04c6ce53d48133fb39"},"headline":"La Traves\u00eda NedaMarcelona del pr\u00f3ximo 11 de septiembre, ha sido presentada en el Museu Ol\u00edmpic i de l\u2019Esport Joan Antoni Samaranch. Esta primera edici\u00f3n se realizar\u00e1 en el marco incomparable de la costa de la ciudad de Barcelona","datePublished":"2011-09-07T22:00:00+00:00","dateModified":"2011-09-07T22:00:00+00:00","mainEntityOfPage":{"@id":"https:\/\/www.fundaciobarcelonaolimpica.es\/es\/la-travesia-nedamarcelona-del-proximo-11-de-septiembre-ha-sido-presentada-en-el-museu-olimpic-i-de-lesport-joan-antoni-samaranch-esta-primera-edicion-se-realizara-en-el-marco-incomparable-d\/"},"wordCount":152,"commentCount":11,"publisher":{"@id":"https:\/\/www.fundaciobarcelonaolimpica.es\/ca\/#organization"},"articleSection":["Sin categorizar"],"inLanguage":"es","potentialAction":[{"@type":"CommentAction","name":"Comment","target":["https:\/\/www.fundaciobarcelonaolimpica.es\/es\/la-travesia-nedamarcelona-del-proximo-11-de-septiembre-ha-sido-presentada-en-el-museu-olimpic-i-de-lesport-joan-antoni-samaranch-esta-primera-edicion-se-realizara-en-el-marco-incomparable-d\/#respond"]}]},{"@type":"WebPage","@id":"https:\/\/www.fundaciobarcelonaolimpica.es\/es\/la-travesia-nedamarcelona-del-proximo-11-de-septiembre-ha-sido-presentada-en-el-museu-olimpic-i-de-lesport-joan-antoni-samaranch-esta-primera-edicion-se-realizara-en-el-marco-incomparable-d\/","url":"https:\/\/www.fundaciobarcelonaolimpica.es\/es\/la-travesia-nedamarcelona-del-proximo-11-de-septiembre-ha-sido-presentada-en-el-museu-olimpic-i-de-lesport-joan-antoni-samaranch-esta-primera-edicion-se-realizara-en-el-marco-incomparable-d\/","name":"La Traves\u00eda NedaMarcelona del pr\u00f3ximo 11 de septiembre, ha sido presentada en el Museu Ol\u00edmpic i de l\u2019Esport Joan Antoni Samaranch. Esta primera edici\u00f3n se realizar\u00e1 en el marco incomparable de la costa de la ciudad de Barcelona - Fundaci\u00f3 Barcelona Ol\u00edmpica","isPartOf":{"@id":"https:\/\/www.fundaciobarcelonaolimpica.es\/ca\/#website"},"datePublished":"2011-09-07T22:00:00+00:00","dateModified":"2011-09-07T22:00:00+00:00","breadcrumb":{"@id":"https:\/\/www.fundaciobarcelonaolimpica.es\/es\/la-travesia-nedamarcelona-del-proximo-11-de-septiembre-ha-sido-presentada-en-el-museu-olimpic-i-de-lesport-joan-antoni-samaranch-esta-primera-edicion-se-realizara-en-el-marco-incomparable-d\/#breadcrumb"},"inLanguage":"es","potentialAction":[{"@type":"ReadAction","target":["https:\/\/www.fundaciobarcelonaolimpica.es\/es\/la-travesia-nedamarcelona-del-proximo-11-de-septiembre-ha-sido-presentada-en-el-museu-olimpic-i-de-lesport-joan-antoni-samaranch-esta-primera-edicion-se-realizara-en-el-marco-incomparable-d\/"]}]},{"@type":"BreadcrumbList","@id":"https:\/\/www.fundaciobarcelonaolimpica.es\/es\/la-travesia-nedamarcelona-del-proximo-11-de-septiembre-ha-sido-presentada-en-el-museu-olimpic-i-de-lesport-joan-antoni-samaranch-esta-primera-edicion-se-realizara-en-el-marco-incomparable-d\/#breadcrumb","itemListElement":[{"@type":"ListItem","position":1,"name":"FBO","item":"https:\/\/www.fundaciobarcelonaolimpica.es\/es\/"},{"@type":"ListItem","position":2,"name":"La Traves\u00eda NedaMarcelona del pr\u00f3ximo 11 de septiembre, ha sido presentada en el Museu Ol\u00edmpic i de l\u2019Esport Joan Antoni Samaranch. Esta primera edici\u00f3n se realizar\u00e1 en el marco incomparable de la costa de la ciudad de Barcelona"}]},{"@type":"WebSite","@id":"https:\/\/www.fundaciobarcelonaolimpica.es\/ca\/#website","url":"https:\/\/www.fundaciobarcelonaolimpica.es\/ca\/","name":"Fundaci\u00f3 Barcelona Ol\u00edmpica","description":"Web del Museu Ol\u00edmpic i de l&#039;Esport","publisher":{"@id":"https:\/\/www.fundaciobarcelonaolimpica.es\/ca\/#organization"},"potentialAction":[{"@type":"SearchAction","target":{"@type":"EntryPoint","urlTemplate":"https:\/\/www.fundaciobarcelonaolimpica.es\/ca\/?s={search_term_string}"},"query-input":{"@type":"PropertyValueSpecification","valueRequired":true,"valueName":"search_term_string"}}],"inLanguage":"es"},{"@type":"Organization","@id":"https:\/\/www.fundaciobarcelonaolimpica.es\/ca\/#organization","name":"Fundaci\u00f3 Barcelona Ol\u00edmpica","url":"https:\/\/www.fundaciobarcelonaolimpica.es\/ca\/","logo":{"@type":"ImageObject","inLanguage":"es","@id":"https:\/\/www.fundaciobarcelonaolimpica.es\/ca\/#\/schema\/logo\/image\/","url":"https:\/\/www.fundaciobarcelonaolimpica.es\/wp-content\/uploads\/sites\/3\/2019\/02\/logo-fundacio.svg","contentUrl":"https:\/\/www.fundaciobarcelonaolimpica.es\/wp-content\/uploads\/sites\/3\/2019\/02\/logo-fundacio.svg","caption":"Fundaci\u00f3 Barcelona Ol\u00edmpica"},"image":{"@id":"https:\/\/www.fundaciobarcelonaolimpica.es\/ca\/#\/schema\/logo\/image\/"}},{"@type":"Person","@id":"https:\/\/www.fundaciobarcelonaolimpica.es\/ca\/#\/schema\/person\/d05705664e87aa04c6ce53d48133fb39","name":"useradmin","url":"https:\/\/www.fundaciobarcelonaolimpica.es\/es\/author\/useradmin\/"}]}},"_links":{"self":[{"href":"https:\/\/www.fundaciobarcelonaolimpica.es\/es\/wp-json\/wp\/v2\/posts\/3757"}],"collection":[{"href":"https:\/\/www.fundaciobarcelonaolimpica.es\/es\/wp-json\/wp\/v2\/posts"}],"about":[{"href":"https:\/\/www.fundaciobarcelonaolimpica.es\/es\/wp-json\/wp\/v2\/types\/post"}],"author":[{"embeddable":true,"href":"https:\/\/www.fundaciobarcelonaolimpica.es\/es\/wp-json\/wp\/v2\/users\/1"}],"replies":[{"embeddable":true,"href":"https:\/\/www.fundaciobarcelonaolimpica.es\/es\/wp-json\/wp\/v2\/comments?post=3757"}],"version-history":[{"count":0,"href":"https:\/\/www.fundaciobarcelonaolimpica.es\/es\/wp-json\/wp\/v2\/posts\/3757\/revisions"}],"wp:attachment":[{"href":"https:\/\/www.fundaciobarcelonaolimpica.es\/es\/wp-json\/wp\/v2\/media?parent=3757"}],"wp:term":[{"taxonomy":"category","embeddable":true,"href":"https:\/\/www.fundaciobarcelonaolimpica.es\/es\/wp-json\/wp\/v2\/categories?post=3757"},{"taxonomy":"post_tag","embeddable":true,"href":"https:\/\/www.fundaciobarcelonaolimpica.es\/es\/wp-json\/wp\/v2\/tags?post=3757"}],"curies":[{"name":"wp","href":"https:\/\/api.w.org\/{rel}","templated":true}]}}