{"id":3943,"date":"2011-10-05T00:00:00","date_gmt":"2011-10-04T22:00:00","guid":{"rendered":"http:\/\/dev.fundaciobarcelonaolimpica.es\/el-sr-josep-miquel-abad-miembro-del-patronado-de-la-fundacio-barcelona-olimpica-y-el-sr-juli-pernas-director-de-la-de-la-misma-entidad-seran-distinguidos-con-la-medalla-de-oro-de-la-real-orden\/"},"modified":"2011-10-05T00:00:00","modified_gmt":"2011-10-04T22:00:00","slug":"el-sr-josep-miquel-abad-miembro-del-patronado-de-la-fundacio-barcelona-olimpica-y-el-sr-juli-pernas-director-de-la-de-la-misma-entidad-seran-distinguidos-con-la-medalla-de-oro-de-la-real-orden","status":"publish","type":"post","link":"https:\/\/www.fundaciobarcelonaolimpica.es\/es\/el-sr-josep-miquel-abad-miembro-del-patronado-de-la-fundacio-barcelona-olimpica-y-el-sr-juli-pernas-director-de-la-de-la-misma-entidad-seran-distinguidos-con-la-medalla-de-oro-de-la-real-orden\/","title":{"rendered":"El Sr. Josep Miquel Abad, miembro del patronado de la Fundaci\u00f3 Barcelona Ol\u00edmpica, y el Sr. Juli Pernas, director de la  de la misma entidad, ser\u00e1n distinguidos con la Medalla de Oro de la Real Orden del M\u00e9rito Deportivo concedida por la Presidencia del Gobierno"},"content":{"rendered":"<p>El Sr. Josep Miquel Abad fue consejero delegado del comit&eacute; organizador de los Juegos Ol&iacute;mpicos de Barcelona 1992 (COOB&rsquo;92).&nbsp;Josep Miquel Abad tambi&eacute;n fue consejero delegado durante la Candidatura de Barcelona. Pasqual Maragall, como presidente, y Josep Miquel Abad, como consejero delegado, han sido las &uacute;nicas personas en la Historia de los Juegos Ol&iacute;mpicos Modernos que han desempe&ntilde;ado el cargo en la candidatura y durante los Juegos Ol&iacute;mpicos. Adem&aacute;s de ocupar cargos de relevancia en determinadas entidades y empresas como el Ayuntamiento de Barcelona, Vueling, Antena 3 TV o el grupo Planeta. Actualmente es director general del Grupo El Corte Ingl&eacute;s en Catalu&ntilde;a. Si algo caracteriza al Sr. Abad es su vinculaci&oacute;n y compromiso con el deporte, ya que lo ha trasladado como concepto a todas aquellas empresas a las que ha estado vinculado. Es poseedor de la Orden del M&eacute;rito Ol&iacute;mpico entregada por el Sr. Juan Antonio Samaranch bajo su mandato como presidente del Comit&eacute; Ol&iacute;mpico Internacional.<\/p>\n<p>El Sr. Julio Pernas posee una larga carrera vinculada a la gesti&oacute;n deportiva en la administraci&oacute;n local, ocupando desde 1981 varios cargos directivos&nbsp; en los diversos organismos de deportes del Ayuntamiento de Barcelona. En el &aacute;mbito federativo es presidente de la Federaci&oacute;n Espa&ntilde;ola de B&eacute;isbol y S&oacute;fbol desde 2000. Forma parte del Comit&eacute; Ol&iacute;mpico Espa&ntilde;ol desde 1988, en donde asume la presidencia de la Comisi&oacute;n de Medio Ambiente, y es miembro de la Academia Ol&iacute;mpica. Desde 2009 es director de la Fundaci&oacute; Barcelona Ol&iacute;mpica.<\/p>\n","protected":false},"excerpt":{"rendered":"<p>El acto de entrega del galard&oacute;n ser&aacute; el pr&oacute;ximo mi&eacute;rcoles 5 de octubre en Madrid. Entre los reconocidos con la Medalla de Oro se encuentran los miembros de la Selecci&oacute;n espa&ntilde;ola de F&uacute;tbol campeones del Mundo en el pasado Mundial de Sud&aacute;frica<\/p>\n","protected":false},"author":1,"featured_media":0,"comment_status":"open","ping_status":"open","sticky":false,"template":"","format":"standard","meta":{"_acf_changed":false,"footnotes":""},"categories":[1],"tags":[],"class_list":["post-3943","post","type-post","status-publish","format-standard","hentry","category-sin-categorizar"],"acf":[],"yoast_head":"<!-- This site is optimized with the Yoast SEO plugin v23.7 - https:\/\/yoast.com\/wordpress\/plugins\/seo\/ -->\n<title>El Sr. Josep Miquel Abad, miembro del patronado de la Fundaci\u00f3 Barcelona Ol\u00edmpica, y el Sr. Juli Pernas, director de la de la misma entidad, ser\u00e1n distinguidos con la Medalla de Oro de la Real Orden del M\u00e9rito Deportivo concedida por la Presidencia del Gobierno - Fundaci\u00f3 Barcelona Ol\u00edmpica<\/title>\n<meta name=\"robots\" content=\"index, follow, max-snippet:-1, max-image-preview:large, max-video-preview:-1\" \/>\n<link rel=\"canonical\" href=\"https:\/\/www.fundaciobarcelonaolimpica.es\/es\/el-sr-josep-miquel-abad-miembro-del-patronado-de-la-fundacio-barcelona-olimpica-y-el-sr-juli-pernas-director-de-la-de-la-misma-entidad-seran-distinguidos-con-la-medalla-de-oro-de-la-real-orden\/\" \/>\n<meta property=\"og:locale\" content=\"es_ES\" \/>\n<meta property=\"og:type\" content=\"article\" \/>\n<meta property=\"og:title\" content=\"El Sr. Josep Miquel Abad, miembro del patronado de la Fundaci\u00f3 Barcelona Ol\u00edmpica, y el Sr. Juli Pernas, director de la de la misma entidad, ser\u00e1n distinguidos con la Medalla de Oro de la Real Orden del M\u00e9rito Deportivo concedida por la Presidencia del Gobierno - Fundaci\u00f3 Barcelona Ol\u00edmpica\" \/>\n<meta property=\"og:description\" content=\"El acto de entrega del galard&oacute;n ser&aacute; el pr&oacute;ximo mi&eacute;rcoles 5 de octubre en Madrid. Entre los reconocidos con la Medalla de Oro se encuentran los miembros de la Selecci&oacute;n espa&ntilde;ola de F&uacute;tbol campeones del Mundo en el pasado Mundial de Sud&aacute;frica\" \/>\n<meta property=\"og:url\" content=\"https:\/\/www.fundaciobarcelonaolimpica.es\/es\/el-sr-josep-miquel-abad-miembro-del-patronado-de-la-fundacio-barcelona-olimpica-y-el-sr-juli-pernas-director-de-la-de-la-misma-entidad-seran-distinguidos-con-la-medalla-de-oro-de-la-real-orden\/\" \/>\n<meta property=\"og:site_name\" content=\"Fundaci\u00f3 Barcelona Ol\u00edmpica\" \/>\n<meta property=\"article:published_time\" content=\"2011-10-04T22:00:00+00:00\" \/>\n<meta name=\"author\" content=\"useradmin\" \/>\n<meta name=\"twitter:card\" content=\"summary_large_image\" \/>\n<meta name=\"twitter:label1\" content=\"Escrito por\" \/>\n\t<meta name=\"twitter:data1\" content=\"useradmin\" \/>\n\t<meta name=\"twitter:label2\" content=\"Tiempo de lectura\" \/>\n\t<meta name=\"twitter:data2\" content=\"1 minuto\" \/>\n<script type=\"application\/ld+json\" class=\"yoast-schema-graph\">{\"@context\":\"https:\/\/schema.org\",\"@graph\":[{\"@type\":\"Article\",\"@id\":\"https:\/\/www.fundaciobarcelonaolimpica.es\/es\/el-sr-josep-miquel-abad-miembro-del-patronado-de-la-fundacio-barcelona-olimpica-y-el-sr-juli-pernas-director-de-la-de-la-misma-entidad-seran-distinguidos-con-la-medalla-de-oro-de-la-real-orden\/#article\",\"isPartOf\":{\"@id\":\"https:\/\/www.fundaciobarcelonaolimpica.es\/es\/el-sr-josep-miquel-abad-miembro-del-patronado-de-la-fundacio-barcelona-olimpica-y-el-sr-juli-pernas-director-de-la-de-la-misma-entidad-seran-distinguidos-con-la-medalla-de-oro-de-la-real-orden\/\"},\"author\":{\"name\":\"useradmin\",\"@id\":\"https:\/\/www.fundaciobarcelonaolimpica.es\/ca\/#\/schema\/person\/d05705664e87aa04c6ce53d48133fb39\"},\"headline\":\"El Sr. Josep Miquel Abad, miembro del patronado de la Fundaci\u00f3 Barcelona Ol\u00edmpica, y el Sr. Juli Pernas, director de la de la misma entidad, ser\u00e1n distinguidos con la Medalla de Oro de la Real Orden del M\u00e9rito Deportivo concedida por la Presidencia del Gobierno\",\"datePublished\":\"2011-10-04T22:00:00+00:00\",\"dateModified\":\"2011-10-04T22:00:00+00:00\",\"mainEntityOfPage\":{\"@id\":\"https:\/\/www.fundaciobarcelonaolimpica.es\/es\/el-sr-josep-miquel-abad-miembro-del-patronado-de-la-fundacio-barcelona-olimpica-y-el-sr-juli-pernas-director-de-la-de-la-misma-entidad-seran-distinguidos-con-la-medalla-de-oro-de-la-real-orden\/\"},\"wordCount\":339,\"commentCount\":12,\"publisher\":{\"@id\":\"https:\/\/www.fundaciobarcelonaolimpica.es\/ca\/#organization\"},\"articleSection\":[\"Sin categorizar\"],\"inLanguage\":\"es\",\"potentialAction\":[{\"@type\":\"CommentAction\",\"name\":\"Comment\",\"target\":[\"https:\/\/www.fundaciobarcelonaolimpica.es\/es\/el-sr-josep-miquel-abad-miembro-del-patronado-de-la-fundacio-barcelona-olimpica-y-el-sr-juli-pernas-director-de-la-de-la-misma-entidad-seran-distinguidos-con-la-medalla-de-oro-de-la-real-orden\/#respond\"]}]},{\"@type\":\"WebPage\",\"@id\":\"https:\/\/www.fundaciobarcelonaolimpica.es\/es\/el-sr-josep-miquel-abad-miembro-del-patronado-de-la-fundacio-barcelona-olimpica-y-el-sr-juli-pernas-director-de-la-de-la-misma-entidad-seran-distinguidos-con-la-medalla-de-oro-de-la-real-orden\/\",\"url\":\"https:\/\/www.fundaciobarcelonaolimpica.es\/es\/el-sr-josep-miquel-abad-miembro-del-patronado-de-la-fundacio-barcelona-olimpica-y-el-sr-juli-pernas-director-de-la-de-la-misma-entidad-seran-distinguidos-con-la-medalla-de-oro-de-la-real-orden\/\",\"name\":\"El Sr. Josep Miquel Abad, miembro del patronado de la Fundaci\u00f3 Barcelona Ol\u00edmpica, y el Sr. Juli Pernas, director de la de la misma entidad, ser\u00e1n distinguidos con la Medalla de Oro de la Real Orden del M\u00e9rito Deportivo concedida por la Presidencia del Gobierno - Fundaci\u00f3 Barcelona Ol\u00edmpica\",\"isPartOf\":{\"@id\":\"https:\/\/www.fundaciobarcelonaolimpica.es\/ca\/#website\"},\"datePublished\":\"2011-10-04T22:00:00+00:00\",\"dateModified\":\"2011-10-04T22:00:00+00:00\",\"breadcrumb\":{\"@id\":\"https:\/\/www.fundaciobarcelonaolimpica.es\/es\/el-sr-josep-miquel-abad-miembro-del-patronado-de-la-fundacio-barcelona-olimpica-y-el-sr-juli-pernas-director-de-la-de-la-misma-entidad-seran-distinguidos-con-la-medalla-de-oro-de-la-real-orden\/#breadcrumb\"},\"inLanguage\":\"es\",\"potentialAction\":[{\"@type\":\"ReadAction\",\"target\":[\"https:\/\/www.fundaciobarcelonaolimpica.es\/es\/el-sr-josep-miquel-abad-miembro-del-patronado-de-la-fundacio-barcelona-olimpica-y-el-sr-juli-pernas-director-de-la-de-la-misma-entidad-seran-distinguidos-con-la-medalla-de-oro-de-la-real-orden\/\"]}]},{\"@type\":\"BreadcrumbList\",\"@id\":\"https:\/\/www.fundaciobarcelonaolimpica.es\/es\/el-sr-josep-miquel-abad-miembro-del-patronado-de-la-fundacio-barcelona-olimpica-y-el-sr-juli-pernas-director-de-la-de-la-misma-entidad-seran-distinguidos-con-la-medalla-de-oro-de-la-real-orden\/#breadcrumb\",\"itemListElement\":[{\"@type\":\"ListItem\",\"position\":1,\"name\":\"FBO\",\"item\":\"https:\/\/www.fundaciobarcelonaolimpica.es\/es\/\"},{\"@type\":\"ListItem\",\"position\":2,\"name\":\"El Sr. Josep Miquel Abad, miembro del patronado de la Fundaci\u00f3 Barcelona Ol\u00edmpica, y el Sr. Juli Pernas, director de la de la misma entidad, ser\u00e1n distinguidos con la Medalla de Oro de la Real Orden del M\u00e9rito Deportivo concedida por la Presidencia del Gobierno\"}]},{\"@type\":\"WebSite\",\"@id\":\"https:\/\/www.fundaciobarcelonaolimpica.es\/ca\/#website\",\"url\":\"https:\/\/www.fundaciobarcelonaolimpica.es\/ca\/\",\"name\":\"Fundaci\u00f3 Barcelona Ol\u00edmpica\",\"description\":\"Web del Museu Ol\u00edmpic i de l&#039;Esport\",\"publisher\":{\"@id\":\"https:\/\/www.fundaciobarcelonaolimpica.es\/ca\/#organization\"},\"potentialAction\":[{\"@type\":\"SearchAction\",\"target\":{\"@type\":\"EntryPoint\",\"urlTemplate\":\"https:\/\/www.fundaciobarcelonaolimpica.es\/ca\/?s={search_term_string}\"},\"query-input\":{\"@type\":\"PropertyValueSpecification\",\"valueRequired\":true,\"valueName\":\"search_term_string\"}}],\"inLanguage\":\"es\"},{\"@type\":\"Organization\",\"@id\":\"https:\/\/www.fundaciobarcelonaolimpica.es\/ca\/#organization\",\"name\":\"Fundaci\u00f3 Barcelona Ol\u00edmpica\",\"url\":\"https:\/\/www.fundaciobarcelonaolimpica.es\/ca\/\",\"logo\":{\"@type\":\"ImageObject\",\"inLanguage\":\"es\",\"@id\":\"https:\/\/www.fundaciobarcelonaolimpica.es\/ca\/#\/schema\/logo\/image\/\",\"url\":\"https:\/\/www.fundaciobarcelonaolimpica.es\/wp-content\/uploads\/sites\/3\/2019\/02\/logo-fundacio.svg\",\"contentUrl\":\"https:\/\/www.fundaciobarcelonaolimpica.es\/wp-content\/uploads\/sites\/3\/2019\/02\/logo-fundacio.svg\",\"caption\":\"Fundaci\u00f3 Barcelona Ol\u00edmpica\"},\"image\":{\"@id\":\"https:\/\/www.fundaciobarcelonaolimpica.es\/ca\/#\/schema\/logo\/image\/\"}},{\"@type\":\"Person\",\"@id\":\"https:\/\/www.fundaciobarcelonaolimpica.es\/ca\/#\/schema\/person\/d05705664e87aa04c6ce53d48133fb39\",\"name\":\"useradmin\",\"url\":\"https:\/\/www.fundaciobarcelonaolimpica.es\/es\/author\/useradmin\/\"}]}<\/script>\n<!-- \/ Yoast SEO plugin. -->","yoast_head_json":{"title":"El Sr. Josep Miquel Abad, miembro del patronado de la Fundaci\u00f3 Barcelona Ol\u00edmpica, y el Sr. Juli Pernas, director de la de la misma entidad, ser\u00e1n distinguidos con la Medalla de Oro de la Real Orden del M\u00e9rito Deportivo concedida por la Presidencia del Gobierno - Fundaci\u00f3 Barcelona Ol\u00edmpica","robots":{"index":"index","follow":"follow","max-snippet":"max-snippet:-1","max-image-preview":"max-image-preview:large","max-video-preview":"max-video-preview:-1"},"canonical":"https:\/\/www.fundaciobarcelonaolimpica.es\/es\/el-sr-josep-miquel-abad-miembro-del-patronado-de-la-fundacio-barcelona-olimpica-y-el-sr-juli-pernas-director-de-la-de-la-misma-entidad-seran-distinguidos-con-la-medalla-de-oro-de-la-real-orden\/","og_locale":"es_ES","og_type":"article","og_title":"El Sr. Josep Miquel Abad, miembro del patronado de la Fundaci\u00f3 Barcelona Ol\u00edmpica, y el Sr. Juli Pernas, director de la de la misma entidad, ser\u00e1n distinguidos con la Medalla de Oro de la Real Orden del M\u00e9rito Deportivo concedida por la Presidencia del Gobierno - Fundaci\u00f3 Barcelona Ol\u00edmpica","og_description":"El acto de entrega del galard&oacute;n ser&aacute; el pr&oacute;ximo mi&eacute;rcoles 5 de octubre en Madrid. Entre los reconocidos con la Medalla de Oro se encuentran los miembros de la Selecci&oacute;n espa&ntilde;ola de F&uacute;tbol campeones del Mundo en el pasado Mundial de Sud&aacute;frica","og_url":"https:\/\/www.fundaciobarcelonaolimpica.es\/es\/el-sr-josep-miquel-abad-miembro-del-patronado-de-la-fundacio-barcelona-olimpica-y-el-sr-juli-pernas-director-de-la-de-la-misma-entidad-seran-distinguidos-con-la-medalla-de-oro-de-la-real-orden\/","og_site_name":"Fundaci\u00f3 Barcelona Ol\u00edmpica","article_published_time":"2011-10-04T22:00:00+00:00","author":"useradmin","twitter_card":"summary_large_image","twitter_misc":{"Escrito por":"useradmin","Tiempo de lectura":"1 minuto"},"schema":{"@context":"https:\/\/schema.org","@graph":[{"@type":"Article","@id":"https:\/\/www.fundaciobarcelonaolimpica.es\/es\/el-sr-josep-miquel-abad-miembro-del-patronado-de-la-fundacio-barcelona-olimpica-y-el-sr-juli-pernas-director-de-la-de-la-misma-entidad-seran-distinguidos-con-la-medalla-de-oro-de-la-real-orden\/#article","isPartOf":{"@id":"https:\/\/www.fundaciobarcelonaolimpica.es\/es\/el-sr-josep-miquel-abad-miembro-del-patronado-de-la-fundacio-barcelona-olimpica-y-el-sr-juli-pernas-director-de-la-de-la-misma-entidad-seran-distinguidos-con-la-medalla-de-oro-de-la-real-orden\/"},"author":{"name":"useradmin","@id":"https:\/\/www.fundaciobarcelonaolimpica.es\/ca\/#\/schema\/person\/d05705664e87aa04c6ce53d48133fb39"},"headline":"El Sr. Josep Miquel Abad, miembro del patronado de la Fundaci\u00f3 Barcelona Ol\u00edmpica, y el Sr. Juli Pernas, director de la de la misma entidad, ser\u00e1n distinguidos con la Medalla de Oro de la Real Orden del M\u00e9rito Deportivo concedida por la Presidencia del Gobierno","datePublished":"2011-10-04T22:00:00+00:00","dateModified":"2011-10-04T22:00:00+00:00","mainEntityOfPage":{"@id":"https:\/\/www.fundaciobarcelonaolimpica.es\/es\/el-sr-josep-miquel-abad-miembro-del-patronado-de-la-fundacio-barcelona-olimpica-y-el-sr-juli-pernas-director-de-la-de-la-misma-entidad-seran-distinguidos-con-la-medalla-de-oro-de-la-real-orden\/"},"wordCount":339,"commentCount":12,"publisher":{"@id":"https:\/\/www.fundaciobarcelonaolimpica.es\/ca\/#organization"},"articleSection":["Sin categorizar"],"inLanguage":"es","potentialAction":[{"@type":"CommentAction","name":"Comment","target":["https:\/\/www.fundaciobarcelonaolimpica.es\/es\/el-sr-josep-miquel-abad-miembro-del-patronado-de-la-fundacio-barcelona-olimpica-y-el-sr-juli-pernas-director-de-la-de-la-misma-entidad-seran-distinguidos-con-la-medalla-de-oro-de-la-real-orden\/#respond"]}]},{"@type":"WebPage","@id":"https:\/\/www.fundaciobarcelonaolimpica.es\/es\/el-sr-josep-miquel-abad-miembro-del-patronado-de-la-fundacio-barcelona-olimpica-y-el-sr-juli-pernas-director-de-la-de-la-misma-entidad-seran-distinguidos-con-la-medalla-de-oro-de-la-real-orden\/","url":"https:\/\/www.fundaciobarcelonaolimpica.es\/es\/el-sr-josep-miquel-abad-miembro-del-patronado-de-la-fundacio-barcelona-olimpica-y-el-sr-juli-pernas-director-de-la-de-la-misma-entidad-seran-distinguidos-con-la-medalla-de-oro-de-la-real-orden\/","name":"El Sr. Josep Miquel Abad, miembro del patronado de la Fundaci\u00f3 Barcelona Ol\u00edmpica, y el Sr. Juli Pernas, director de la de la misma entidad, ser\u00e1n distinguidos con la Medalla de Oro de la Real Orden del M\u00e9rito Deportivo concedida por la Presidencia del Gobierno - Fundaci\u00f3 Barcelona Ol\u00edmpica","isPartOf":{"@id":"https:\/\/www.fundaciobarcelonaolimpica.es\/ca\/#website"},"datePublished":"2011-10-04T22:00:00+00:00","dateModified":"2011-10-04T22:00:00+00:00","breadcrumb":{"@id":"https:\/\/www.fundaciobarcelonaolimpica.es\/es\/el-sr-josep-miquel-abad-miembro-del-patronado-de-la-fundacio-barcelona-olimpica-y-el-sr-juli-pernas-director-de-la-de-la-misma-entidad-seran-distinguidos-con-la-medalla-de-oro-de-la-real-orden\/#breadcrumb"},"inLanguage":"es","potentialAction":[{"@type":"ReadAction","target":["https:\/\/www.fundaciobarcelonaolimpica.es\/es\/el-sr-josep-miquel-abad-miembro-del-patronado-de-la-fundacio-barcelona-olimpica-y-el-sr-juli-pernas-director-de-la-de-la-misma-entidad-seran-distinguidos-con-la-medalla-de-oro-de-la-real-orden\/"]}]},{"@type":"BreadcrumbList","@id":"https:\/\/www.fundaciobarcelonaolimpica.es\/es\/el-sr-josep-miquel-abad-miembro-del-patronado-de-la-fundacio-barcelona-olimpica-y-el-sr-juli-pernas-director-de-la-de-la-misma-entidad-seran-distinguidos-con-la-medalla-de-oro-de-la-real-orden\/#breadcrumb","itemListElement":[{"@type":"ListItem","position":1,"name":"FBO","item":"https:\/\/www.fundaciobarcelonaolimpica.es\/es\/"},{"@type":"ListItem","position":2,"name":"El Sr. Josep Miquel Abad, miembro del patronado de la Fundaci\u00f3 Barcelona Ol\u00edmpica, y el Sr. Juli Pernas, director de la de la misma entidad, ser\u00e1n distinguidos con la Medalla de Oro de la Real Orden del M\u00e9rito Deportivo concedida por la Presidencia del Gobierno"}]},{"@type":"WebSite","@id":"https:\/\/www.fundaciobarcelonaolimpica.es\/ca\/#website","url":"https:\/\/www.fundaciobarcelonaolimpica.es\/ca\/","name":"Fundaci\u00f3 Barcelona Ol\u00edmpica","description":"Web del Museu Ol\u00edmpic i de l&#039;Esport","publisher":{"@id":"https:\/\/www.fundaciobarcelonaolimpica.es\/ca\/#organization"},"potentialAction":[{"@type":"SearchAction","target":{"@type":"EntryPoint","urlTemplate":"https:\/\/www.fundaciobarcelonaolimpica.es\/ca\/?s={search_term_string}"},"query-input":{"@type":"PropertyValueSpecification","valueRequired":true,"valueName":"search_term_string"}}],"inLanguage":"es"},{"@type":"Organization","@id":"https:\/\/www.fundaciobarcelonaolimpica.es\/ca\/#organization","name":"Fundaci\u00f3 Barcelona Ol\u00edmpica","url":"https:\/\/www.fundaciobarcelonaolimpica.es\/ca\/","logo":{"@type":"ImageObject","inLanguage":"es","@id":"https:\/\/www.fundaciobarcelonaolimpica.es\/ca\/#\/schema\/logo\/image\/","url":"https:\/\/www.fundaciobarcelonaolimpica.es\/wp-content\/uploads\/sites\/3\/2019\/02\/logo-fundacio.svg","contentUrl":"https:\/\/www.fundaciobarcelonaolimpica.es\/wp-content\/uploads\/sites\/3\/2019\/02\/logo-fundacio.svg","caption":"Fundaci\u00f3 Barcelona Ol\u00edmpica"},"image":{"@id":"https:\/\/www.fundaciobarcelonaolimpica.es\/ca\/#\/schema\/logo\/image\/"}},{"@type":"Person","@id":"https:\/\/www.fundaciobarcelonaolimpica.es\/ca\/#\/schema\/person\/d05705664e87aa04c6ce53d48133fb39","name":"useradmin","url":"https:\/\/www.fundaciobarcelonaolimpica.es\/es\/author\/useradmin\/"}]}},"_links":{"self":[{"href":"https:\/\/www.fundaciobarcelonaolimpica.es\/es\/wp-json\/wp\/v2\/posts\/3943"}],"collection":[{"href":"https:\/\/www.fundaciobarcelonaolimpica.es\/es\/wp-json\/wp\/v2\/posts"}],"about":[{"href":"https:\/\/www.fundaciobarcelonaolimpica.es\/es\/wp-json\/wp\/v2\/types\/post"}],"author":[{"embeddable":true,"href":"https:\/\/www.fundaciobarcelonaolimpica.es\/es\/wp-json\/wp\/v2\/users\/1"}],"replies":[{"embeddable":true,"href":"https:\/\/www.fundaciobarcelonaolimpica.es\/es\/wp-json\/wp\/v2\/comments?post=3943"}],"version-history":[{"count":0,"href":"https:\/\/www.fundaciobarcelonaolimpica.es\/es\/wp-json\/wp\/v2\/posts\/3943\/revisions"}],"wp:attachment":[{"href":"https:\/\/www.fundaciobarcelonaolimpica.es\/es\/wp-json\/wp\/v2\/media?parent=3943"}],"wp:term":[{"taxonomy":"category","embeddable":true,"href":"https:\/\/www.fundaciobarcelonaolimpica.es\/es\/wp-json\/wp\/v2\/categories?post=3943"},{"taxonomy":"post_tag","embeddable":true,"href":"https:\/\/www.fundaciobarcelonaolimpica.es\/es\/wp-json\/wp\/v2\/tags?post=3943"}],"curies":[{"name":"wp","href":"https:\/\/api.w.org\/{rel}","templated":true}]}}