{"id":4054,"date":"2011-10-17T00:00:00","date_gmt":"2011-10-16T22:00:00","guid":{"rendered":"http:\/\/dev.fundaciobarcelonaolimpica.es\/commemoracion-del-25-aniversario-de-la-concesion-de-los-juegos-olimpicos-a-la-ciudad-de-barcelona\/"},"modified":"2011-10-17T00:00:00","modified_gmt":"2011-10-16T22:00:00","slug":"commemoracion-del-25-aniversario-de-la-concesion-de-los-juegos-olimpicos-a-la-ciudad-de-barcelona","status":"publish","type":"post","link":"https:\/\/www.fundaciobarcelonaolimpica.es\/es\/commemoracion-del-25-aniversario-de-la-concesion-de-los-juegos-olimpicos-a-la-ciudad-de-barcelona\/","title":{"rendered":"Commemoraci\u00f3n del 25 aniversario de la concesi\u00f3n de los Juegos Ol\u00edmpicos a la Ciudad de Barcelona"},"content":{"rendered":"<p>El acto que se ha realizado en el nuevo Centro de Estudios Ol&iacute;mpicos y del Deporte Juan Antonio Samaranch&nbsp; (CEO Samaranch) situado en la puerta 13 del Estadi llu&iacute;s Companys ha contado con la presencia de el actual alcalde de Barcelona, Xavier Trias, Maria Teresa Samaranch Salisachs, hija de Juan Antonio Samaranch, Pascual Maragal, Josep Miquel Abad, Narcis Serra, Maite Fandos, Ivan Tibau, Josep Lluis Vilaseca y numerosas personalidades del mundo del deporte y la pol&iacute;tica.<\/p>\n<p>M&aacute;s all&aacute; de recordar los 25 a&ntilde;os de la nominaci&oacute;n, el acto se ha convertido tambi&eacute;n en un homenaje a Samaranch, fallecido el 21 de abril de 2010.&nbsp;\u00abMi padre siempre quiso que Barcelona, despu&eacute;s del rotundo &eacute;xito del 92, continuara siendo l&iacute;der del movimiento ol&iacute;mpico\u00bb, ha destacado Mar&iacute;a Teresa Samaranch, que se ha mostrado agradecida por la creaci&oacute;n del Centro de Estudios Ol&iacute;mpicos y del Deporte que lleva el nombre de su padre. Por su parte,&nbsp; Maite Fandos, ha destacado que el escenario del acto, el CEO Samaranch, ser&aacute; un centro de referencia mundial del olimpismo y el deporte.<\/p>\n","protected":false},"excerpt":{"rendered":"<p>Fue a las 13:32 horas del 17 de octubre de 1986 cuando el entonces presidente del Comit&eacute; Ol&iacute;mpico Internacional, Juan Antonio Samaranch, pronunci&oacute; en Lausana (Suiza) la hist&oacute;rica frase \u00abA la ville de Barcelona\u00bb, con la que el COI otorgaba a la capital catalana los JJOO de 1992. Hoy la Fundaci&oacute; Barcelona Ol&iacute;mpica ha querido revivir ese momento con gran parte de sus protagonistas.<\/p>\n","protected":false},"author":1,"featured_media":0,"comment_status":"open","ping_status":"open","sticky":false,"template":"","format":"standard","meta":{"_acf_changed":false,"footnotes":""},"categories":[1],"tags":[],"class_list":["post-4054","post","type-post","status-publish","format-standard","hentry","category-sin-categorizar"],"acf":[],"yoast_head":"<!-- This site is optimized with the Yoast SEO plugin v23.7 - https:\/\/yoast.com\/wordpress\/plugins\/seo\/ -->\n<title>Commemoraci\u00f3n del 25 aniversario de la concesi\u00f3n de los Juegos Ol\u00edmpicos a la Ciudad de Barcelona - Fundaci\u00f3 Barcelona Ol\u00edmpica<\/title>\n<meta name=\"robots\" content=\"index, follow, max-snippet:-1, max-image-preview:large, max-video-preview:-1\" \/>\n<link rel=\"canonical\" href=\"https:\/\/www.fundaciobarcelonaolimpica.es\/es\/commemoracion-del-25-aniversario-de-la-concesion-de-los-juegos-olimpicos-a-la-ciudad-de-barcelona\/\" \/>\n<meta property=\"og:locale\" content=\"es_ES\" \/>\n<meta property=\"og:type\" content=\"article\" \/>\n<meta property=\"og:title\" content=\"Commemoraci\u00f3n del 25 aniversario de la concesi\u00f3n de los Juegos Ol\u00edmpicos a la Ciudad de Barcelona - Fundaci\u00f3 Barcelona Ol\u00edmpica\" \/>\n<meta property=\"og:description\" content=\"Fue a las 13:32 horas del 17 de octubre de 1986 cuando el entonces presidente del Comit&eacute; Ol&iacute;mpico Internacional, Juan Antonio Samaranch, pronunci&oacute; en Lausana (Suiza) la hist&oacute;rica frase &quot;A la ville de Barcelona&quot;, con la que el COI otorgaba a la capital catalana los JJOO de 1992. Hoy la Fundaci&oacute; Barcelona Ol&iacute;mpica ha querido revivir ese momento con gran parte de sus protagonistas.\" \/>\n<meta property=\"og:url\" content=\"https:\/\/www.fundaciobarcelonaolimpica.es\/es\/commemoracion-del-25-aniversario-de-la-concesion-de-los-juegos-olimpicos-a-la-ciudad-de-barcelona\/\" \/>\n<meta property=\"og:site_name\" content=\"Fundaci\u00f3 Barcelona Ol\u00edmpica\" \/>\n<meta property=\"article:published_time\" content=\"2011-10-16T22:00:00+00:00\" \/>\n<meta name=\"author\" content=\"useradmin\" \/>\n<meta name=\"twitter:card\" content=\"summary_large_image\" \/>\n<meta name=\"twitter:label1\" content=\"Escrito por\" \/>\n\t<meta name=\"twitter:data1\" content=\"useradmin\" \/>\n\t<meta name=\"twitter:label2\" content=\"Tiempo de lectura\" \/>\n\t<meta name=\"twitter:data2\" content=\"1 minuto\" \/>\n<script type=\"application\/ld+json\" class=\"yoast-schema-graph\">{\"@context\":\"https:\/\/schema.org\",\"@graph\":[{\"@type\":\"Article\",\"@id\":\"https:\/\/www.fundaciobarcelonaolimpica.es\/es\/commemoracion-del-25-aniversario-de-la-concesion-de-los-juegos-olimpicos-a-la-ciudad-de-barcelona\/#article\",\"isPartOf\":{\"@id\":\"https:\/\/www.fundaciobarcelonaolimpica.es\/es\/commemoracion-del-25-aniversario-de-la-concesion-de-los-juegos-olimpicos-a-la-ciudad-de-barcelona\/\"},\"author\":{\"name\":\"useradmin\",\"@id\":\"https:\/\/www.fundaciobarcelonaolimpica.es\/ca\/#\/schema\/person\/d05705664e87aa04c6ce53d48133fb39\"},\"headline\":\"Commemoraci\u00f3n del 25 aniversario de la concesi\u00f3n de los Juegos Ol\u00edmpicos a la Ciudad de Barcelona\",\"datePublished\":\"2011-10-16T22:00:00+00:00\",\"dateModified\":\"2011-10-16T22:00:00+00:00\",\"mainEntityOfPage\":{\"@id\":\"https:\/\/www.fundaciobarcelonaolimpica.es\/es\/commemoracion-del-25-aniversario-de-la-concesion-de-los-juegos-olimpicos-a-la-ciudad-de-barcelona\/\"},\"wordCount\":221,\"commentCount\":7,\"publisher\":{\"@id\":\"https:\/\/www.fundaciobarcelonaolimpica.es\/ca\/#organization\"},\"articleSection\":[\"Sin categorizar\"],\"inLanguage\":\"es\",\"potentialAction\":[{\"@type\":\"CommentAction\",\"name\":\"Comment\",\"target\":[\"https:\/\/www.fundaciobarcelonaolimpica.es\/es\/commemoracion-del-25-aniversario-de-la-concesion-de-los-juegos-olimpicos-a-la-ciudad-de-barcelona\/#respond\"]}]},{\"@type\":\"WebPage\",\"@id\":\"https:\/\/www.fundaciobarcelonaolimpica.es\/es\/commemoracion-del-25-aniversario-de-la-concesion-de-los-juegos-olimpicos-a-la-ciudad-de-barcelona\/\",\"url\":\"https:\/\/www.fundaciobarcelonaolimpica.es\/es\/commemoracion-del-25-aniversario-de-la-concesion-de-los-juegos-olimpicos-a-la-ciudad-de-barcelona\/\",\"name\":\"Commemoraci\u00f3n del 25 aniversario de la concesi\u00f3n de los Juegos Ol\u00edmpicos a la Ciudad de Barcelona - Fundaci\u00f3 Barcelona Ol\u00edmpica\",\"isPartOf\":{\"@id\":\"https:\/\/www.fundaciobarcelonaolimpica.es\/ca\/#website\"},\"datePublished\":\"2011-10-16T22:00:00+00:00\",\"dateModified\":\"2011-10-16T22:00:00+00:00\",\"breadcrumb\":{\"@id\":\"https:\/\/www.fundaciobarcelonaolimpica.es\/es\/commemoracion-del-25-aniversario-de-la-concesion-de-los-juegos-olimpicos-a-la-ciudad-de-barcelona\/#breadcrumb\"},\"inLanguage\":\"es\",\"potentialAction\":[{\"@type\":\"ReadAction\",\"target\":[\"https:\/\/www.fundaciobarcelonaolimpica.es\/es\/commemoracion-del-25-aniversario-de-la-concesion-de-los-juegos-olimpicos-a-la-ciudad-de-barcelona\/\"]}]},{\"@type\":\"BreadcrumbList\",\"@id\":\"https:\/\/www.fundaciobarcelonaolimpica.es\/es\/commemoracion-del-25-aniversario-de-la-concesion-de-los-juegos-olimpicos-a-la-ciudad-de-barcelona\/#breadcrumb\",\"itemListElement\":[{\"@type\":\"ListItem\",\"position\":1,\"name\":\"FBO\",\"item\":\"https:\/\/www.fundaciobarcelonaolimpica.es\/es\/\"},{\"@type\":\"ListItem\",\"position\":2,\"name\":\"Commemoraci\u00f3n del 25 aniversario de la concesi\u00f3n de los Juegos Ol\u00edmpicos a la Ciudad de Barcelona\"}]},{\"@type\":\"WebSite\",\"@id\":\"https:\/\/www.fundaciobarcelonaolimpica.es\/ca\/#website\",\"url\":\"https:\/\/www.fundaciobarcelonaolimpica.es\/ca\/\",\"name\":\"Fundaci\u00f3 Barcelona Ol\u00edmpica\",\"description\":\"Web del Museu Ol\u00edmpic i de l&#039;Esport\",\"publisher\":{\"@id\":\"https:\/\/www.fundaciobarcelonaolimpica.es\/ca\/#organization\"},\"potentialAction\":[{\"@type\":\"SearchAction\",\"target\":{\"@type\":\"EntryPoint\",\"urlTemplate\":\"https:\/\/www.fundaciobarcelonaolimpica.es\/ca\/?s={search_term_string}\"},\"query-input\":{\"@type\":\"PropertyValueSpecification\",\"valueRequired\":true,\"valueName\":\"search_term_string\"}}],\"inLanguage\":\"es\"},{\"@type\":\"Organization\",\"@id\":\"https:\/\/www.fundaciobarcelonaolimpica.es\/ca\/#organization\",\"name\":\"Fundaci\u00f3 Barcelona Ol\u00edmpica\",\"url\":\"https:\/\/www.fundaciobarcelonaolimpica.es\/ca\/\",\"logo\":{\"@type\":\"ImageObject\",\"inLanguage\":\"es\",\"@id\":\"https:\/\/www.fundaciobarcelonaolimpica.es\/ca\/#\/schema\/logo\/image\/\",\"url\":\"https:\/\/www.fundaciobarcelonaolimpica.es\/wp-content\/uploads\/sites\/3\/2019\/02\/logo-fundacio.svg\",\"contentUrl\":\"https:\/\/www.fundaciobarcelonaolimpica.es\/wp-content\/uploads\/sites\/3\/2019\/02\/logo-fundacio.svg\",\"caption\":\"Fundaci\u00f3 Barcelona Ol\u00edmpica\"},\"image\":{\"@id\":\"https:\/\/www.fundaciobarcelonaolimpica.es\/ca\/#\/schema\/logo\/image\/\"}},{\"@type\":\"Person\",\"@id\":\"https:\/\/www.fundaciobarcelonaolimpica.es\/ca\/#\/schema\/person\/d05705664e87aa04c6ce53d48133fb39\",\"name\":\"useradmin\",\"url\":\"https:\/\/www.fundaciobarcelonaolimpica.es\/es\/author\/useradmin\/\"}]}<\/script>\n<!-- \/ Yoast SEO plugin. -->","yoast_head_json":{"title":"Commemoraci\u00f3n del 25 aniversario de la concesi\u00f3n de los Juegos Ol\u00edmpicos a la Ciudad de Barcelona - Fundaci\u00f3 Barcelona Ol\u00edmpica","robots":{"index":"index","follow":"follow","max-snippet":"max-snippet:-1","max-image-preview":"max-image-preview:large","max-video-preview":"max-video-preview:-1"},"canonical":"https:\/\/www.fundaciobarcelonaolimpica.es\/es\/commemoracion-del-25-aniversario-de-la-concesion-de-los-juegos-olimpicos-a-la-ciudad-de-barcelona\/","og_locale":"es_ES","og_type":"article","og_title":"Commemoraci\u00f3n del 25 aniversario de la concesi\u00f3n de los Juegos Ol\u00edmpicos a la Ciudad de Barcelona - Fundaci\u00f3 Barcelona Ol\u00edmpica","og_description":"Fue a las 13:32 horas del 17 de octubre de 1986 cuando el entonces presidente del Comit&eacute; Ol&iacute;mpico Internacional, Juan Antonio Samaranch, pronunci&oacute; en Lausana (Suiza) la hist&oacute;rica frase \"A la ville de Barcelona\", con la que el COI otorgaba a la capital catalana los JJOO de 1992. Hoy la Fundaci&oacute; Barcelona Ol&iacute;mpica ha querido revivir ese momento con gran parte de sus protagonistas.","og_url":"https:\/\/www.fundaciobarcelonaolimpica.es\/es\/commemoracion-del-25-aniversario-de-la-concesion-de-los-juegos-olimpicos-a-la-ciudad-de-barcelona\/","og_site_name":"Fundaci\u00f3 Barcelona Ol\u00edmpica","article_published_time":"2011-10-16T22:00:00+00:00","author":"useradmin","twitter_card":"summary_large_image","twitter_misc":{"Escrito por":"useradmin","Tiempo de lectura":"1 minuto"},"schema":{"@context":"https:\/\/schema.org","@graph":[{"@type":"Article","@id":"https:\/\/www.fundaciobarcelonaolimpica.es\/es\/commemoracion-del-25-aniversario-de-la-concesion-de-los-juegos-olimpicos-a-la-ciudad-de-barcelona\/#article","isPartOf":{"@id":"https:\/\/www.fundaciobarcelonaolimpica.es\/es\/commemoracion-del-25-aniversario-de-la-concesion-de-los-juegos-olimpicos-a-la-ciudad-de-barcelona\/"},"author":{"name":"useradmin","@id":"https:\/\/www.fundaciobarcelonaolimpica.es\/ca\/#\/schema\/person\/d05705664e87aa04c6ce53d48133fb39"},"headline":"Commemoraci\u00f3n del 25 aniversario de la concesi\u00f3n de los Juegos Ol\u00edmpicos a la Ciudad de Barcelona","datePublished":"2011-10-16T22:00:00+00:00","dateModified":"2011-10-16T22:00:00+00:00","mainEntityOfPage":{"@id":"https:\/\/www.fundaciobarcelonaolimpica.es\/es\/commemoracion-del-25-aniversario-de-la-concesion-de-los-juegos-olimpicos-a-la-ciudad-de-barcelona\/"},"wordCount":221,"commentCount":7,"publisher":{"@id":"https:\/\/www.fundaciobarcelonaolimpica.es\/ca\/#organization"},"articleSection":["Sin categorizar"],"inLanguage":"es","potentialAction":[{"@type":"CommentAction","name":"Comment","target":["https:\/\/www.fundaciobarcelonaolimpica.es\/es\/commemoracion-del-25-aniversario-de-la-concesion-de-los-juegos-olimpicos-a-la-ciudad-de-barcelona\/#respond"]}]},{"@type":"WebPage","@id":"https:\/\/www.fundaciobarcelonaolimpica.es\/es\/commemoracion-del-25-aniversario-de-la-concesion-de-los-juegos-olimpicos-a-la-ciudad-de-barcelona\/","url":"https:\/\/www.fundaciobarcelonaolimpica.es\/es\/commemoracion-del-25-aniversario-de-la-concesion-de-los-juegos-olimpicos-a-la-ciudad-de-barcelona\/","name":"Commemoraci\u00f3n del 25 aniversario de la concesi\u00f3n de los Juegos Ol\u00edmpicos a la Ciudad de Barcelona - Fundaci\u00f3 Barcelona Ol\u00edmpica","isPartOf":{"@id":"https:\/\/www.fundaciobarcelonaolimpica.es\/ca\/#website"},"datePublished":"2011-10-16T22:00:00+00:00","dateModified":"2011-10-16T22:00:00+00:00","breadcrumb":{"@id":"https:\/\/www.fundaciobarcelonaolimpica.es\/es\/commemoracion-del-25-aniversario-de-la-concesion-de-los-juegos-olimpicos-a-la-ciudad-de-barcelona\/#breadcrumb"},"inLanguage":"es","potentialAction":[{"@type":"ReadAction","target":["https:\/\/www.fundaciobarcelonaolimpica.es\/es\/commemoracion-del-25-aniversario-de-la-concesion-de-los-juegos-olimpicos-a-la-ciudad-de-barcelona\/"]}]},{"@type":"BreadcrumbList","@id":"https:\/\/www.fundaciobarcelonaolimpica.es\/es\/commemoracion-del-25-aniversario-de-la-concesion-de-los-juegos-olimpicos-a-la-ciudad-de-barcelona\/#breadcrumb","itemListElement":[{"@type":"ListItem","position":1,"name":"FBO","item":"https:\/\/www.fundaciobarcelonaolimpica.es\/es\/"},{"@type":"ListItem","position":2,"name":"Commemoraci\u00f3n del 25 aniversario de la concesi\u00f3n de los Juegos Ol\u00edmpicos a la Ciudad de Barcelona"}]},{"@type":"WebSite","@id":"https:\/\/www.fundaciobarcelonaolimpica.es\/ca\/#website","url":"https:\/\/www.fundaciobarcelonaolimpica.es\/ca\/","name":"Fundaci\u00f3 Barcelona Ol\u00edmpica","description":"Web del Museu Ol\u00edmpic i de l&#039;Esport","publisher":{"@id":"https:\/\/www.fundaciobarcelonaolimpica.es\/ca\/#organization"},"potentialAction":[{"@type":"SearchAction","target":{"@type":"EntryPoint","urlTemplate":"https:\/\/www.fundaciobarcelonaolimpica.es\/ca\/?s={search_term_string}"},"query-input":{"@type":"PropertyValueSpecification","valueRequired":true,"valueName":"search_term_string"}}],"inLanguage":"es"},{"@type":"Organization","@id":"https:\/\/www.fundaciobarcelonaolimpica.es\/ca\/#organization","name":"Fundaci\u00f3 Barcelona Ol\u00edmpica","url":"https:\/\/www.fundaciobarcelonaolimpica.es\/ca\/","logo":{"@type":"ImageObject","inLanguage":"es","@id":"https:\/\/www.fundaciobarcelonaolimpica.es\/ca\/#\/schema\/logo\/image\/","url":"https:\/\/www.fundaciobarcelonaolimpica.es\/wp-content\/uploads\/sites\/3\/2019\/02\/logo-fundacio.svg","contentUrl":"https:\/\/www.fundaciobarcelonaolimpica.es\/wp-content\/uploads\/sites\/3\/2019\/02\/logo-fundacio.svg","caption":"Fundaci\u00f3 Barcelona Ol\u00edmpica"},"image":{"@id":"https:\/\/www.fundaciobarcelonaolimpica.es\/ca\/#\/schema\/logo\/image\/"}},{"@type":"Person","@id":"https:\/\/www.fundaciobarcelonaolimpica.es\/ca\/#\/schema\/person\/d05705664e87aa04c6ce53d48133fb39","name":"useradmin","url":"https:\/\/www.fundaciobarcelonaolimpica.es\/es\/author\/useradmin\/"}]}},"_links":{"self":[{"href":"https:\/\/www.fundaciobarcelonaolimpica.es\/es\/wp-json\/wp\/v2\/posts\/4054"}],"collection":[{"href":"https:\/\/www.fundaciobarcelonaolimpica.es\/es\/wp-json\/wp\/v2\/posts"}],"about":[{"href":"https:\/\/www.fundaciobarcelonaolimpica.es\/es\/wp-json\/wp\/v2\/types\/post"}],"author":[{"embeddable":true,"href":"https:\/\/www.fundaciobarcelonaolimpica.es\/es\/wp-json\/wp\/v2\/users\/1"}],"replies":[{"embeddable":true,"href":"https:\/\/www.fundaciobarcelonaolimpica.es\/es\/wp-json\/wp\/v2\/comments?post=4054"}],"version-history":[{"count":0,"href":"https:\/\/www.fundaciobarcelonaolimpica.es\/es\/wp-json\/wp\/v2\/posts\/4054\/revisions"}],"wp:attachment":[{"href":"https:\/\/www.fundaciobarcelonaolimpica.es\/es\/wp-json\/wp\/v2\/media?parent=4054"}],"wp:term":[{"taxonomy":"category","embeddable":true,"href":"https:\/\/www.fundaciobarcelonaolimpica.es\/es\/wp-json\/wp\/v2\/categories?post=4054"},{"taxonomy":"post_tag","embeddable":true,"href":"https:\/\/www.fundaciobarcelonaolimpica.es\/es\/wp-json\/wp\/v2\/tags?post=4054"}],"curies":[{"name":"wp","href":"https:\/\/api.w.org\/{rel}","templated":true}]}}