{"id":4136,"date":"2011-10-21T00:00:00","date_gmt":"2011-10-20T22:00:00","guid":{"rendered":"http:\/\/dev.fundaciobarcelonaolimpica.es\/roma-cuyas-patrono-de-la-fundacio-barcelona-olimpica-y-secretario-de-estado-para-el-deporte-en-los-anos-80-clausura-en-el-museu-olimpic-i-de-lesport-joan-antoni-samaranch-la-ix-ed\/"},"modified":"2011-10-21T00:00:00","modified_gmt":"2011-10-20T22:00:00","slug":"roma-cuyas-patrono-de-la-fundacio-barcelona-olimpica-y-secretario-de-estado-para-el-deporte-en-los-anos-80-clausura-en-el-museu-olimpic-i-de-lesport-joan-antoni-samaranch-la-ix-ed","status":"publish","type":"post","link":"https:\/\/www.fundaciobarcelonaolimpica.es\/es\/roma-cuyas-patrono-de-la-fundacio-barcelona-olimpica-y-secretario-de-estado-para-el-deporte-en-los-anos-80-clausura-en-el-museu-olimpic-i-de-lesport-joan-antoni-samaranch-la-ix-ed\/","title":{"rendered":"Rom\u00e0 Cuy\u00e0s, patrono de la Fundaci\u00f3 Barcelona Ol\u00edmpica y  Secretario de Estado para el Deporte en los a\u00f1os \u201980, clausura en el Museu Ol\u00edmpic i de l\u2019Esport Joan Antoni Samaranch la IX edici\u00f3n Forum Ol\u00edmpico 2011 sobre &#8216;Deporte y salud para todos&#8217;"},"content":{"rendered":"<p style=\"text-align: justify;\">Rom&agrave; Cuy&agrave;s, en la clausura, ha defendido las virtudes del deporte. En el a&ntilde;o 1985, Cuy&agrave;s, siendo Secretario de Estado para el Deporte, encarg&oacute; a Manuel Garc&iacute;a Ferrando, prestigioso soci&oacute;logo de la Universidad de Valencia, el primer estudio sobre h&aacute;bitos saludables en el Deporte. Este primer estudio sent&oacute; las bases los planes actuales del deporte y la salud.<\/p>\n<p style=\"text-align: justify;\"><strong>Conclusiones de la IX edici&oacute;n del F&oacute;rum Ol&iacute;mpico &ldquo;Deporte y Salud para Todos&rdquo;, seg&uacute;n Joan Manuel Surroca:<\/strong><\/p>\n<p style=\"text-align: justify;\">La actividad f&iacute;sica, adem&aacute;s de permitirnos gozar de una vida m&aacute;s sana, es la mejor forma de prevenci&oacute;n. Es decir, hacer actividad f&iacute;sica es hacer salud, a la vez que la actividad deportiva puede ser la mejor terapia y una eficaz herramienta para los m&eacute;dicos que recetando actividad f&iacute;sica puedan ahorrarse el uso de productos farmacol&oacute;gicos. La actividad f&iacute;sica y el deporte es, adem&aacute;s, uno de los principales impulsores de que el deporte est&eacute; abierto a todos, incluidos aquellos grupos o colectivos sociales afectados por alg&uacute;n tipo de discapacidad. Pero para que la actividad f&iacute;sica y el deporte nos permitan una vida sana y ejerzan su funci&oacute;n preventiva, hay un tercer elemento fundamental e indispensable: el de una nutrici&oacute;n adecuada. De poco servir&iacute;a la actividad f&iacute;sica y deportiva si la alimentaci&oacute;n es deficiente o incluso contraproducente. Los argumentos expuestos durante este Forum por los diferentes ponentes han permitido realizar una completa radiograf&iacute;a de donde estamos y hacia donde vamos. A pesar del notable progreso en los h&aacute;bitos saludables de la poblaci&oacute;n espa&ntilde;ola en las tres &uacute;ltimas d&eacute;cadas y la implicaci&oacute;n de las diferentes administraciones y los organismos internacionales, nuestra sociedad mantiene un excesivo sedentarismo y no es suficientemente consciente de los beneficios que realmente aportan la actividad f&iacute;sica y el deporte.&nbsp;<\/p>\n<p style=\"text-align: justify;\">&nbsp;<\/p>\n","protected":false},"excerpt":{"rendered":"<p>&ldquo;El deporte como instrumento para preservar la salud&rdquo; ha sido uno de los lemas m&aacute;s defendidos por los diferentes ponentes internacionales que han participado en el acto. Joan Manuel Surroca ha sido el encargado de gestar las conclusiones de la IX Edici&oacute;n del Forum.<\/p>\n","protected":false},"author":1,"featured_media":0,"comment_status":"open","ping_status":"open","sticky":false,"template":"","format":"standard","meta":{"_acf_changed":false,"footnotes":""},"categories":[1],"tags":[],"class_list":["post-4136","post","type-post","status-publish","format-standard","hentry","category-sin-categorizar"],"acf":[],"yoast_head":"<!-- This site is optimized with the Yoast SEO plugin v23.7 - https:\/\/yoast.com\/wordpress\/plugins\/seo\/ -->\n<title>Rom\u00e0 Cuy\u00e0s, patrono de la Fundaci\u00f3 Barcelona Ol\u00edmpica y Secretario de Estado para el Deporte en los a\u00f1os \u201980, clausura en el Museu Ol\u00edmpic i de l\u2019Esport Joan Antoni Samaranch la IX edici\u00f3n Forum Ol\u00edmpico 2011 sobre &#039;Deporte y salud para todos&#039; - Fundaci\u00f3 Barcelona Ol\u00edmpica<\/title>\n<meta name=\"robots\" content=\"index, follow, max-snippet:-1, max-image-preview:large, max-video-preview:-1\" \/>\n<link rel=\"canonical\" href=\"https:\/\/www.fundaciobarcelonaolimpica.es\/es\/roma-cuyas-patrono-de-la-fundacio-barcelona-olimpica-y-secretario-de-estado-para-el-deporte-en-los-anos-80-clausura-en-el-museu-olimpic-i-de-lesport-joan-antoni-samaranch-la-ix-ed\/\" \/>\n<meta property=\"og:locale\" content=\"es_ES\" \/>\n<meta property=\"og:type\" content=\"article\" \/>\n<meta property=\"og:title\" content=\"Rom\u00e0 Cuy\u00e0s, patrono de la Fundaci\u00f3 Barcelona Ol\u00edmpica y Secretario de Estado para el Deporte en los a\u00f1os \u201980, clausura en el Museu Ol\u00edmpic i de l\u2019Esport Joan Antoni Samaranch la IX edici\u00f3n Forum Ol\u00edmpico 2011 sobre &#039;Deporte y salud para todos&#039; - Fundaci\u00f3 Barcelona Ol\u00edmpica\" \/>\n<meta property=\"og:description\" content=\"&ldquo;El deporte como instrumento para preservar la salud&rdquo; ha sido uno de los lemas m&aacute;s defendidos por los diferentes ponentes internacionales que han participado en el acto. Joan Manuel Surroca ha sido el encargado de gestar las conclusiones de la IX Edici&oacute;n del Forum.\" \/>\n<meta property=\"og:url\" content=\"https:\/\/www.fundaciobarcelonaolimpica.es\/es\/roma-cuyas-patrono-de-la-fundacio-barcelona-olimpica-y-secretario-de-estado-para-el-deporte-en-los-anos-80-clausura-en-el-museu-olimpic-i-de-lesport-joan-antoni-samaranch-la-ix-ed\/\" \/>\n<meta property=\"og:site_name\" content=\"Fundaci\u00f3 Barcelona Ol\u00edmpica\" \/>\n<meta property=\"article:published_time\" content=\"2011-10-20T22:00:00+00:00\" \/>\n<meta name=\"author\" content=\"useradmin\" \/>\n<meta name=\"twitter:card\" content=\"summary_large_image\" \/>\n<meta name=\"twitter:label1\" content=\"Escrito por\" \/>\n\t<meta name=\"twitter:data1\" content=\"useradmin\" \/>\n\t<meta name=\"twitter:label2\" content=\"Tiempo de lectura\" \/>\n\t<meta name=\"twitter:data2\" content=\"2 minutos\" \/>\n<script type=\"application\/ld+json\" class=\"yoast-schema-graph\">{\"@context\":\"https:\/\/schema.org\",\"@graph\":[{\"@type\":\"Article\",\"@id\":\"https:\/\/www.fundaciobarcelonaolimpica.es\/es\/roma-cuyas-patrono-de-la-fundacio-barcelona-olimpica-y-secretario-de-estado-para-el-deporte-en-los-anos-80-clausura-en-el-museu-olimpic-i-de-lesport-joan-antoni-samaranch-la-ix-ed\/#article\",\"isPartOf\":{\"@id\":\"https:\/\/www.fundaciobarcelonaolimpica.es\/es\/roma-cuyas-patrono-de-la-fundacio-barcelona-olimpica-y-secretario-de-estado-para-el-deporte-en-los-anos-80-clausura-en-el-museu-olimpic-i-de-lesport-joan-antoni-samaranch-la-ix-ed\/\"},\"author\":{\"name\":\"useradmin\",\"@id\":\"https:\/\/www.fundaciobarcelonaolimpica.es\/ca\/#\/schema\/person\/d05705664e87aa04c6ce53d48133fb39\"},\"headline\":\"Rom\u00e0 Cuy\u00e0s, patrono de la Fundaci\u00f3 Barcelona Ol\u00edmpica y Secretario de Estado para el Deporte en los a\u00f1os \u201980, clausura en el Museu Ol\u00edmpic i de l\u2019Esport Joan Antoni Samaranch la IX edici\u00f3n Forum Ol\u00edmpico 2011 sobre &#8216;Deporte y salud para todos&#8217;\",\"datePublished\":\"2011-10-20T22:00:00+00:00\",\"dateModified\":\"2011-10-20T22:00:00+00:00\",\"mainEntityOfPage\":{\"@id\":\"https:\/\/www.fundaciobarcelonaolimpica.es\/es\/roma-cuyas-patrono-de-la-fundacio-barcelona-olimpica-y-secretario-de-estado-para-el-deporte-en-los-anos-80-clausura-en-el-museu-olimpic-i-de-lesport-joan-antoni-samaranch-la-ix-ed\/\"},\"wordCount\":409,\"commentCount\":14,\"publisher\":{\"@id\":\"https:\/\/www.fundaciobarcelonaolimpica.es\/ca\/#organization\"},\"articleSection\":[\"Sin categorizar\"],\"inLanguage\":\"es\",\"potentialAction\":[{\"@type\":\"CommentAction\",\"name\":\"Comment\",\"target\":[\"https:\/\/www.fundaciobarcelonaolimpica.es\/es\/roma-cuyas-patrono-de-la-fundacio-barcelona-olimpica-y-secretario-de-estado-para-el-deporte-en-los-anos-80-clausura-en-el-museu-olimpic-i-de-lesport-joan-antoni-samaranch-la-ix-ed\/#respond\"]}]},{\"@type\":\"WebPage\",\"@id\":\"https:\/\/www.fundaciobarcelonaolimpica.es\/es\/roma-cuyas-patrono-de-la-fundacio-barcelona-olimpica-y-secretario-de-estado-para-el-deporte-en-los-anos-80-clausura-en-el-museu-olimpic-i-de-lesport-joan-antoni-samaranch-la-ix-ed\/\",\"url\":\"https:\/\/www.fundaciobarcelonaolimpica.es\/es\/roma-cuyas-patrono-de-la-fundacio-barcelona-olimpica-y-secretario-de-estado-para-el-deporte-en-los-anos-80-clausura-en-el-museu-olimpic-i-de-lesport-joan-antoni-samaranch-la-ix-ed\/\",\"name\":\"Rom\u00e0 Cuy\u00e0s, patrono de la Fundaci\u00f3 Barcelona Ol\u00edmpica y Secretario de Estado para el Deporte en los a\u00f1os \u201980, clausura en el Museu Ol\u00edmpic i de l\u2019Esport Joan Antoni Samaranch la IX edici\u00f3n Forum Ol\u00edmpico 2011 sobre 'Deporte y salud para todos' - Fundaci\u00f3 Barcelona Ol\u00edmpica\",\"isPartOf\":{\"@id\":\"https:\/\/www.fundaciobarcelonaolimpica.es\/ca\/#website\"},\"datePublished\":\"2011-10-20T22:00:00+00:00\",\"dateModified\":\"2011-10-20T22:00:00+00:00\",\"breadcrumb\":{\"@id\":\"https:\/\/www.fundaciobarcelonaolimpica.es\/es\/roma-cuyas-patrono-de-la-fundacio-barcelona-olimpica-y-secretario-de-estado-para-el-deporte-en-los-anos-80-clausura-en-el-museu-olimpic-i-de-lesport-joan-antoni-samaranch-la-ix-ed\/#breadcrumb\"},\"inLanguage\":\"es\",\"potentialAction\":[{\"@type\":\"ReadAction\",\"target\":[\"https:\/\/www.fundaciobarcelonaolimpica.es\/es\/roma-cuyas-patrono-de-la-fundacio-barcelona-olimpica-y-secretario-de-estado-para-el-deporte-en-los-anos-80-clausura-en-el-museu-olimpic-i-de-lesport-joan-antoni-samaranch-la-ix-ed\/\"]}]},{\"@type\":\"BreadcrumbList\",\"@id\":\"https:\/\/www.fundaciobarcelonaolimpica.es\/es\/roma-cuyas-patrono-de-la-fundacio-barcelona-olimpica-y-secretario-de-estado-para-el-deporte-en-los-anos-80-clausura-en-el-museu-olimpic-i-de-lesport-joan-antoni-samaranch-la-ix-ed\/#breadcrumb\",\"itemListElement\":[{\"@type\":\"ListItem\",\"position\":1,\"name\":\"FBO\",\"item\":\"https:\/\/www.fundaciobarcelonaolimpica.es\/es\/\"},{\"@type\":\"ListItem\",\"position\":2,\"name\":\"Rom\u00e0 Cuy\u00e0s, patrono de la Fundaci\u00f3 Barcelona Ol\u00edmpica y Secretario de Estado para el Deporte en los a\u00f1os \u201980, clausura en el Museu Ol\u00edmpic i de l\u2019Esport Joan Antoni Samaranch la IX edici\u00f3n Forum Ol\u00edmpico 2011 sobre &#8216;Deporte y salud para todos&#8217;\"}]},{\"@type\":\"WebSite\",\"@id\":\"https:\/\/www.fundaciobarcelonaolimpica.es\/ca\/#website\",\"url\":\"https:\/\/www.fundaciobarcelonaolimpica.es\/ca\/\",\"name\":\"Fundaci\u00f3 Barcelona Ol\u00edmpica\",\"description\":\"Web del Museu Ol\u00edmpic i de l&#039;Esport\",\"publisher\":{\"@id\":\"https:\/\/www.fundaciobarcelonaolimpica.es\/ca\/#organization\"},\"potentialAction\":[{\"@type\":\"SearchAction\",\"target\":{\"@type\":\"EntryPoint\",\"urlTemplate\":\"https:\/\/www.fundaciobarcelonaolimpica.es\/ca\/?s={search_term_string}\"},\"query-input\":{\"@type\":\"PropertyValueSpecification\",\"valueRequired\":true,\"valueName\":\"search_term_string\"}}],\"inLanguage\":\"es\"},{\"@type\":\"Organization\",\"@id\":\"https:\/\/www.fundaciobarcelonaolimpica.es\/ca\/#organization\",\"name\":\"Fundaci\u00f3 Barcelona Ol\u00edmpica\",\"url\":\"https:\/\/www.fundaciobarcelonaolimpica.es\/ca\/\",\"logo\":{\"@type\":\"ImageObject\",\"inLanguage\":\"es\",\"@id\":\"https:\/\/www.fundaciobarcelonaolimpica.es\/ca\/#\/schema\/logo\/image\/\",\"url\":\"https:\/\/www.fundaciobarcelonaolimpica.es\/wp-content\/uploads\/sites\/3\/2019\/02\/logo-fundacio.svg\",\"contentUrl\":\"https:\/\/www.fundaciobarcelonaolimpica.es\/wp-content\/uploads\/sites\/3\/2019\/02\/logo-fundacio.svg\",\"caption\":\"Fundaci\u00f3 Barcelona Ol\u00edmpica\"},\"image\":{\"@id\":\"https:\/\/www.fundaciobarcelonaolimpica.es\/ca\/#\/schema\/logo\/image\/\"}},{\"@type\":\"Person\",\"@id\":\"https:\/\/www.fundaciobarcelonaolimpica.es\/ca\/#\/schema\/person\/d05705664e87aa04c6ce53d48133fb39\",\"name\":\"useradmin\",\"url\":\"https:\/\/www.fundaciobarcelonaolimpica.es\/es\/author\/useradmin\/\"}]}<\/script>\n<!-- \/ Yoast SEO plugin. -->","yoast_head_json":{"title":"Rom\u00e0 Cuy\u00e0s, patrono de la Fundaci\u00f3 Barcelona Ol\u00edmpica y Secretario de Estado para el Deporte en los a\u00f1os \u201980, clausura en el Museu Ol\u00edmpic i de l\u2019Esport Joan Antoni Samaranch la IX edici\u00f3n Forum Ol\u00edmpico 2011 sobre 'Deporte y salud para todos' - Fundaci\u00f3 Barcelona Ol\u00edmpica","robots":{"index":"index","follow":"follow","max-snippet":"max-snippet:-1","max-image-preview":"max-image-preview:large","max-video-preview":"max-video-preview:-1"},"canonical":"https:\/\/www.fundaciobarcelonaolimpica.es\/es\/roma-cuyas-patrono-de-la-fundacio-barcelona-olimpica-y-secretario-de-estado-para-el-deporte-en-los-anos-80-clausura-en-el-museu-olimpic-i-de-lesport-joan-antoni-samaranch-la-ix-ed\/","og_locale":"es_ES","og_type":"article","og_title":"Rom\u00e0 Cuy\u00e0s, patrono de la Fundaci\u00f3 Barcelona Ol\u00edmpica y Secretario de Estado para el Deporte en los a\u00f1os \u201980, clausura en el Museu Ol\u00edmpic i de l\u2019Esport Joan Antoni Samaranch la IX edici\u00f3n Forum Ol\u00edmpico 2011 sobre 'Deporte y salud para todos' - Fundaci\u00f3 Barcelona Ol\u00edmpica","og_description":"&ldquo;El deporte como instrumento para preservar la salud&rdquo; ha sido uno de los lemas m&aacute;s defendidos por los diferentes ponentes internacionales que han participado en el acto. Joan Manuel Surroca ha sido el encargado de gestar las conclusiones de la IX Edici&oacute;n del Forum.","og_url":"https:\/\/www.fundaciobarcelonaolimpica.es\/es\/roma-cuyas-patrono-de-la-fundacio-barcelona-olimpica-y-secretario-de-estado-para-el-deporte-en-los-anos-80-clausura-en-el-museu-olimpic-i-de-lesport-joan-antoni-samaranch-la-ix-ed\/","og_site_name":"Fundaci\u00f3 Barcelona Ol\u00edmpica","article_published_time":"2011-10-20T22:00:00+00:00","author":"useradmin","twitter_card":"summary_large_image","twitter_misc":{"Escrito por":"useradmin","Tiempo de lectura":"2 minutos"},"schema":{"@context":"https:\/\/schema.org","@graph":[{"@type":"Article","@id":"https:\/\/www.fundaciobarcelonaolimpica.es\/es\/roma-cuyas-patrono-de-la-fundacio-barcelona-olimpica-y-secretario-de-estado-para-el-deporte-en-los-anos-80-clausura-en-el-museu-olimpic-i-de-lesport-joan-antoni-samaranch-la-ix-ed\/#article","isPartOf":{"@id":"https:\/\/www.fundaciobarcelonaolimpica.es\/es\/roma-cuyas-patrono-de-la-fundacio-barcelona-olimpica-y-secretario-de-estado-para-el-deporte-en-los-anos-80-clausura-en-el-museu-olimpic-i-de-lesport-joan-antoni-samaranch-la-ix-ed\/"},"author":{"name":"useradmin","@id":"https:\/\/www.fundaciobarcelonaolimpica.es\/ca\/#\/schema\/person\/d05705664e87aa04c6ce53d48133fb39"},"headline":"Rom\u00e0 Cuy\u00e0s, patrono de la Fundaci\u00f3 Barcelona Ol\u00edmpica y Secretario de Estado para el Deporte en los a\u00f1os \u201980, clausura en el Museu Ol\u00edmpic i de l\u2019Esport Joan Antoni Samaranch la IX edici\u00f3n Forum Ol\u00edmpico 2011 sobre &#8216;Deporte y salud para todos&#8217;","datePublished":"2011-10-20T22:00:00+00:00","dateModified":"2011-10-20T22:00:00+00:00","mainEntityOfPage":{"@id":"https:\/\/www.fundaciobarcelonaolimpica.es\/es\/roma-cuyas-patrono-de-la-fundacio-barcelona-olimpica-y-secretario-de-estado-para-el-deporte-en-los-anos-80-clausura-en-el-museu-olimpic-i-de-lesport-joan-antoni-samaranch-la-ix-ed\/"},"wordCount":409,"commentCount":14,"publisher":{"@id":"https:\/\/www.fundaciobarcelonaolimpica.es\/ca\/#organization"},"articleSection":["Sin categorizar"],"inLanguage":"es","potentialAction":[{"@type":"CommentAction","name":"Comment","target":["https:\/\/www.fundaciobarcelonaolimpica.es\/es\/roma-cuyas-patrono-de-la-fundacio-barcelona-olimpica-y-secretario-de-estado-para-el-deporte-en-los-anos-80-clausura-en-el-museu-olimpic-i-de-lesport-joan-antoni-samaranch-la-ix-ed\/#respond"]}]},{"@type":"WebPage","@id":"https:\/\/www.fundaciobarcelonaolimpica.es\/es\/roma-cuyas-patrono-de-la-fundacio-barcelona-olimpica-y-secretario-de-estado-para-el-deporte-en-los-anos-80-clausura-en-el-museu-olimpic-i-de-lesport-joan-antoni-samaranch-la-ix-ed\/","url":"https:\/\/www.fundaciobarcelonaolimpica.es\/es\/roma-cuyas-patrono-de-la-fundacio-barcelona-olimpica-y-secretario-de-estado-para-el-deporte-en-los-anos-80-clausura-en-el-museu-olimpic-i-de-lesport-joan-antoni-samaranch-la-ix-ed\/","name":"Rom\u00e0 Cuy\u00e0s, patrono de la Fundaci\u00f3 Barcelona Ol\u00edmpica y Secretario de Estado para el Deporte en los a\u00f1os \u201980, clausura en el Museu Ol\u00edmpic i de l\u2019Esport Joan Antoni Samaranch la IX edici\u00f3n Forum Ol\u00edmpico 2011 sobre 'Deporte y salud para todos' - Fundaci\u00f3 Barcelona Ol\u00edmpica","isPartOf":{"@id":"https:\/\/www.fundaciobarcelonaolimpica.es\/ca\/#website"},"datePublished":"2011-10-20T22:00:00+00:00","dateModified":"2011-10-20T22:00:00+00:00","breadcrumb":{"@id":"https:\/\/www.fundaciobarcelonaolimpica.es\/es\/roma-cuyas-patrono-de-la-fundacio-barcelona-olimpica-y-secretario-de-estado-para-el-deporte-en-los-anos-80-clausura-en-el-museu-olimpic-i-de-lesport-joan-antoni-samaranch-la-ix-ed\/#breadcrumb"},"inLanguage":"es","potentialAction":[{"@type":"ReadAction","target":["https:\/\/www.fundaciobarcelonaolimpica.es\/es\/roma-cuyas-patrono-de-la-fundacio-barcelona-olimpica-y-secretario-de-estado-para-el-deporte-en-los-anos-80-clausura-en-el-museu-olimpic-i-de-lesport-joan-antoni-samaranch-la-ix-ed\/"]}]},{"@type":"BreadcrumbList","@id":"https:\/\/www.fundaciobarcelonaolimpica.es\/es\/roma-cuyas-patrono-de-la-fundacio-barcelona-olimpica-y-secretario-de-estado-para-el-deporte-en-los-anos-80-clausura-en-el-museu-olimpic-i-de-lesport-joan-antoni-samaranch-la-ix-ed\/#breadcrumb","itemListElement":[{"@type":"ListItem","position":1,"name":"FBO","item":"https:\/\/www.fundaciobarcelonaolimpica.es\/es\/"},{"@type":"ListItem","position":2,"name":"Rom\u00e0 Cuy\u00e0s, patrono de la Fundaci\u00f3 Barcelona Ol\u00edmpica y Secretario de Estado para el Deporte en los a\u00f1os \u201980, clausura en el Museu Ol\u00edmpic i de l\u2019Esport Joan Antoni Samaranch la IX edici\u00f3n Forum Ol\u00edmpico 2011 sobre &#8216;Deporte y salud para todos&#8217;"}]},{"@type":"WebSite","@id":"https:\/\/www.fundaciobarcelonaolimpica.es\/ca\/#website","url":"https:\/\/www.fundaciobarcelonaolimpica.es\/ca\/","name":"Fundaci\u00f3 Barcelona Ol\u00edmpica","description":"Web del Museu Ol\u00edmpic i de l&#039;Esport","publisher":{"@id":"https:\/\/www.fundaciobarcelonaolimpica.es\/ca\/#organization"},"potentialAction":[{"@type":"SearchAction","target":{"@type":"EntryPoint","urlTemplate":"https:\/\/www.fundaciobarcelonaolimpica.es\/ca\/?s={search_term_string}"},"query-input":{"@type":"PropertyValueSpecification","valueRequired":true,"valueName":"search_term_string"}}],"inLanguage":"es"},{"@type":"Organization","@id":"https:\/\/www.fundaciobarcelonaolimpica.es\/ca\/#organization","name":"Fundaci\u00f3 Barcelona Ol\u00edmpica","url":"https:\/\/www.fundaciobarcelonaolimpica.es\/ca\/","logo":{"@type":"ImageObject","inLanguage":"es","@id":"https:\/\/www.fundaciobarcelonaolimpica.es\/ca\/#\/schema\/logo\/image\/","url":"https:\/\/www.fundaciobarcelonaolimpica.es\/wp-content\/uploads\/sites\/3\/2019\/02\/logo-fundacio.svg","contentUrl":"https:\/\/www.fundaciobarcelonaolimpica.es\/wp-content\/uploads\/sites\/3\/2019\/02\/logo-fundacio.svg","caption":"Fundaci\u00f3 Barcelona Ol\u00edmpica"},"image":{"@id":"https:\/\/www.fundaciobarcelonaolimpica.es\/ca\/#\/schema\/logo\/image\/"}},{"@type":"Person","@id":"https:\/\/www.fundaciobarcelonaolimpica.es\/ca\/#\/schema\/person\/d05705664e87aa04c6ce53d48133fb39","name":"useradmin","url":"https:\/\/www.fundaciobarcelonaolimpica.es\/es\/author\/useradmin\/"}]}},"_links":{"self":[{"href":"https:\/\/www.fundaciobarcelonaolimpica.es\/es\/wp-json\/wp\/v2\/posts\/4136"}],"collection":[{"href":"https:\/\/www.fundaciobarcelonaolimpica.es\/es\/wp-json\/wp\/v2\/posts"}],"about":[{"href":"https:\/\/www.fundaciobarcelonaolimpica.es\/es\/wp-json\/wp\/v2\/types\/post"}],"author":[{"embeddable":true,"href":"https:\/\/www.fundaciobarcelonaolimpica.es\/es\/wp-json\/wp\/v2\/users\/1"}],"replies":[{"embeddable":true,"href":"https:\/\/www.fundaciobarcelonaolimpica.es\/es\/wp-json\/wp\/v2\/comments?post=4136"}],"version-history":[{"count":0,"href":"https:\/\/www.fundaciobarcelonaolimpica.es\/es\/wp-json\/wp\/v2\/posts\/4136\/revisions"}],"wp:attachment":[{"href":"https:\/\/www.fundaciobarcelonaolimpica.es\/es\/wp-json\/wp\/v2\/media?parent=4136"}],"wp:term":[{"taxonomy":"category","embeddable":true,"href":"https:\/\/www.fundaciobarcelonaolimpica.es\/es\/wp-json\/wp\/v2\/categories?post=4136"},{"taxonomy":"post_tag","embeddable":true,"href":"https:\/\/www.fundaciobarcelonaolimpica.es\/es\/wp-json\/wp\/v2\/tags?post=4136"}],"curies":[{"name":"wp","href":"https:\/\/api.w.org\/{rel}","templated":true}]}}