{"id":5177,"date":"2012-06-07T00:00:00","date_gmt":"2012-06-06T22:00:00","guid":{"rendered":"http:\/\/dev.fundaciobarcelonaolimpica.es\/javier-trigo-director-del-centro-de-estudios-olimpicos-de-la-universidad-de-navarra-visita-las-instalaciones-de-la-fundacio-barcelona-olimpica-museu-y-centre-de-estudis-olimpics-i-de-l\/"},"modified":"2019-07-17T08:46:18","modified_gmt":"2019-07-17T06:46:18","slug":"javier-trigo-director-del-centro-de-estudios-olimpicos-de-la-universidad-de-navarra-visita-las-instalaciones-de-la-fundacio-barcelona-olimpica-museu-y-centre-de-estudis-olimpics-i-de-l","status":"publish","type":"post","link":"https:\/\/www.fundaciobarcelonaolimpica.es\/es\/javier-trigo-director-del-centro-de-estudios-olimpicos-de-la-universidad-de-navarra-visita-las-instalaciones-de-la-fundacio-barcelona-olimpica-museu-y-centre-de-estudis-olimpics-i-de-l\/","title":{"rendered":"Javier Trigo, director  del Centro de Estudios Ol\u00edmpicos de la Universidad de Navarra visita las instalaciones de la Fundaci\u00f3 Barcelona Ol\u00edmpica \u2013Museu y Centre de Estudis Ol\u00edmpics i de l\u2019Esport Joan Antoni Samaranch-."},"content":{"rendered":"<p>El Centro de Estudios Ol\u00edmpicos de la Universidad de Navarra (CEO), fue inaugurado el 25 de noviembre del 2011 fruto de la firma de un convenio de colaboraci\u00f3n entre el Comit\u00e9 Ol\u00edmpico Espa\u00f1ol, la Academia Ol\u00edmpica Espa\u00f1ola y la instituci\u00f3n universitaria. Su objetivo es asegurar la adquisici\u00f3n, preservaci\u00f3n y difusi\u00f3n del patrimonio ol\u00edmpico.<\/p>\n<p>El CEO de la Universidad de Navarra, depende del servicio de Deportes de la Universidad, pretende integrar la mayor cantidad de disciplinas universitarias posibles con el deporte. Para eso, generar\u00e1 v\u00ednculos de colaboraci\u00f3n con las distintas Escuelas y Facultades del campus.<\/p>\n<p>Actualmente hay constituidos 25 Centros de Estudios Ol\u00edmpicos en Espa\u00f1a, creados por iniciativa de la AOE con el fin de difundir los valores del deporte, el estudio y la investigaci\u00f3n de este en los centros universitarios y la integraci\u00f3n de su estudio en las actividades de la universidad.<\/p>\n<p>&nbsp;<\/p>\n","protected":false},"excerpt":{"rendered":"<p>Con objeto de establecer un acuerdo de colaboraci&oacute;n entre Centros de Estudios Ol&iacute;mpicos, Javier Trigo se ha reunido con Julio Pernas, director de la Fundaci&oacute; Barcelona Ol&iacute;mpica.<\/p>\n","protected":false},"author":1,"featured_media":19528,"comment_status":"open","ping_status":"open","sticky":false,"template":"","format":"standard","meta":{"_acf_changed":false,"footnotes":""},"categories":[1],"tags":[],"class_list":["post-5177","post","type-post","status-publish","format-standard","has-post-thumbnail","hentry","category-sin-categorizar"],"acf":[],"yoast_head":"<!-- This site is optimized with the Yoast SEO plugin v23.7 - https:\/\/yoast.com\/wordpress\/plugins\/seo\/ -->\n<title>Javier Trigo, director del Centro de Estudios Ol\u00edmpicos de la Universidad de Navarra visita las instalaciones de la Fundaci\u00f3 Barcelona Ol\u00edmpica \u2013Museu y Centre de Estudis Ol\u00edmpics i de l\u2019Esport Joan Antoni Samaranch-. - Fundaci\u00f3 Barcelona Ol\u00edmpica<\/title>\n<meta name=\"robots\" content=\"index, follow, max-snippet:-1, max-image-preview:large, max-video-preview:-1\" \/>\n<link rel=\"canonical\" href=\"https:\/\/www.fundaciobarcelonaolimpica.es\/es\/javier-trigo-director-del-centro-de-estudios-olimpicos-de-la-universidad-de-navarra-visita-las-instalaciones-de-la-fundacio-barcelona-olimpica-museu-y-centre-de-estudis-olimpics-i-de-l\/\" \/>\n<meta property=\"og:locale\" content=\"es_ES\" \/>\n<meta property=\"og:type\" content=\"article\" \/>\n<meta property=\"og:title\" content=\"Javier Trigo, director del Centro de Estudios Ol\u00edmpicos de la Universidad de Navarra visita las instalaciones de la Fundaci\u00f3 Barcelona Ol\u00edmpica \u2013Museu y Centre de Estudis Ol\u00edmpics i de l\u2019Esport Joan Antoni Samaranch-. - Fundaci\u00f3 Barcelona Ol\u00edmpica\" \/>\n<meta property=\"og:description\" content=\"Con objeto de establecer un acuerdo de colaboraci&oacute;n entre Centros de Estudios Ol&iacute;mpicos, Javier Trigo se ha reunido con Julio Pernas, director de la Fundaci&oacute; Barcelona Ol&iacute;mpica.\" \/>\n<meta property=\"og:url\" content=\"https:\/\/www.fundaciobarcelonaolimpica.es\/es\/javier-trigo-director-del-centro-de-estudios-olimpicos-de-la-universidad-de-navarra-visita-las-instalaciones-de-la-fundacio-barcelona-olimpica-museu-y-centre-de-estudis-olimpics-i-de-l\/\" \/>\n<meta property=\"og:site_name\" content=\"Fundaci\u00f3 Barcelona Ol\u00edmpica\" \/>\n<meta property=\"article:published_time\" content=\"2012-06-06T22:00:00+00:00\" \/>\n<meta property=\"article:modified_time\" content=\"2019-07-17T06:46:18+00:00\" \/>\n<meta property=\"og:image\" content=\"https:\/\/www.fundaciobarcelonaolimpica.es\/wp-content\/uploads\/sites\/3\/2012\/06\/Julio_pernas_javier_trigo_02.jpg\" \/>\n\t<meta property=\"og:image:width\" content=\"400\" \/>\n\t<meta property=\"og:image:height\" content=\"267\" \/>\n\t<meta property=\"og:image:type\" content=\"image\/jpeg\" \/>\n<meta name=\"author\" content=\"useradmin\" \/>\n<meta name=\"twitter:card\" content=\"summary_large_image\" \/>\n<meta name=\"twitter:label1\" content=\"Escrito por\" \/>\n\t<meta name=\"twitter:data1\" content=\"useradmin\" \/>\n\t<meta name=\"twitter:label2\" content=\"Tiempo de lectura\" \/>\n\t<meta name=\"twitter:data2\" content=\"1 minuto\" \/>\n<script type=\"application\/ld+json\" class=\"yoast-schema-graph\">{\"@context\":\"https:\/\/schema.org\",\"@graph\":[{\"@type\":\"Article\",\"@id\":\"https:\/\/www.fundaciobarcelonaolimpica.es\/es\/javier-trigo-director-del-centro-de-estudios-olimpicos-de-la-universidad-de-navarra-visita-las-instalaciones-de-la-fundacio-barcelona-olimpica-museu-y-centre-de-estudis-olimpics-i-de-l\/#article\",\"isPartOf\":{\"@id\":\"https:\/\/www.fundaciobarcelonaolimpica.es\/es\/javier-trigo-director-del-centro-de-estudios-olimpicos-de-la-universidad-de-navarra-visita-las-instalaciones-de-la-fundacio-barcelona-olimpica-museu-y-centre-de-estudis-olimpics-i-de-l\/\"},\"author\":{\"name\":\"useradmin\",\"@id\":\"https:\/\/www.fundaciobarcelonaolimpica.es\/ca\/#\/schema\/person\/d05705664e87aa04c6ce53d48133fb39\"},\"headline\":\"Javier Trigo, director del Centro de Estudios Ol\u00edmpicos de la Universidad de Navarra visita las instalaciones de la Fundaci\u00f3 Barcelona Ol\u00edmpica \u2013Museu y Centre de Estudis Ol\u00edmpics i de l\u2019Esport Joan Antoni Samaranch-.\",\"datePublished\":\"2012-06-06T22:00:00+00:00\",\"dateModified\":\"2019-07-17T06:46:18+00:00\",\"mainEntityOfPage\":{\"@id\":\"https:\/\/www.fundaciobarcelonaolimpica.es\/es\/javier-trigo-director-del-centro-de-estudios-olimpicos-de-la-universidad-de-navarra-visita-las-instalaciones-de-la-fundacio-barcelona-olimpica-museu-y-centre-de-estudis-olimpics-i-de-l\/\"},\"wordCount\":194,\"commentCount\":7,\"publisher\":{\"@id\":\"https:\/\/www.fundaciobarcelonaolimpica.es\/ca\/#organization\"},\"image\":{\"@id\":\"https:\/\/www.fundaciobarcelonaolimpica.es\/es\/javier-trigo-director-del-centro-de-estudios-olimpicos-de-la-universidad-de-navarra-visita-las-instalaciones-de-la-fundacio-barcelona-olimpica-museu-y-centre-de-estudis-olimpics-i-de-l\/#primaryimage\"},\"thumbnailUrl\":\"https:\/\/www.fundaciobarcelonaolimpica.es\/wp-content\/uploads\/sites\/3\/2012\/06\/Julio_pernas_javier_trigo_02.jpg\",\"articleSection\":[\"Sin categorizar\"],\"inLanguage\":\"es\",\"potentialAction\":[{\"@type\":\"CommentAction\",\"name\":\"Comment\",\"target\":[\"https:\/\/www.fundaciobarcelonaolimpica.es\/es\/javier-trigo-director-del-centro-de-estudios-olimpicos-de-la-universidad-de-navarra-visita-las-instalaciones-de-la-fundacio-barcelona-olimpica-museu-y-centre-de-estudis-olimpics-i-de-l\/#respond\"]}]},{\"@type\":\"WebPage\",\"@id\":\"https:\/\/www.fundaciobarcelonaolimpica.es\/es\/javier-trigo-director-del-centro-de-estudios-olimpicos-de-la-universidad-de-navarra-visita-las-instalaciones-de-la-fundacio-barcelona-olimpica-museu-y-centre-de-estudis-olimpics-i-de-l\/\",\"url\":\"https:\/\/www.fundaciobarcelonaolimpica.es\/es\/javier-trigo-director-del-centro-de-estudios-olimpicos-de-la-universidad-de-navarra-visita-las-instalaciones-de-la-fundacio-barcelona-olimpica-museu-y-centre-de-estudis-olimpics-i-de-l\/\",\"name\":\"Javier Trigo, director del Centro de Estudios Ol\u00edmpicos de la Universidad de Navarra visita las instalaciones de la Fundaci\u00f3 Barcelona Ol\u00edmpica \u2013Museu y Centre de Estudis Ol\u00edmpics i de l\u2019Esport Joan Antoni Samaranch-. - Fundaci\u00f3 Barcelona Ol\u00edmpica\",\"isPartOf\":{\"@id\":\"https:\/\/www.fundaciobarcelonaolimpica.es\/ca\/#website\"},\"primaryImageOfPage\":{\"@id\":\"https:\/\/www.fundaciobarcelonaolimpica.es\/es\/javier-trigo-director-del-centro-de-estudios-olimpicos-de-la-universidad-de-navarra-visita-las-instalaciones-de-la-fundacio-barcelona-olimpica-museu-y-centre-de-estudis-olimpics-i-de-l\/#primaryimage\"},\"image\":{\"@id\":\"https:\/\/www.fundaciobarcelonaolimpica.es\/es\/javier-trigo-director-del-centro-de-estudios-olimpicos-de-la-universidad-de-navarra-visita-las-instalaciones-de-la-fundacio-barcelona-olimpica-museu-y-centre-de-estudis-olimpics-i-de-l\/#primaryimage\"},\"thumbnailUrl\":\"https:\/\/www.fundaciobarcelonaolimpica.es\/wp-content\/uploads\/sites\/3\/2012\/06\/Julio_pernas_javier_trigo_02.jpg\",\"datePublished\":\"2012-06-06T22:00:00+00:00\",\"dateModified\":\"2019-07-17T06:46:18+00:00\",\"breadcrumb\":{\"@id\":\"https:\/\/www.fundaciobarcelonaolimpica.es\/es\/javier-trigo-director-del-centro-de-estudios-olimpicos-de-la-universidad-de-navarra-visita-las-instalaciones-de-la-fundacio-barcelona-olimpica-museu-y-centre-de-estudis-olimpics-i-de-l\/#breadcrumb\"},\"inLanguage\":\"es\",\"potentialAction\":[{\"@type\":\"ReadAction\",\"target\":[\"https:\/\/www.fundaciobarcelonaolimpica.es\/es\/javier-trigo-director-del-centro-de-estudios-olimpicos-de-la-universidad-de-navarra-visita-las-instalaciones-de-la-fundacio-barcelona-olimpica-museu-y-centre-de-estudis-olimpics-i-de-l\/\"]}]},{\"@type\":\"ImageObject\",\"inLanguage\":\"es\",\"@id\":\"https:\/\/www.fundaciobarcelonaolimpica.es\/es\/javier-trigo-director-del-centro-de-estudios-olimpicos-de-la-universidad-de-navarra-visita-las-instalaciones-de-la-fundacio-barcelona-olimpica-museu-y-centre-de-estudis-olimpics-i-de-l\/#primaryimage\",\"url\":\"https:\/\/www.fundaciobarcelonaolimpica.es\/wp-content\/uploads\/sites\/3\/2012\/06\/Julio_pernas_javier_trigo_02.jpg\",\"contentUrl\":\"https:\/\/www.fundaciobarcelonaolimpica.es\/wp-content\/uploads\/sites\/3\/2012\/06\/Julio_pernas_javier_trigo_02.jpg\",\"width\":400,\"height\":267},{\"@type\":\"BreadcrumbList\",\"@id\":\"https:\/\/www.fundaciobarcelonaolimpica.es\/es\/javier-trigo-director-del-centro-de-estudios-olimpicos-de-la-universidad-de-navarra-visita-las-instalaciones-de-la-fundacio-barcelona-olimpica-museu-y-centre-de-estudis-olimpics-i-de-l\/#breadcrumb\",\"itemListElement\":[{\"@type\":\"ListItem\",\"position\":1,\"name\":\"FBO\",\"item\":\"https:\/\/www.fundaciobarcelonaolimpica.es\/es\/\"},{\"@type\":\"ListItem\",\"position\":2,\"name\":\"Javier Trigo, director del Centro de Estudios Ol\u00edmpicos de la Universidad de Navarra visita las instalaciones de la Fundaci\u00f3 Barcelona Ol\u00edmpica \u2013Museu y Centre de Estudis Ol\u00edmpics i de l\u2019Esport Joan Antoni Samaranch-.\"}]},{\"@type\":\"WebSite\",\"@id\":\"https:\/\/www.fundaciobarcelonaolimpica.es\/ca\/#website\",\"url\":\"https:\/\/www.fundaciobarcelonaolimpica.es\/ca\/\",\"name\":\"Fundaci\u00f3 Barcelona Ol\u00edmpica\",\"description\":\"Web del Museu Ol\u00edmpic i de l&#039;Esport\",\"publisher\":{\"@id\":\"https:\/\/www.fundaciobarcelonaolimpica.es\/ca\/#organization\"},\"potentialAction\":[{\"@type\":\"SearchAction\",\"target\":{\"@type\":\"EntryPoint\",\"urlTemplate\":\"https:\/\/www.fundaciobarcelonaolimpica.es\/ca\/?s={search_term_string}\"},\"query-input\":{\"@type\":\"PropertyValueSpecification\",\"valueRequired\":true,\"valueName\":\"search_term_string\"}}],\"inLanguage\":\"es\"},{\"@type\":\"Organization\",\"@id\":\"https:\/\/www.fundaciobarcelonaolimpica.es\/ca\/#organization\",\"name\":\"Fundaci\u00f3 Barcelona Ol\u00edmpica\",\"url\":\"https:\/\/www.fundaciobarcelonaolimpica.es\/ca\/\",\"logo\":{\"@type\":\"ImageObject\",\"inLanguage\":\"es\",\"@id\":\"https:\/\/www.fundaciobarcelonaolimpica.es\/ca\/#\/schema\/logo\/image\/\",\"url\":\"https:\/\/www.fundaciobarcelonaolimpica.es\/wp-content\/uploads\/sites\/3\/2019\/02\/logo-fundacio.svg\",\"contentUrl\":\"https:\/\/www.fundaciobarcelonaolimpica.es\/wp-content\/uploads\/sites\/3\/2019\/02\/logo-fundacio.svg\",\"caption\":\"Fundaci\u00f3 Barcelona Ol\u00edmpica\"},\"image\":{\"@id\":\"https:\/\/www.fundaciobarcelonaolimpica.es\/ca\/#\/schema\/logo\/image\/\"}},{\"@type\":\"Person\",\"@id\":\"https:\/\/www.fundaciobarcelonaolimpica.es\/ca\/#\/schema\/person\/d05705664e87aa04c6ce53d48133fb39\",\"name\":\"useradmin\",\"url\":\"https:\/\/www.fundaciobarcelonaolimpica.es\/es\/author\/useradmin\/\"}]}<\/script>\n<!-- \/ Yoast SEO plugin. -->","yoast_head_json":{"title":"Javier Trigo, director del Centro de Estudios Ol\u00edmpicos de la Universidad de Navarra visita las instalaciones de la Fundaci\u00f3 Barcelona Ol\u00edmpica \u2013Museu y Centre de Estudis Ol\u00edmpics i de l\u2019Esport Joan Antoni Samaranch-. - Fundaci\u00f3 Barcelona Ol\u00edmpica","robots":{"index":"index","follow":"follow","max-snippet":"max-snippet:-1","max-image-preview":"max-image-preview:large","max-video-preview":"max-video-preview:-1"},"canonical":"https:\/\/www.fundaciobarcelonaolimpica.es\/es\/javier-trigo-director-del-centro-de-estudios-olimpicos-de-la-universidad-de-navarra-visita-las-instalaciones-de-la-fundacio-barcelona-olimpica-museu-y-centre-de-estudis-olimpics-i-de-l\/","og_locale":"es_ES","og_type":"article","og_title":"Javier Trigo, director del Centro de Estudios Ol\u00edmpicos de la Universidad de Navarra visita las instalaciones de la Fundaci\u00f3 Barcelona Ol\u00edmpica \u2013Museu y Centre de Estudis Ol\u00edmpics i de l\u2019Esport Joan Antoni Samaranch-. - Fundaci\u00f3 Barcelona Ol\u00edmpica","og_description":"Con objeto de establecer un acuerdo de colaboraci&oacute;n entre Centros de Estudios Ol&iacute;mpicos, Javier Trigo se ha reunido con Julio Pernas, director de la Fundaci&oacute; Barcelona Ol&iacute;mpica.","og_url":"https:\/\/www.fundaciobarcelonaolimpica.es\/es\/javier-trigo-director-del-centro-de-estudios-olimpicos-de-la-universidad-de-navarra-visita-las-instalaciones-de-la-fundacio-barcelona-olimpica-museu-y-centre-de-estudis-olimpics-i-de-l\/","og_site_name":"Fundaci\u00f3 Barcelona Ol\u00edmpica","article_published_time":"2012-06-06T22:00:00+00:00","article_modified_time":"2019-07-17T06:46:18+00:00","og_image":[{"width":400,"height":267,"url":"https:\/\/www.fundaciobarcelonaolimpica.es\/wp-content\/uploads\/sites\/3\/2012\/06\/Julio_pernas_javier_trigo_02.jpg","type":"image\/jpeg"}],"author":"useradmin","twitter_card":"summary_large_image","twitter_misc":{"Escrito por":"useradmin","Tiempo de lectura":"1 minuto"},"schema":{"@context":"https:\/\/schema.org","@graph":[{"@type":"Article","@id":"https:\/\/www.fundaciobarcelonaolimpica.es\/es\/javier-trigo-director-del-centro-de-estudios-olimpicos-de-la-universidad-de-navarra-visita-las-instalaciones-de-la-fundacio-barcelona-olimpica-museu-y-centre-de-estudis-olimpics-i-de-l\/#article","isPartOf":{"@id":"https:\/\/www.fundaciobarcelonaolimpica.es\/es\/javier-trigo-director-del-centro-de-estudios-olimpicos-de-la-universidad-de-navarra-visita-las-instalaciones-de-la-fundacio-barcelona-olimpica-museu-y-centre-de-estudis-olimpics-i-de-l\/"},"author":{"name":"useradmin","@id":"https:\/\/www.fundaciobarcelonaolimpica.es\/ca\/#\/schema\/person\/d05705664e87aa04c6ce53d48133fb39"},"headline":"Javier Trigo, director del Centro de Estudios Ol\u00edmpicos de la Universidad de Navarra visita las instalaciones de la Fundaci\u00f3 Barcelona Ol\u00edmpica \u2013Museu y Centre de Estudis Ol\u00edmpics i de l\u2019Esport Joan Antoni Samaranch-.","datePublished":"2012-06-06T22:00:00+00:00","dateModified":"2019-07-17T06:46:18+00:00","mainEntityOfPage":{"@id":"https:\/\/www.fundaciobarcelonaolimpica.es\/es\/javier-trigo-director-del-centro-de-estudios-olimpicos-de-la-universidad-de-navarra-visita-las-instalaciones-de-la-fundacio-barcelona-olimpica-museu-y-centre-de-estudis-olimpics-i-de-l\/"},"wordCount":194,"commentCount":7,"publisher":{"@id":"https:\/\/www.fundaciobarcelonaolimpica.es\/ca\/#organization"},"image":{"@id":"https:\/\/www.fundaciobarcelonaolimpica.es\/es\/javier-trigo-director-del-centro-de-estudios-olimpicos-de-la-universidad-de-navarra-visita-las-instalaciones-de-la-fundacio-barcelona-olimpica-museu-y-centre-de-estudis-olimpics-i-de-l\/#primaryimage"},"thumbnailUrl":"https:\/\/www.fundaciobarcelonaolimpica.es\/wp-content\/uploads\/sites\/3\/2012\/06\/Julio_pernas_javier_trigo_02.jpg","articleSection":["Sin categorizar"],"inLanguage":"es","potentialAction":[{"@type":"CommentAction","name":"Comment","target":["https:\/\/www.fundaciobarcelonaolimpica.es\/es\/javier-trigo-director-del-centro-de-estudios-olimpicos-de-la-universidad-de-navarra-visita-las-instalaciones-de-la-fundacio-barcelona-olimpica-museu-y-centre-de-estudis-olimpics-i-de-l\/#respond"]}]},{"@type":"WebPage","@id":"https:\/\/www.fundaciobarcelonaolimpica.es\/es\/javier-trigo-director-del-centro-de-estudios-olimpicos-de-la-universidad-de-navarra-visita-las-instalaciones-de-la-fundacio-barcelona-olimpica-museu-y-centre-de-estudis-olimpics-i-de-l\/","url":"https:\/\/www.fundaciobarcelonaolimpica.es\/es\/javier-trigo-director-del-centro-de-estudios-olimpicos-de-la-universidad-de-navarra-visita-las-instalaciones-de-la-fundacio-barcelona-olimpica-museu-y-centre-de-estudis-olimpics-i-de-l\/","name":"Javier Trigo, director del Centro de Estudios Ol\u00edmpicos de la Universidad de Navarra visita las instalaciones de la Fundaci\u00f3 Barcelona Ol\u00edmpica \u2013Museu y Centre de Estudis Ol\u00edmpics i de l\u2019Esport Joan Antoni Samaranch-. - Fundaci\u00f3 Barcelona Ol\u00edmpica","isPartOf":{"@id":"https:\/\/www.fundaciobarcelonaolimpica.es\/ca\/#website"},"primaryImageOfPage":{"@id":"https:\/\/www.fundaciobarcelonaolimpica.es\/es\/javier-trigo-director-del-centro-de-estudios-olimpicos-de-la-universidad-de-navarra-visita-las-instalaciones-de-la-fundacio-barcelona-olimpica-museu-y-centre-de-estudis-olimpics-i-de-l\/#primaryimage"},"image":{"@id":"https:\/\/www.fundaciobarcelonaolimpica.es\/es\/javier-trigo-director-del-centro-de-estudios-olimpicos-de-la-universidad-de-navarra-visita-las-instalaciones-de-la-fundacio-barcelona-olimpica-museu-y-centre-de-estudis-olimpics-i-de-l\/#primaryimage"},"thumbnailUrl":"https:\/\/www.fundaciobarcelonaolimpica.es\/wp-content\/uploads\/sites\/3\/2012\/06\/Julio_pernas_javier_trigo_02.jpg","datePublished":"2012-06-06T22:00:00+00:00","dateModified":"2019-07-17T06:46:18+00:00","breadcrumb":{"@id":"https:\/\/www.fundaciobarcelonaolimpica.es\/es\/javier-trigo-director-del-centro-de-estudios-olimpicos-de-la-universidad-de-navarra-visita-las-instalaciones-de-la-fundacio-barcelona-olimpica-museu-y-centre-de-estudis-olimpics-i-de-l\/#breadcrumb"},"inLanguage":"es","potentialAction":[{"@type":"ReadAction","target":["https:\/\/www.fundaciobarcelonaolimpica.es\/es\/javier-trigo-director-del-centro-de-estudios-olimpicos-de-la-universidad-de-navarra-visita-las-instalaciones-de-la-fundacio-barcelona-olimpica-museu-y-centre-de-estudis-olimpics-i-de-l\/"]}]},{"@type":"ImageObject","inLanguage":"es","@id":"https:\/\/www.fundaciobarcelonaolimpica.es\/es\/javier-trigo-director-del-centro-de-estudios-olimpicos-de-la-universidad-de-navarra-visita-las-instalaciones-de-la-fundacio-barcelona-olimpica-museu-y-centre-de-estudis-olimpics-i-de-l\/#primaryimage","url":"https:\/\/www.fundaciobarcelonaolimpica.es\/wp-content\/uploads\/sites\/3\/2012\/06\/Julio_pernas_javier_trigo_02.jpg","contentUrl":"https:\/\/www.fundaciobarcelonaolimpica.es\/wp-content\/uploads\/sites\/3\/2012\/06\/Julio_pernas_javier_trigo_02.jpg","width":400,"height":267},{"@type":"BreadcrumbList","@id":"https:\/\/www.fundaciobarcelonaolimpica.es\/es\/javier-trigo-director-del-centro-de-estudios-olimpicos-de-la-universidad-de-navarra-visita-las-instalaciones-de-la-fundacio-barcelona-olimpica-museu-y-centre-de-estudis-olimpics-i-de-l\/#breadcrumb","itemListElement":[{"@type":"ListItem","position":1,"name":"FBO","item":"https:\/\/www.fundaciobarcelonaolimpica.es\/es\/"},{"@type":"ListItem","position":2,"name":"Javier Trigo, director del Centro de Estudios Ol\u00edmpicos de la Universidad de Navarra visita las instalaciones de la Fundaci\u00f3 Barcelona Ol\u00edmpica \u2013Museu y Centre de Estudis Ol\u00edmpics i de l\u2019Esport Joan Antoni Samaranch-."}]},{"@type":"WebSite","@id":"https:\/\/www.fundaciobarcelonaolimpica.es\/ca\/#website","url":"https:\/\/www.fundaciobarcelonaolimpica.es\/ca\/","name":"Fundaci\u00f3 Barcelona Ol\u00edmpica","description":"Web del Museu Ol\u00edmpic i de l&#039;Esport","publisher":{"@id":"https:\/\/www.fundaciobarcelonaolimpica.es\/ca\/#organization"},"potentialAction":[{"@type":"SearchAction","target":{"@type":"EntryPoint","urlTemplate":"https:\/\/www.fundaciobarcelonaolimpica.es\/ca\/?s={search_term_string}"},"query-input":{"@type":"PropertyValueSpecification","valueRequired":true,"valueName":"search_term_string"}}],"inLanguage":"es"},{"@type":"Organization","@id":"https:\/\/www.fundaciobarcelonaolimpica.es\/ca\/#organization","name":"Fundaci\u00f3 Barcelona Ol\u00edmpica","url":"https:\/\/www.fundaciobarcelonaolimpica.es\/ca\/","logo":{"@type":"ImageObject","inLanguage":"es","@id":"https:\/\/www.fundaciobarcelonaolimpica.es\/ca\/#\/schema\/logo\/image\/","url":"https:\/\/www.fundaciobarcelonaolimpica.es\/wp-content\/uploads\/sites\/3\/2019\/02\/logo-fundacio.svg","contentUrl":"https:\/\/www.fundaciobarcelonaolimpica.es\/wp-content\/uploads\/sites\/3\/2019\/02\/logo-fundacio.svg","caption":"Fundaci\u00f3 Barcelona Ol\u00edmpica"},"image":{"@id":"https:\/\/www.fundaciobarcelonaolimpica.es\/ca\/#\/schema\/logo\/image\/"}},{"@type":"Person","@id":"https:\/\/www.fundaciobarcelonaolimpica.es\/ca\/#\/schema\/person\/d05705664e87aa04c6ce53d48133fb39","name":"useradmin","url":"https:\/\/www.fundaciobarcelonaolimpica.es\/es\/author\/useradmin\/"}]}},"_links":{"self":[{"href":"https:\/\/www.fundaciobarcelonaolimpica.es\/es\/wp-json\/wp\/v2\/posts\/5177"}],"collection":[{"href":"https:\/\/www.fundaciobarcelonaolimpica.es\/es\/wp-json\/wp\/v2\/posts"}],"about":[{"href":"https:\/\/www.fundaciobarcelonaolimpica.es\/es\/wp-json\/wp\/v2\/types\/post"}],"author":[{"embeddable":true,"href":"https:\/\/www.fundaciobarcelonaolimpica.es\/es\/wp-json\/wp\/v2\/users\/1"}],"replies":[{"embeddable":true,"href":"https:\/\/www.fundaciobarcelonaolimpica.es\/es\/wp-json\/wp\/v2\/comments?post=5177"}],"version-history":[{"count":1,"href":"https:\/\/www.fundaciobarcelonaolimpica.es\/es\/wp-json\/wp\/v2\/posts\/5177\/revisions"}],"predecessor-version":[{"id":19530,"href":"https:\/\/www.fundaciobarcelonaolimpica.es\/es\/wp-json\/wp\/v2\/posts\/5177\/revisions\/19530"}],"wp:featuredmedia":[{"embeddable":true,"href":"https:\/\/www.fundaciobarcelonaolimpica.es\/es\/wp-json\/wp\/v2\/media\/19528"}],"wp:attachment":[{"href":"https:\/\/www.fundaciobarcelonaolimpica.es\/es\/wp-json\/wp\/v2\/media?parent=5177"}],"wp:term":[{"taxonomy":"category","embeddable":true,"href":"https:\/\/www.fundaciobarcelonaolimpica.es\/es\/wp-json\/wp\/v2\/categories?post=5177"},{"taxonomy":"post_tag","embeddable":true,"href":"https:\/\/www.fundaciobarcelonaolimpica.es\/es\/wp-json\/wp\/v2\/tags?post=5177"}],"curies":[{"name":"wp","href":"https:\/\/api.w.org\/{rel}","templated":true}]}}