{"id":5545,"date":"2012-09-27T00:00:00","date_gmt":"2012-09-26T22:00:00","guid":{"rendered":"http:\/\/dev.fundaciobarcelonaolimpica.es\/maite-fandos-presidenta-de-la-fundacio-barcelona-olimpica-recibio-en-el-salo-de-cent-del-ayuntamiento-de-barcelona-a-los-directores-de-la-7a-reunion-internacional-de-museos-olimpicos-del-mundo\/"},"modified":"2019-07-16T16:51:06","modified_gmt":"2019-07-16T14:51:06","slug":"maite-fandos-presidenta-de-la-fundacio-barcelona-olimpica-recibio-en-el-salo-de-cent-del-ayuntamiento-de-barcelona-a-los-directores-de-la-7a-reunion-internacional-de-museos-olimpicos-del-mundo","status":"publish","type":"post","link":"https:\/\/www.fundaciobarcelonaolimpica.es\/es\/maite-fandos-presidenta-de-la-fundacio-barcelona-olimpica-recibio-en-el-salo-de-cent-del-ayuntamiento-de-barcelona-a-los-directores-de-la-7a-reunion-internacional-de-museos-olimpicos-del-mundo\/","title":{"rendered":"Maite Fandos, presidenta de la Fundaci\u00f3 Barcelona Ol\u00edmpica, recibi\u00f3 en el Sal\u00f3 de Cent del Ayuntamiento de Barcelona, a los directores de la 7\u00aa reuni\u00f3n Internacional de Museos Ol\u00edmpicos del Mundo"},"content":{"rendered":"<p>El Internacional Olympic Comite (CIO), a trav\u00e9s de su \u00a0museo ol\u00edmpico (Olympic Museum of Lausanne), reune a los museos miembros para establecer y compartir las experiencias y actividades que se realizan en los museos ol\u00edmpicos pertenecientes a su red de museos ol\u00edmpicos.<\/p>\n<p>El CIO concede una credencial acreditativa a aquellos museos que cumplen la normativa establecida desde Lausanne por su organismo. El Museu Ol\u00edmpic i de l\u2019Esport Joan Antoni Samaranch es uno de los 14 museos oficiales del mundo.<\/p>\n<p>La reuni\u00f3n de entidades se desarrolla normalmente en las instalaciones que el CIO tiene en la ciudad ol\u00edmpica de Lausanne, ciudad sede del CIO y del Museu Olympic. Este a\u00f1o, con motivo de las reformas en el Museu de Lausanne, la organizaci\u00f3n ha decidido que sea Barcelona la sede organizadora.<\/p>\n<p>Es un honor para la ciudad de Barcelona contar con los representantes de los Museos Ol\u00edmpicos del Mundo as\u00ed se lo ha hecho saber Maite Fandos, presidenta de la Fundaci\u00f3n Barcelona Ol\u00edmpica, quien ha recibido en el Sal\u00f3 de Cent del Ayuntamiento de Barcelona a todos sus delegados.<\/p>\n<p><strong>Olympic Museum of Lausanne<\/strong>: Mr. Francis Gabet, director ofMuseu Olympic de Lausanne; Ms. Fr\u00e9d\u00e9rique Jamolli,\u00a0 Ms. Anne Chevalley, Ms. St\u00e9phanie Coppex &amp; Ms. Marie Schwarz. <strong>\u00a0<\/strong><\/p>\n<p><strong>China Sports Museum<\/strong>: Mr. Qui, Yanqing; Mr. Wang, Ju &amp; Mr. Jia, Hongkui.<\/p>\n<p><strong>German Sports &amp;Olympic Museum: <\/strong>Mr. Fran Duerr, director.<\/p>\n<p><strong>Thessaloniki Olympic Museum: <\/strong>Ms. Kyriaki Oudatzi, director.<\/p>\n<p><strong>Samaranch Memorial in Tianjin, China: <\/strong>Mr. Yuan Zhihong.<\/p>\n<p><strong>Olympic Stadium Amsterdam: <\/strong>Mr. Hans Lubberding &amp; Carla de Groot<\/p>\n<p><strong>Xiamen Olympic Museum &#8211; Tiajin Dragon Olympic Museum (CHN): <\/strong>Mr. WU Ching-kuo<\/p>\n<p><strong>Estonian Sport Museum: <\/strong>Mr. Kalle Voolaid &amp; Mr. Taimar Lell<\/p>\n<p><strong>The Sports Museum Foundation of Finland:\u00a0 <\/strong>Mr. Pekka Honkanen &amp; Ms. Kaisa-Leena Laitinen<\/p>\n<p><strong>Qatar Olympic and Sport Museum: <\/strong>Dr. Christian Wacker &amp; Al-Meer<\/p>\n<p><strong>Seoul Olympic Museum \u2013 Korea: <\/strong>Mr. Jomgkyu Haan Mr. Kim Jaeku &amp; Ms. Choi Yujeong<\/p>\n<p><strong>Mus\u00e9e Nacional du Sport Fran\u00e7ais: <\/strong>Ms. Annie Lh\u00e9ritier<\/p>\n<p><strong>The Israeli Olympic Experience: <\/strong>Mr. Haim Rogatke<\/p>\n<p><strong>Museum of Sports and Tourism in Warsaw (POL): <\/strong>Mr. Tomas Jagodzinski &amp; Mr. Michal Puszkarski<\/p>\n<p><strong>Sportimonium (BEL): <\/strong>Mr. Erik Thibaut &amp; Mr. Eric De Vroede<\/p>\n<p><strong>Olympic Museum Wellington (NZL): <\/strong>Mr. Charles Callis<\/p>\n<p><strong>Richmond Olympic Oval (CAD): <\/strong>Ms. Shana Turner, Mr. George Duncan, Ms. Jane Fernyhough &amp; Mr. John Mills<\/p>\n<p><strong>Gothenburg Sports Museum (SW): <\/strong>Mr. Hans Elbel &amp; Mr. Jon Lennstr\u00f6m<\/p>\n<p><strong>Norwegian Olympic Museum: <\/strong>Mr. Bjarte Ytre-Arne<\/p>\n<p><strong>Museu Olimpic i de l\u2019Esport Joan Antoni Samaranch: <\/strong>Ms. Teresa Agull\u00f3 &amp;Ms. Ibone Lallana<\/p>\n<p>&nbsp;<\/p>\n<p>&nbsp;<\/p>\n","protected":false},"excerpt":{"rendered":"<p>La reuni&oacute;n internacional de museos ol&iacute;mpicos es organizada anualmente por el Olympic Museum of Lausanne, con el fin de generar sinergias entre los museos ol&iacute;mpicos del mundo que forman parte de la red de museos ol&iacute;mpicos bajo la tutela del CIO.<\/p>\n<p>&nbsp;<\/p>\n<p>&nbsp;<\/p>\n","protected":false},"author":1,"featured_media":5547,"comment_status":"open","ping_status":"open","sticky":false,"template":"","format":"standard","meta":{"_acf_changed":false,"footnotes":""},"categories":[1],"tags":[],"class_list":["post-5545","post","type-post","status-publish","format-standard","has-post-thumbnail","hentry","category-sin-categorizar"],"acf":[],"yoast_head":"<!-- This site is optimized with the Yoast SEO plugin v23.7 - https:\/\/yoast.com\/wordpress\/plugins\/seo\/ -->\n<title>Maite Fandos, presidenta de la Fundaci\u00f3 Barcelona Ol\u00edmpica, recibi\u00f3 en el Sal\u00f3 de Cent del Ayuntamiento de Barcelona, a los directores de la 7\u00aa reuni\u00f3n Internacional de Museos Ol\u00edmpicos del Mundo - Fundaci\u00f3 Barcelona Ol\u00edmpica<\/title>\n<meta name=\"robots\" content=\"index, follow, max-snippet:-1, max-image-preview:large, max-video-preview:-1\" \/>\n<link rel=\"canonical\" href=\"https:\/\/www.fundaciobarcelonaolimpica.es\/es\/maite-fandos-presidenta-de-la-fundacio-barcelona-olimpica-recibio-en-el-salo-de-cent-del-ayuntamiento-de-barcelona-a-los-directores-de-la-7a-reunion-internacional-de-museos-olimpicos-del-mundo\/\" \/>\n<meta property=\"og:locale\" content=\"es_ES\" \/>\n<meta property=\"og:type\" content=\"article\" \/>\n<meta property=\"og:title\" content=\"Maite Fandos, presidenta de la Fundaci\u00f3 Barcelona Ol\u00edmpica, recibi\u00f3 en el Sal\u00f3 de Cent del Ayuntamiento de Barcelona, a los directores de la 7\u00aa reuni\u00f3n Internacional de Museos Ol\u00edmpicos del Mundo - Fundaci\u00f3 Barcelona Ol\u00edmpica\" \/>\n<meta property=\"og:description\" content=\"La reuni&oacute;n internacional de museos ol&iacute;mpicos es organizada anualmente por el Olympic Museum of Lausanne, con el fin de generar sinergias entre los museos ol&iacute;mpicos del mundo que forman parte de la red de museos ol&iacute;mpicos bajo la tutela del CIO. &nbsp; &nbsp;\" \/>\n<meta property=\"og:url\" content=\"https:\/\/www.fundaciobarcelonaolimpica.es\/es\/maite-fandos-presidenta-de-la-fundacio-barcelona-olimpica-recibio-en-el-salo-de-cent-del-ayuntamiento-de-barcelona-a-los-directores-de-la-7a-reunion-internacional-de-museos-olimpicos-del-mundo\/\" \/>\n<meta property=\"og:site_name\" content=\"Fundaci\u00f3 Barcelona Ol\u00edmpica\" \/>\n<meta property=\"article:published_time\" content=\"2012-09-26T22:00:00+00:00\" \/>\n<meta property=\"article:modified_time\" content=\"2019-07-16T14:51:06+00:00\" \/>\n<meta property=\"og:image\" content=\"https:\/\/www.fundaciobarcelonaolimpica.es\/wp-content\/uploads\/sites\/3\/2019\/03\/OLIMPIC_Museum_Fandos-Gabet_04.jpg\" \/>\n\t<meta property=\"og:image:width\" content=\"563\" \/>\n\t<meta property=\"og:image:height\" content=\"376\" \/>\n\t<meta property=\"og:image:type\" content=\"image\/jpeg\" \/>\n<meta name=\"author\" content=\"useradmin\" \/>\n<meta name=\"twitter:card\" content=\"summary_large_image\" \/>\n<meta name=\"twitter:label1\" content=\"Escrito por\" \/>\n\t<meta name=\"twitter:data1\" content=\"useradmin\" \/>\n\t<meta name=\"twitter:label2\" content=\"Tiempo de lectura\" \/>\n\t<meta name=\"twitter:data2\" content=\"2 minutos\" \/>\n<script type=\"application\/ld+json\" class=\"yoast-schema-graph\">{\"@context\":\"https:\/\/schema.org\",\"@graph\":[{\"@type\":\"Article\",\"@id\":\"https:\/\/www.fundaciobarcelonaolimpica.es\/es\/maite-fandos-presidenta-de-la-fundacio-barcelona-olimpica-recibio-en-el-salo-de-cent-del-ayuntamiento-de-barcelona-a-los-directores-de-la-7a-reunion-internacional-de-museos-olimpicos-del-mundo\/#article\",\"isPartOf\":{\"@id\":\"https:\/\/www.fundaciobarcelonaolimpica.es\/es\/maite-fandos-presidenta-de-la-fundacio-barcelona-olimpica-recibio-en-el-salo-de-cent-del-ayuntamiento-de-barcelona-a-los-directores-de-la-7a-reunion-internacional-de-museos-olimpicos-del-mundo\/\"},\"author\":{\"name\":\"useradmin\",\"@id\":\"https:\/\/www.fundaciobarcelonaolimpica.es\/ca\/#\/schema\/person\/d05705664e87aa04c6ce53d48133fb39\"},\"headline\":\"Maite Fandos, presidenta de la Fundaci\u00f3 Barcelona Ol\u00edmpica, recibi\u00f3 en el Sal\u00f3 de Cent del Ayuntamiento de Barcelona, a los directores de la 7\u00aa reuni\u00f3n Internacional de Museos Ol\u00edmpicos del Mundo\",\"datePublished\":\"2012-09-26T22:00:00+00:00\",\"dateModified\":\"2019-07-16T14:51:06+00:00\",\"mainEntityOfPage\":{\"@id\":\"https:\/\/www.fundaciobarcelonaolimpica.es\/es\/maite-fandos-presidenta-de-la-fundacio-barcelona-olimpica-recibio-en-el-salo-de-cent-del-ayuntamiento-de-barcelona-a-los-directores-de-la-7a-reunion-internacional-de-museos-olimpicos-del-mundo\/\"},\"wordCount\":459,\"commentCount\":2,\"publisher\":{\"@id\":\"https:\/\/www.fundaciobarcelonaolimpica.es\/ca\/#organization\"},\"image\":{\"@id\":\"https:\/\/www.fundaciobarcelonaolimpica.es\/es\/maite-fandos-presidenta-de-la-fundacio-barcelona-olimpica-recibio-en-el-salo-de-cent-del-ayuntamiento-de-barcelona-a-los-directores-de-la-7a-reunion-internacional-de-museos-olimpicos-del-mundo\/#primaryimage\"},\"thumbnailUrl\":\"https:\/\/www.fundaciobarcelonaolimpica.es\/wp-content\/uploads\/sites\/3\/2019\/03\/OLIMPIC_Museum_Fandos-Gabet_04.jpg\",\"articleSection\":[\"Sin categorizar\"],\"inLanguage\":\"es\",\"potentialAction\":[{\"@type\":\"CommentAction\",\"name\":\"Comment\",\"target\":[\"https:\/\/www.fundaciobarcelonaolimpica.es\/es\/maite-fandos-presidenta-de-la-fundacio-barcelona-olimpica-recibio-en-el-salo-de-cent-del-ayuntamiento-de-barcelona-a-los-directores-de-la-7a-reunion-internacional-de-museos-olimpicos-del-mundo\/#respond\"]}]},{\"@type\":\"WebPage\",\"@id\":\"https:\/\/www.fundaciobarcelonaolimpica.es\/es\/maite-fandos-presidenta-de-la-fundacio-barcelona-olimpica-recibio-en-el-salo-de-cent-del-ayuntamiento-de-barcelona-a-los-directores-de-la-7a-reunion-internacional-de-museos-olimpicos-del-mundo\/\",\"url\":\"https:\/\/www.fundaciobarcelonaolimpica.es\/es\/maite-fandos-presidenta-de-la-fundacio-barcelona-olimpica-recibio-en-el-salo-de-cent-del-ayuntamiento-de-barcelona-a-los-directores-de-la-7a-reunion-internacional-de-museos-olimpicos-del-mundo\/\",\"name\":\"Maite Fandos, presidenta de la Fundaci\u00f3 Barcelona Ol\u00edmpica, recibi\u00f3 en el Sal\u00f3 de Cent del Ayuntamiento de Barcelona, a los directores de la 7\u00aa reuni\u00f3n Internacional de Museos Ol\u00edmpicos del Mundo - Fundaci\u00f3 Barcelona Ol\u00edmpica\",\"isPartOf\":{\"@id\":\"https:\/\/www.fundaciobarcelonaolimpica.es\/ca\/#website\"},\"primaryImageOfPage\":{\"@id\":\"https:\/\/www.fundaciobarcelonaolimpica.es\/es\/maite-fandos-presidenta-de-la-fundacio-barcelona-olimpica-recibio-en-el-salo-de-cent-del-ayuntamiento-de-barcelona-a-los-directores-de-la-7a-reunion-internacional-de-museos-olimpicos-del-mundo\/#primaryimage\"},\"image\":{\"@id\":\"https:\/\/www.fundaciobarcelonaolimpica.es\/es\/maite-fandos-presidenta-de-la-fundacio-barcelona-olimpica-recibio-en-el-salo-de-cent-del-ayuntamiento-de-barcelona-a-los-directores-de-la-7a-reunion-internacional-de-museos-olimpicos-del-mundo\/#primaryimage\"},\"thumbnailUrl\":\"https:\/\/www.fundaciobarcelonaolimpica.es\/wp-content\/uploads\/sites\/3\/2019\/03\/OLIMPIC_Museum_Fandos-Gabet_04.jpg\",\"datePublished\":\"2012-09-26T22:00:00+00:00\",\"dateModified\":\"2019-07-16T14:51:06+00:00\",\"breadcrumb\":{\"@id\":\"https:\/\/www.fundaciobarcelonaolimpica.es\/es\/maite-fandos-presidenta-de-la-fundacio-barcelona-olimpica-recibio-en-el-salo-de-cent-del-ayuntamiento-de-barcelona-a-los-directores-de-la-7a-reunion-internacional-de-museos-olimpicos-del-mundo\/#breadcrumb\"},\"inLanguage\":\"es\",\"potentialAction\":[{\"@type\":\"ReadAction\",\"target\":[\"https:\/\/www.fundaciobarcelonaolimpica.es\/es\/maite-fandos-presidenta-de-la-fundacio-barcelona-olimpica-recibio-en-el-salo-de-cent-del-ayuntamiento-de-barcelona-a-los-directores-de-la-7a-reunion-internacional-de-museos-olimpicos-del-mundo\/\"]}]},{\"@type\":\"ImageObject\",\"inLanguage\":\"es\",\"@id\":\"https:\/\/www.fundaciobarcelonaolimpica.es\/es\/maite-fandos-presidenta-de-la-fundacio-barcelona-olimpica-recibio-en-el-salo-de-cent-del-ayuntamiento-de-barcelona-a-los-directores-de-la-7a-reunion-internacional-de-museos-olimpicos-del-mundo\/#primaryimage\",\"url\":\"https:\/\/www.fundaciobarcelonaolimpica.es\/wp-content\/uploads\/sites\/3\/2019\/03\/OLIMPIC_Museum_Fandos-Gabet_04.jpg\",\"contentUrl\":\"https:\/\/www.fundaciobarcelonaolimpica.es\/wp-content\/uploads\/sites\/3\/2019\/03\/OLIMPIC_Museum_Fandos-Gabet_04.jpg\",\"width\":563,\"height\":376},{\"@type\":\"BreadcrumbList\",\"@id\":\"https:\/\/www.fundaciobarcelonaolimpica.es\/es\/maite-fandos-presidenta-de-la-fundacio-barcelona-olimpica-recibio-en-el-salo-de-cent-del-ayuntamiento-de-barcelona-a-los-directores-de-la-7a-reunion-internacional-de-museos-olimpicos-del-mundo\/#breadcrumb\",\"itemListElement\":[{\"@type\":\"ListItem\",\"position\":1,\"name\":\"FBO\",\"item\":\"https:\/\/www.fundaciobarcelonaolimpica.es\/es\/\"},{\"@type\":\"ListItem\",\"position\":2,\"name\":\"Maite Fandos, presidenta de la Fundaci\u00f3 Barcelona Ol\u00edmpica, recibi\u00f3 en el Sal\u00f3 de Cent del Ayuntamiento de Barcelona, a los directores de la 7\u00aa reuni\u00f3n Internacional de Museos Ol\u00edmpicos del Mundo\"}]},{\"@type\":\"WebSite\",\"@id\":\"https:\/\/www.fundaciobarcelonaolimpica.es\/ca\/#website\",\"url\":\"https:\/\/www.fundaciobarcelonaolimpica.es\/ca\/\",\"name\":\"Fundaci\u00f3 Barcelona Ol\u00edmpica\",\"description\":\"Web del Museu Ol\u00edmpic i de l&#039;Esport\",\"publisher\":{\"@id\":\"https:\/\/www.fundaciobarcelonaolimpica.es\/ca\/#organization\"},\"potentialAction\":[{\"@type\":\"SearchAction\",\"target\":{\"@type\":\"EntryPoint\",\"urlTemplate\":\"https:\/\/www.fundaciobarcelonaolimpica.es\/ca\/?s={search_term_string}\"},\"query-input\":{\"@type\":\"PropertyValueSpecification\",\"valueRequired\":true,\"valueName\":\"search_term_string\"}}],\"inLanguage\":\"es\"},{\"@type\":\"Organization\",\"@id\":\"https:\/\/www.fundaciobarcelonaolimpica.es\/ca\/#organization\",\"name\":\"Fundaci\u00f3 Barcelona Ol\u00edmpica\",\"url\":\"https:\/\/www.fundaciobarcelonaolimpica.es\/ca\/\",\"logo\":{\"@type\":\"ImageObject\",\"inLanguage\":\"es\",\"@id\":\"https:\/\/www.fundaciobarcelonaolimpica.es\/ca\/#\/schema\/logo\/image\/\",\"url\":\"https:\/\/www.fundaciobarcelonaolimpica.es\/wp-content\/uploads\/sites\/3\/2019\/02\/logo-fundacio.svg\",\"contentUrl\":\"https:\/\/www.fundaciobarcelonaolimpica.es\/wp-content\/uploads\/sites\/3\/2019\/02\/logo-fundacio.svg\",\"caption\":\"Fundaci\u00f3 Barcelona Ol\u00edmpica\"},\"image\":{\"@id\":\"https:\/\/www.fundaciobarcelonaolimpica.es\/ca\/#\/schema\/logo\/image\/\"}},{\"@type\":\"Person\",\"@id\":\"https:\/\/www.fundaciobarcelonaolimpica.es\/ca\/#\/schema\/person\/d05705664e87aa04c6ce53d48133fb39\",\"name\":\"useradmin\",\"url\":\"https:\/\/www.fundaciobarcelonaolimpica.es\/es\/author\/useradmin\/\"}]}<\/script>\n<!-- \/ Yoast SEO plugin. -->","yoast_head_json":{"title":"Maite Fandos, presidenta de la Fundaci\u00f3 Barcelona Ol\u00edmpica, recibi\u00f3 en el Sal\u00f3 de Cent del Ayuntamiento de Barcelona, a los directores de la 7\u00aa reuni\u00f3n Internacional de Museos Ol\u00edmpicos del Mundo - Fundaci\u00f3 Barcelona Ol\u00edmpica","robots":{"index":"index","follow":"follow","max-snippet":"max-snippet:-1","max-image-preview":"max-image-preview:large","max-video-preview":"max-video-preview:-1"},"canonical":"https:\/\/www.fundaciobarcelonaolimpica.es\/es\/maite-fandos-presidenta-de-la-fundacio-barcelona-olimpica-recibio-en-el-salo-de-cent-del-ayuntamiento-de-barcelona-a-los-directores-de-la-7a-reunion-internacional-de-museos-olimpicos-del-mundo\/","og_locale":"es_ES","og_type":"article","og_title":"Maite Fandos, presidenta de la Fundaci\u00f3 Barcelona Ol\u00edmpica, recibi\u00f3 en el Sal\u00f3 de Cent del Ayuntamiento de Barcelona, a los directores de la 7\u00aa reuni\u00f3n Internacional de Museos Ol\u00edmpicos del Mundo - Fundaci\u00f3 Barcelona Ol\u00edmpica","og_description":"La reuni&oacute;n internacional de museos ol&iacute;mpicos es organizada anualmente por el Olympic Museum of Lausanne, con el fin de generar sinergias entre los museos ol&iacute;mpicos del mundo que forman parte de la red de museos ol&iacute;mpicos bajo la tutela del CIO. &nbsp; &nbsp;","og_url":"https:\/\/www.fundaciobarcelonaolimpica.es\/es\/maite-fandos-presidenta-de-la-fundacio-barcelona-olimpica-recibio-en-el-salo-de-cent-del-ayuntamiento-de-barcelona-a-los-directores-de-la-7a-reunion-internacional-de-museos-olimpicos-del-mundo\/","og_site_name":"Fundaci\u00f3 Barcelona Ol\u00edmpica","article_published_time":"2012-09-26T22:00:00+00:00","article_modified_time":"2019-07-16T14:51:06+00:00","og_image":[{"width":563,"height":376,"url":"https:\/\/www.fundaciobarcelonaolimpica.es\/wp-content\/uploads\/sites\/3\/2019\/03\/OLIMPIC_Museum_Fandos-Gabet_04.jpg","type":"image\/jpeg"}],"author":"useradmin","twitter_card":"summary_large_image","twitter_misc":{"Escrito por":"useradmin","Tiempo de lectura":"2 minutos"},"schema":{"@context":"https:\/\/schema.org","@graph":[{"@type":"Article","@id":"https:\/\/www.fundaciobarcelonaolimpica.es\/es\/maite-fandos-presidenta-de-la-fundacio-barcelona-olimpica-recibio-en-el-salo-de-cent-del-ayuntamiento-de-barcelona-a-los-directores-de-la-7a-reunion-internacional-de-museos-olimpicos-del-mundo\/#article","isPartOf":{"@id":"https:\/\/www.fundaciobarcelonaolimpica.es\/es\/maite-fandos-presidenta-de-la-fundacio-barcelona-olimpica-recibio-en-el-salo-de-cent-del-ayuntamiento-de-barcelona-a-los-directores-de-la-7a-reunion-internacional-de-museos-olimpicos-del-mundo\/"},"author":{"name":"useradmin","@id":"https:\/\/www.fundaciobarcelonaolimpica.es\/ca\/#\/schema\/person\/d05705664e87aa04c6ce53d48133fb39"},"headline":"Maite Fandos, presidenta de la Fundaci\u00f3 Barcelona Ol\u00edmpica, recibi\u00f3 en el Sal\u00f3 de Cent del Ayuntamiento de Barcelona, a los directores de la 7\u00aa reuni\u00f3n Internacional de Museos Ol\u00edmpicos del Mundo","datePublished":"2012-09-26T22:00:00+00:00","dateModified":"2019-07-16T14:51:06+00:00","mainEntityOfPage":{"@id":"https:\/\/www.fundaciobarcelonaolimpica.es\/es\/maite-fandos-presidenta-de-la-fundacio-barcelona-olimpica-recibio-en-el-salo-de-cent-del-ayuntamiento-de-barcelona-a-los-directores-de-la-7a-reunion-internacional-de-museos-olimpicos-del-mundo\/"},"wordCount":459,"commentCount":2,"publisher":{"@id":"https:\/\/www.fundaciobarcelonaolimpica.es\/ca\/#organization"},"image":{"@id":"https:\/\/www.fundaciobarcelonaolimpica.es\/es\/maite-fandos-presidenta-de-la-fundacio-barcelona-olimpica-recibio-en-el-salo-de-cent-del-ayuntamiento-de-barcelona-a-los-directores-de-la-7a-reunion-internacional-de-museos-olimpicos-del-mundo\/#primaryimage"},"thumbnailUrl":"https:\/\/www.fundaciobarcelonaolimpica.es\/wp-content\/uploads\/sites\/3\/2019\/03\/OLIMPIC_Museum_Fandos-Gabet_04.jpg","articleSection":["Sin categorizar"],"inLanguage":"es","potentialAction":[{"@type":"CommentAction","name":"Comment","target":["https:\/\/www.fundaciobarcelonaolimpica.es\/es\/maite-fandos-presidenta-de-la-fundacio-barcelona-olimpica-recibio-en-el-salo-de-cent-del-ayuntamiento-de-barcelona-a-los-directores-de-la-7a-reunion-internacional-de-museos-olimpicos-del-mundo\/#respond"]}]},{"@type":"WebPage","@id":"https:\/\/www.fundaciobarcelonaolimpica.es\/es\/maite-fandos-presidenta-de-la-fundacio-barcelona-olimpica-recibio-en-el-salo-de-cent-del-ayuntamiento-de-barcelona-a-los-directores-de-la-7a-reunion-internacional-de-museos-olimpicos-del-mundo\/","url":"https:\/\/www.fundaciobarcelonaolimpica.es\/es\/maite-fandos-presidenta-de-la-fundacio-barcelona-olimpica-recibio-en-el-salo-de-cent-del-ayuntamiento-de-barcelona-a-los-directores-de-la-7a-reunion-internacional-de-museos-olimpicos-del-mundo\/","name":"Maite Fandos, presidenta de la Fundaci\u00f3 Barcelona Ol\u00edmpica, recibi\u00f3 en el Sal\u00f3 de Cent del Ayuntamiento de Barcelona, a los directores de la 7\u00aa reuni\u00f3n Internacional de Museos Ol\u00edmpicos del Mundo - Fundaci\u00f3 Barcelona Ol\u00edmpica","isPartOf":{"@id":"https:\/\/www.fundaciobarcelonaolimpica.es\/ca\/#website"},"primaryImageOfPage":{"@id":"https:\/\/www.fundaciobarcelonaolimpica.es\/es\/maite-fandos-presidenta-de-la-fundacio-barcelona-olimpica-recibio-en-el-salo-de-cent-del-ayuntamiento-de-barcelona-a-los-directores-de-la-7a-reunion-internacional-de-museos-olimpicos-del-mundo\/#primaryimage"},"image":{"@id":"https:\/\/www.fundaciobarcelonaolimpica.es\/es\/maite-fandos-presidenta-de-la-fundacio-barcelona-olimpica-recibio-en-el-salo-de-cent-del-ayuntamiento-de-barcelona-a-los-directores-de-la-7a-reunion-internacional-de-museos-olimpicos-del-mundo\/#primaryimage"},"thumbnailUrl":"https:\/\/www.fundaciobarcelonaolimpica.es\/wp-content\/uploads\/sites\/3\/2019\/03\/OLIMPIC_Museum_Fandos-Gabet_04.jpg","datePublished":"2012-09-26T22:00:00+00:00","dateModified":"2019-07-16T14:51:06+00:00","breadcrumb":{"@id":"https:\/\/www.fundaciobarcelonaolimpica.es\/es\/maite-fandos-presidenta-de-la-fundacio-barcelona-olimpica-recibio-en-el-salo-de-cent-del-ayuntamiento-de-barcelona-a-los-directores-de-la-7a-reunion-internacional-de-museos-olimpicos-del-mundo\/#breadcrumb"},"inLanguage":"es","potentialAction":[{"@type":"ReadAction","target":["https:\/\/www.fundaciobarcelonaolimpica.es\/es\/maite-fandos-presidenta-de-la-fundacio-barcelona-olimpica-recibio-en-el-salo-de-cent-del-ayuntamiento-de-barcelona-a-los-directores-de-la-7a-reunion-internacional-de-museos-olimpicos-del-mundo\/"]}]},{"@type":"ImageObject","inLanguage":"es","@id":"https:\/\/www.fundaciobarcelonaolimpica.es\/es\/maite-fandos-presidenta-de-la-fundacio-barcelona-olimpica-recibio-en-el-salo-de-cent-del-ayuntamiento-de-barcelona-a-los-directores-de-la-7a-reunion-internacional-de-museos-olimpicos-del-mundo\/#primaryimage","url":"https:\/\/www.fundaciobarcelonaolimpica.es\/wp-content\/uploads\/sites\/3\/2019\/03\/OLIMPIC_Museum_Fandos-Gabet_04.jpg","contentUrl":"https:\/\/www.fundaciobarcelonaolimpica.es\/wp-content\/uploads\/sites\/3\/2019\/03\/OLIMPIC_Museum_Fandos-Gabet_04.jpg","width":563,"height":376},{"@type":"BreadcrumbList","@id":"https:\/\/www.fundaciobarcelonaolimpica.es\/es\/maite-fandos-presidenta-de-la-fundacio-barcelona-olimpica-recibio-en-el-salo-de-cent-del-ayuntamiento-de-barcelona-a-los-directores-de-la-7a-reunion-internacional-de-museos-olimpicos-del-mundo\/#breadcrumb","itemListElement":[{"@type":"ListItem","position":1,"name":"FBO","item":"https:\/\/www.fundaciobarcelonaolimpica.es\/es\/"},{"@type":"ListItem","position":2,"name":"Maite Fandos, presidenta de la Fundaci\u00f3 Barcelona Ol\u00edmpica, recibi\u00f3 en el Sal\u00f3 de Cent del Ayuntamiento de Barcelona, a los directores de la 7\u00aa reuni\u00f3n Internacional de Museos Ol\u00edmpicos del Mundo"}]},{"@type":"WebSite","@id":"https:\/\/www.fundaciobarcelonaolimpica.es\/ca\/#website","url":"https:\/\/www.fundaciobarcelonaolimpica.es\/ca\/","name":"Fundaci\u00f3 Barcelona Ol\u00edmpica","description":"Web del Museu Ol\u00edmpic i de l&#039;Esport","publisher":{"@id":"https:\/\/www.fundaciobarcelonaolimpica.es\/ca\/#organization"},"potentialAction":[{"@type":"SearchAction","target":{"@type":"EntryPoint","urlTemplate":"https:\/\/www.fundaciobarcelonaolimpica.es\/ca\/?s={search_term_string}"},"query-input":{"@type":"PropertyValueSpecification","valueRequired":true,"valueName":"search_term_string"}}],"inLanguage":"es"},{"@type":"Organization","@id":"https:\/\/www.fundaciobarcelonaolimpica.es\/ca\/#organization","name":"Fundaci\u00f3 Barcelona Ol\u00edmpica","url":"https:\/\/www.fundaciobarcelonaolimpica.es\/ca\/","logo":{"@type":"ImageObject","inLanguage":"es","@id":"https:\/\/www.fundaciobarcelonaolimpica.es\/ca\/#\/schema\/logo\/image\/","url":"https:\/\/www.fundaciobarcelonaolimpica.es\/wp-content\/uploads\/sites\/3\/2019\/02\/logo-fundacio.svg","contentUrl":"https:\/\/www.fundaciobarcelonaolimpica.es\/wp-content\/uploads\/sites\/3\/2019\/02\/logo-fundacio.svg","caption":"Fundaci\u00f3 Barcelona Ol\u00edmpica"},"image":{"@id":"https:\/\/www.fundaciobarcelonaolimpica.es\/ca\/#\/schema\/logo\/image\/"}},{"@type":"Person","@id":"https:\/\/www.fundaciobarcelonaolimpica.es\/ca\/#\/schema\/person\/d05705664e87aa04c6ce53d48133fb39","name":"useradmin","url":"https:\/\/www.fundaciobarcelonaolimpica.es\/es\/author\/useradmin\/"}]}},"_links":{"self":[{"href":"https:\/\/www.fundaciobarcelonaolimpica.es\/es\/wp-json\/wp\/v2\/posts\/5545"}],"collection":[{"href":"https:\/\/www.fundaciobarcelonaolimpica.es\/es\/wp-json\/wp\/v2\/posts"}],"about":[{"href":"https:\/\/www.fundaciobarcelonaolimpica.es\/es\/wp-json\/wp\/v2\/types\/post"}],"author":[{"embeddable":true,"href":"https:\/\/www.fundaciobarcelonaolimpica.es\/es\/wp-json\/wp\/v2\/users\/1"}],"replies":[{"embeddable":true,"href":"https:\/\/www.fundaciobarcelonaolimpica.es\/es\/wp-json\/wp\/v2\/comments?post=5545"}],"version-history":[{"count":1,"href":"https:\/\/www.fundaciobarcelonaolimpica.es\/es\/wp-json\/wp\/v2\/posts\/5545\/revisions"}],"predecessor-version":[{"id":19469,"href":"https:\/\/www.fundaciobarcelonaolimpica.es\/es\/wp-json\/wp\/v2\/posts\/5545\/revisions\/19469"}],"wp:featuredmedia":[{"embeddable":true,"href":"https:\/\/www.fundaciobarcelonaolimpica.es\/es\/wp-json\/wp\/v2\/media\/5547"}],"wp:attachment":[{"href":"https:\/\/www.fundaciobarcelonaolimpica.es\/es\/wp-json\/wp\/v2\/media?parent=5545"}],"wp:term":[{"taxonomy":"category","embeddable":true,"href":"https:\/\/www.fundaciobarcelonaolimpica.es\/es\/wp-json\/wp\/v2\/categories?post=5545"},{"taxonomy":"post_tag","embeddable":true,"href":"https:\/\/www.fundaciobarcelonaolimpica.es\/es\/wp-json\/wp\/v2\/tags?post=5545"}],"curies":[{"name":"wp","href":"https:\/\/api.w.org\/{rel}","templated":true}]}}