{"id":5609,"date":"2012-10-04T00:00:00","date_gmt":"2012-10-03T22:00:00","guid":{"rendered":"http:\/\/dev.fundaciobarcelonaolimpica.es\/rosa-valbuena-de-bilbao-recoge-el-galardon-de-la-iii-edicion-del-premio-internacional-de-acuarela-y-tecnicas-sobre-papel\/"},"modified":"2012-10-04T00:00:00","modified_gmt":"2012-10-03T22:00:00","slug":"rosa-valbuena-de-bilbao-recoge-el-galardon-de-la-iii-edicion-del-premio-internacional-de-acuarela-y-tecnicas-sobre-papel","status":"publish","type":"post","link":"https:\/\/www.fundaciobarcelonaolimpica.es\/es\/rosa-valbuena-de-bilbao-recoge-el-galardon-de-la-iii-edicion-del-premio-internacional-de-acuarela-y-tecnicas-sobre-papel\/","title":{"rendered":"Rosa Valbuena, de Bilbao, recoge el galard\u00f3n de la III edici\u00f3n del premio Internacional de Acuarela y t\u00e9cnicas sobre papel."},"content":{"rendered":"<p>La ganadora del III Premio Internacional de Acuarela y t&eacute;cnicas sobre papel. Tem&aacute;tica deportiva ha sido Rosa Valbuena, de Bilbao, que recibir&aacute; el diploma del certamen y un premio en met&aacute;lico de 2500&euro;.&#8232;El segundo premio -1800 &euro; &#8211; ha sido para Daniel Fuster, de Barcelona, con la acuarela &ldquo;Llestos&#8230;&rdquo;, y el podio de honor lo ha completado el costarrique&ntilde;o Guillermo Fournier, con el cuadro &lsquo;El reto es conmigo&rsquo;, que obtendr&aacute; la cantidad de 1200 &euro;.&#8232;&#8232;El jurado, formado por &#8211; el Sr. Rom&agrave; Arranz, profesor de la Escuela Massana de Barcelona; el Sr. Vicen&ccedil; Ballestar, miembro de la Agrupaci&oacute; de Aquarel&middot;listes de Catalunya, la Sra. Raquel Medina, comisaria de exposiciones y cr&iacute;tica de arte; y el Sr. Juli Pernas, director del Museu Ol&iacute;mpic i de l&#8217;Esport Joan Antoni Samaranchy la Fundaci&oacute;n Barcelona Ol&iacute;mpica -, escogi&oacute; estas tres obras de las 22 que llegaron a la fase final del concurso, elogiando el alto nivel de esta tercera edici&oacute;n, que consolida el premio en su sector.&#8232;&#8232;&#8232;Las obras ganadoras, junto con las finalistas, estar&aacute;n expuestas en la sala de muestras temporales hasta el 30\/11\/12 del Museu Ol&iacute;mpic i de l&#8217;Esport Joan Antoni Samaranch (av. De l&#8217;Estadi, 60).<\/p>\n","protected":false},"excerpt":{"rendered":"<p>Josep Lluis Vilaseca, exsecretario general del deporte y Raquel Medina, comisaria de exposiciones y miembro del jurado fueron los encargados de entregar los diplomas acreditativos a los ganadores.<\/p>\n","protected":false},"author":1,"featured_media":5611,"comment_status":"open","ping_status":"open","sticky":false,"template":"","format":"standard","meta":{"_acf_changed":false,"footnotes":""},"categories":[1,37],"tags":[],"class_list":["post-5609","post","type-post","status-publish","format-standard","has-post-thumbnail","hentry","category-sin-categorizar","category-uncategorized-ca"],"acf":[],"yoast_head":"<!-- This site is optimized with the Yoast SEO plugin v23.7 - https:\/\/yoast.com\/wordpress\/plugins\/seo\/ -->\n<title>Rosa Valbuena, de Bilbao, recoge el galard\u00f3n de la III edici\u00f3n del premio Internacional de Acuarela y t\u00e9cnicas sobre papel. - Fundaci\u00f3 Barcelona Ol\u00edmpica<\/title>\n<meta name=\"robots\" content=\"index, follow, max-snippet:-1, max-image-preview:large, max-video-preview:-1\" \/>\n<link rel=\"canonical\" href=\"https:\/\/www.fundaciobarcelonaolimpica.es\/es\/rosa-valbuena-de-bilbao-recoge-el-galardon-de-la-iii-edicion-del-premio-internacional-de-acuarela-y-tecnicas-sobre-papel\/\" \/>\n<meta property=\"og:locale\" content=\"es_ES\" \/>\n<meta property=\"og:type\" content=\"article\" \/>\n<meta property=\"og:title\" content=\"Rosa Valbuena, de Bilbao, recoge el galard\u00f3n de la III edici\u00f3n del premio Internacional de Acuarela y t\u00e9cnicas sobre papel. - Fundaci\u00f3 Barcelona Ol\u00edmpica\" \/>\n<meta property=\"og:description\" content=\"Josep Lluis Vilaseca, exsecretario general del deporte y Raquel Medina, comisaria de exposiciones y miembro del jurado fueron los encargados de entregar los diplomas acreditativos a los ganadores.\" \/>\n<meta property=\"og:url\" content=\"https:\/\/www.fundaciobarcelonaolimpica.es\/es\/rosa-valbuena-de-bilbao-recoge-el-galardon-de-la-iii-edicion-del-premio-internacional-de-acuarela-y-tecnicas-sobre-papel\/\" \/>\n<meta property=\"og:site_name\" content=\"Fundaci\u00f3 Barcelona Ol\u00edmpica\" \/>\n<meta property=\"article:published_time\" content=\"2012-10-03T22:00:00+00:00\" \/>\n<meta property=\"og:image\" content=\"https:\/\/www.fundaciobarcelonaolimpica.es\/wp-content\/uploads\/sites\/3\/2019\/03\/Acuarela_guanyadors.JPG\" \/>\n\t<meta property=\"og:image:width\" content=\"400\" \/>\n\t<meta property=\"og:image:height\" content=\"267\" \/>\n\t<meta property=\"og:image:type\" content=\"image\/jpeg\" \/>\n<meta name=\"author\" content=\"useradmin\" \/>\n<meta name=\"twitter:card\" content=\"summary_large_image\" \/>\n<meta name=\"twitter:label1\" content=\"Escrito por\" \/>\n\t<meta name=\"twitter:data1\" content=\"useradmin\" \/>\n\t<meta name=\"twitter:label2\" content=\"Tiempo de lectura\" \/>\n\t<meta name=\"twitter:data2\" content=\"1 minuto\" \/>\n<script type=\"application\/ld+json\" class=\"yoast-schema-graph\">{\"@context\":\"https:\/\/schema.org\",\"@graph\":[{\"@type\":\"Article\",\"@id\":\"https:\/\/www.fundaciobarcelonaolimpica.es\/es\/rosa-valbuena-de-bilbao-recoge-el-galardon-de-la-iii-edicion-del-premio-internacional-de-acuarela-y-tecnicas-sobre-papel\/#article\",\"isPartOf\":{\"@id\":\"https:\/\/www.fundaciobarcelonaolimpica.es\/es\/rosa-valbuena-de-bilbao-recoge-el-galardon-de-la-iii-edicion-del-premio-internacional-de-acuarela-y-tecnicas-sobre-papel\/\"},\"author\":{\"name\":\"useradmin\",\"@id\":\"https:\/\/www.fundaciobarcelonaolimpica.es\/ca\/#\/schema\/person\/d05705664e87aa04c6ce53d48133fb39\"},\"headline\":\"Rosa Valbuena, de Bilbao, recoge el galard\u00f3n de la III edici\u00f3n del premio Internacional de Acuarela y t\u00e9cnicas sobre papel.\",\"datePublished\":\"2012-10-03T22:00:00+00:00\",\"dateModified\":\"2012-10-03T22:00:00+00:00\",\"mainEntityOfPage\":{\"@id\":\"https:\/\/www.fundaciobarcelonaolimpica.es\/es\/rosa-valbuena-de-bilbao-recoge-el-galardon-de-la-iii-edicion-del-premio-internacional-de-acuarela-y-tecnicas-sobre-papel\/\"},\"wordCount\":249,\"commentCount\":9,\"publisher\":{\"@id\":\"https:\/\/www.fundaciobarcelonaolimpica.es\/ca\/#organization\"},\"image\":{\"@id\":\"https:\/\/www.fundaciobarcelonaolimpica.es\/es\/rosa-valbuena-de-bilbao-recoge-el-galardon-de-la-iii-edicion-del-premio-internacional-de-acuarela-y-tecnicas-sobre-papel\/#primaryimage\"},\"thumbnailUrl\":\"https:\/\/www.fundaciobarcelonaolimpica.es\/wp-content\/uploads\/sites\/3\/2019\/03\/Acuarela_guanyadors.JPG\",\"articleSection\":[\"Sin categorizar\",\"Uncategorized\"],\"inLanguage\":\"es\",\"potentialAction\":[{\"@type\":\"CommentAction\",\"name\":\"Comment\",\"target\":[\"https:\/\/www.fundaciobarcelonaolimpica.es\/es\/rosa-valbuena-de-bilbao-recoge-el-galardon-de-la-iii-edicion-del-premio-internacional-de-acuarela-y-tecnicas-sobre-papel\/#respond\"]}]},{\"@type\":\"WebPage\",\"@id\":\"https:\/\/www.fundaciobarcelonaolimpica.es\/es\/rosa-valbuena-de-bilbao-recoge-el-galardon-de-la-iii-edicion-del-premio-internacional-de-acuarela-y-tecnicas-sobre-papel\/\",\"url\":\"https:\/\/www.fundaciobarcelonaolimpica.es\/es\/rosa-valbuena-de-bilbao-recoge-el-galardon-de-la-iii-edicion-del-premio-internacional-de-acuarela-y-tecnicas-sobre-papel\/\",\"name\":\"Rosa Valbuena, de Bilbao, recoge el galard\u00f3n de la III edici\u00f3n del premio Internacional de Acuarela y t\u00e9cnicas sobre papel. - Fundaci\u00f3 Barcelona Ol\u00edmpica\",\"isPartOf\":{\"@id\":\"https:\/\/www.fundaciobarcelonaolimpica.es\/ca\/#website\"},\"primaryImageOfPage\":{\"@id\":\"https:\/\/www.fundaciobarcelonaolimpica.es\/es\/rosa-valbuena-de-bilbao-recoge-el-galardon-de-la-iii-edicion-del-premio-internacional-de-acuarela-y-tecnicas-sobre-papel\/#primaryimage\"},\"image\":{\"@id\":\"https:\/\/www.fundaciobarcelonaolimpica.es\/es\/rosa-valbuena-de-bilbao-recoge-el-galardon-de-la-iii-edicion-del-premio-internacional-de-acuarela-y-tecnicas-sobre-papel\/#primaryimage\"},\"thumbnailUrl\":\"https:\/\/www.fundaciobarcelonaolimpica.es\/wp-content\/uploads\/sites\/3\/2019\/03\/Acuarela_guanyadors.JPG\",\"datePublished\":\"2012-10-03T22:00:00+00:00\",\"dateModified\":\"2012-10-03T22:00:00+00:00\",\"breadcrumb\":{\"@id\":\"https:\/\/www.fundaciobarcelonaolimpica.es\/es\/rosa-valbuena-de-bilbao-recoge-el-galardon-de-la-iii-edicion-del-premio-internacional-de-acuarela-y-tecnicas-sobre-papel\/#breadcrumb\"},\"inLanguage\":\"es\",\"potentialAction\":[{\"@type\":\"ReadAction\",\"target\":[\"https:\/\/www.fundaciobarcelonaolimpica.es\/es\/rosa-valbuena-de-bilbao-recoge-el-galardon-de-la-iii-edicion-del-premio-internacional-de-acuarela-y-tecnicas-sobre-papel\/\"]}]},{\"@type\":\"ImageObject\",\"inLanguage\":\"es\",\"@id\":\"https:\/\/www.fundaciobarcelonaolimpica.es\/es\/rosa-valbuena-de-bilbao-recoge-el-galardon-de-la-iii-edicion-del-premio-internacional-de-acuarela-y-tecnicas-sobre-papel\/#primaryimage\",\"url\":\"https:\/\/www.fundaciobarcelonaolimpica.es\/wp-content\/uploads\/sites\/3\/2019\/03\/Acuarela_guanyadors.JPG\",\"contentUrl\":\"https:\/\/www.fundaciobarcelonaolimpica.es\/wp-content\/uploads\/sites\/3\/2019\/03\/Acuarela_guanyadors.JPG\",\"width\":400,\"height\":267},{\"@type\":\"BreadcrumbList\",\"@id\":\"https:\/\/www.fundaciobarcelonaolimpica.es\/es\/rosa-valbuena-de-bilbao-recoge-el-galardon-de-la-iii-edicion-del-premio-internacional-de-acuarela-y-tecnicas-sobre-papel\/#breadcrumb\",\"itemListElement\":[{\"@type\":\"ListItem\",\"position\":1,\"name\":\"FBO\",\"item\":\"https:\/\/www.fundaciobarcelonaolimpica.es\/es\/\"},{\"@type\":\"ListItem\",\"position\":2,\"name\":\"Rosa Valbuena, de Bilbao, recoge el galard\u00f3n de la III edici\u00f3n del premio Internacional de Acuarela y t\u00e9cnicas sobre papel.\"}]},{\"@type\":\"WebSite\",\"@id\":\"https:\/\/www.fundaciobarcelonaolimpica.es\/ca\/#website\",\"url\":\"https:\/\/www.fundaciobarcelonaolimpica.es\/ca\/\",\"name\":\"Fundaci\u00f3 Barcelona Ol\u00edmpica\",\"description\":\"Web del Museu Ol\u00edmpic i de l&#039;Esport\",\"publisher\":{\"@id\":\"https:\/\/www.fundaciobarcelonaolimpica.es\/ca\/#organization\"},\"potentialAction\":[{\"@type\":\"SearchAction\",\"target\":{\"@type\":\"EntryPoint\",\"urlTemplate\":\"https:\/\/www.fundaciobarcelonaolimpica.es\/ca\/?s={search_term_string}\"},\"query-input\":{\"@type\":\"PropertyValueSpecification\",\"valueRequired\":true,\"valueName\":\"search_term_string\"}}],\"inLanguage\":\"es\"},{\"@type\":\"Organization\",\"@id\":\"https:\/\/www.fundaciobarcelonaolimpica.es\/ca\/#organization\",\"name\":\"Fundaci\u00f3 Barcelona Ol\u00edmpica\",\"url\":\"https:\/\/www.fundaciobarcelonaolimpica.es\/ca\/\",\"logo\":{\"@type\":\"ImageObject\",\"inLanguage\":\"es\",\"@id\":\"https:\/\/www.fundaciobarcelonaolimpica.es\/ca\/#\/schema\/logo\/image\/\",\"url\":\"https:\/\/www.fundaciobarcelonaolimpica.es\/wp-content\/uploads\/sites\/3\/2019\/02\/logo-fundacio.svg\",\"contentUrl\":\"https:\/\/www.fundaciobarcelonaolimpica.es\/wp-content\/uploads\/sites\/3\/2019\/02\/logo-fundacio.svg\",\"caption\":\"Fundaci\u00f3 Barcelona Ol\u00edmpica\"},\"image\":{\"@id\":\"https:\/\/www.fundaciobarcelonaolimpica.es\/ca\/#\/schema\/logo\/image\/\"}},{\"@type\":\"Person\",\"@id\":\"https:\/\/www.fundaciobarcelonaolimpica.es\/ca\/#\/schema\/person\/d05705664e87aa04c6ce53d48133fb39\",\"name\":\"useradmin\",\"url\":\"https:\/\/www.fundaciobarcelonaolimpica.es\/es\/author\/useradmin\/\"}]}<\/script>\n<!-- \/ Yoast SEO plugin. -->","yoast_head_json":{"title":"Rosa Valbuena, de Bilbao, recoge el galard\u00f3n de la III edici\u00f3n del premio Internacional de Acuarela y t\u00e9cnicas sobre papel. - Fundaci\u00f3 Barcelona Ol\u00edmpica","robots":{"index":"index","follow":"follow","max-snippet":"max-snippet:-1","max-image-preview":"max-image-preview:large","max-video-preview":"max-video-preview:-1"},"canonical":"https:\/\/www.fundaciobarcelonaolimpica.es\/es\/rosa-valbuena-de-bilbao-recoge-el-galardon-de-la-iii-edicion-del-premio-internacional-de-acuarela-y-tecnicas-sobre-papel\/","og_locale":"es_ES","og_type":"article","og_title":"Rosa Valbuena, de Bilbao, recoge el galard\u00f3n de la III edici\u00f3n del premio Internacional de Acuarela y t\u00e9cnicas sobre papel. - Fundaci\u00f3 Barcelona Ol\u00edmpica","og_description":"Josep Lluis Vilaseca, exsecretario general del deporte y Raquel Medina, comisaria de exposiciones y miembro del jurado fueron los encargados de entregar los diplomas acreditativos a los ganadores.","og_url":"https:\/\/www.fundaciobarcelonaolimpica.es\/es\/rosa-valbuena-de-bilbao-recoge-el-galardon-de-la-iii-edicion-del-premio-internacional-de-acuarela-y-tecnicas-sobre-papel\/","og_site_name":"Fundaci\u00f3 Barcelona Ol\u00edmpica","article_published_time":"2012-10-03T22:00:00+00:00","og_image":[{"width":400,"height":267,"url":"https:\/\/www.fundaciobarcelonaolimpica.es\/wp-content\/uploads\/sites\/3\/2019\/03\/Acuarela_guanyadors.JPG","type":"image\/jpeg"}],"author":"useradmin","twitter_card":"summary_large_image","twitter_misc":{"Escrito por":"useradmin","Tiempo de lectura":"1 minuto"},"schema":{"@context":"https:\/\/schema.org","@graph":[{"@type":"Article","@id":"https:\/\/www.fundaciobarcelonaolimpica.es\/es\/rosa-valbuena-de-bilbao-recoge-el-galardon-de-la-iii-edicion-del-premio-internacional-de-acuarela-y-tecnicas-sobre-papel\/#article","isPartOf":{"@id":"https:\/\/www.fundaciobarcelonaolimpica.es\/es\/rosa-valbuena-de-bilbao-recoge-el-galardon-de-la-iii-edicion-del-premio-internacional-de-acuarela-y-tecnicas-sobre-papel\/"},"author":{"name":"useradmin","@id":"https:\/\/www.fundaciobarcelonaolimpica.es\/ca\/#\/schema\/person\/d05705664e87aa04c6ce53d48133fb39"},"headline":"Rosa Valbuena, de Bilbao, recoge el galard\u00f3n de la III edici\u00f3n del premio Internacional de Acuarela y t\u00e9cnicas sobre papel.","datePublished":"2012-10-03T22:00:00+00:00","dateModified":"2012-10-03T22:00:00+00:00","mainEntityOfPage":{"@id":"https:\/\/www.fundaciobarcelonaolimpica.es\/es\/rosa-valbuena-de-bilbao-recoge-el-galardon-de-la-iii-edicion-del-premio-internacional-de-acuarela-y-tecnicas-sobre-papel\/"},"wordCount":249,"commentCount":9,"publisher":{"@id":"https:\/\/www.fundaciobarcelonaolimpica.es\/ca\/#organization"},"image":{"@id":"https:\/\/www.fundaciobarcelonaolimpica.es\/es\/rosa-valbuena-de-bilbao-recoge-el-galardon-de-la-iii-edicion-del-premio-internacional-de-acuarela-y-tecnicas-sobre-papel\/#primaryimage"},"thumbnailUrl":"https:\/\/www.fundaciobarcelonaolimpica.es\/wp-content\/uploads\/sites\/3\/2019\/03\/Acuarela_guanyadors.JPG","articleSection":["Sin categorizar","Uncategorized"],"inLanguage":"es","potentialAction":[{"@type":"CommentAction","name":"Comment","target":["https:\/\/www.fundaciobarcelonaolimpica.es\/es\/rosa-valbuena-de-bilbao-recoge-el-galardon-de-la-iii-edicion-del-premio-internacional-de-acuarela-y-tecnicas-sobre-papel\/#respond"]}]},{"@type":"WebPage","@id":"https:\/\/www.fundaciobarcelonaolimpica.es\/es\/rosa-valbuena-de-bilbao-recoge-el-galardon-de-la-iii-edicion-del-premio-internacional-de-acuarela-y-tecnicas-sobre-papel\/","url":"https:\/\/www.fundaciobarcelonaolimpica.es\/es\/rosa-valbuena-de-bilbao-recoge-el-galardon-de-la-iii-edicion-del-premio-internacional-de-acuarela-y-tecnicas-sobre-papel\/","name":"Rosa Valbuena, de Bilbao, recoge el galard\u00f3n de la III edici\u00f3n del premio Internacional de Acuarela y t\u00e9cnicas sobre papel. - Fundaci\u00f3 Barcelona Ol\u00edmpica","isPartOf":{"@id":"https:\/\/www.fundaciobarcelonaolimpica.es\/ca\/#website"},"primaryImageOfPage":{"@id":"https:\/\/www.fundaciobarcelonaolimpica.es\/es\/rosa-valbuena-de-bilbao-recoge-el-galardon-de-la-iii-edicion-del-premio-internacional-de-acuarela-y-tecnicas-sobre-papel\/#primaryimage"},"image":{"@id":"https:\/\/www.fundaciobarcelonaolimpica.es\/es\/rosa-valbuena-de-bilbao-recoge-el-galardon-de-la-iii-edicion-del-premio-internacional-de-acuarela-y-tecnicas-sobre-papel\/#primaryimage"},"thumbnailUrl":"https:\/\/www.fundaciobarcelonaolimpica.es\/wp-content\/uploads\/sites\/3\/2019\/03\/Acuarela_guanyadors.JPG","datePublished":"2012-10-03T22:00:00+00:00","dateModified":"2012-10-03T22:00:00+00:00","breadcrumb":{"@id":"https:\/\/www.fundaciobarcelonaolimpica.es\/es\/rosa-valbuena-de-bilbao-recoge-el-galardon-de-la-iii-edicion-del-premio-internacional-de-acuarela-y-tecnicas-sobre-papel\/#breadcrumb"},"inLanguage":"es","potentialAction":[{"@type":"ReadAction","target":["https:\/\/www.fundaciobarcelonaolimpica.es\/es\/rosa-valbuena-de-bilbao-recoge-el-galardon-de-la-iii-edicion-del-premio-internacional-de-acuarela-y-tecnicas-sobre-papel\/"]}]},{"@type":"ImageObject","inLanguage":"es","@id":"https:\/\/www.fundaciobarcelonaolimpica.es\/es\/rosa-valbuena-de-bilbao-recoge-el-galardon-de-la-iii-edicion-del-premio-internacional-de-acuarela-y-tecnicas-sobre-papel\/#primaryimage","url":"https:\/\/www.fundaciobarcelonaolimpica.es\/wp-content\/uploads\/sites\/3\/2019\/03\/Acuarela_guanyadors.JPG","contentUrl":"https:\/\/www.fundaciobarcelonaolimpica.es\/wp-content\/uploads\/sites\/3\/2019\/03\/Acuarela_guanyadors.JPG","width":400,"height":267},{"@type":"BreadcrumbList","@id":"https:\/\/www.fundaciobarcelonaolimpica.es\/es\/rosa-valbuena-de-bilbao-recoge-el-galardon-de-la-iii-edicion-del-premio-internacional-de-acuarela-y-tecnicas-sobre-papel\/#breadcrumb","itemListElement":[{"@type":"ListItem","position":1,"name":"FBO","item":"https:\/\/www.fundaciobarcelonaolimpica.es\/es\/"},{"@type":"ListItem","position":2,"name":"Rosa Valbuena, de Bilbao, recoge el galard\u00f3n de la III edici\u00f3n del premio Internacional de Acuarela y t\u00e9cnicas sobre papel."}]},{"@type":"WebSite","@id":"https:\/\/www.fundaciobarcelonaolimpica.es\/ca\/#website","url":"https:\/\/www.fundaciobarcelonaolimpica.es\/ca\/","name":"Fundaci\u00f3 Barcelona Ol\u00edmpica","description":"Web del Museu Ol\u00edmpic i de l&#039;Esport","publisher":{"@id":"https:\/\/www.fundaciobarcelonaolimpica.es\/ca\/#organization"},"potentialAction":[{"@type":"SearchAction","target":{"@type":"EntryPoint","urlTemplate":"https:\/\/www.fundaciobarcelonaolimpica.es\/ca\/?s={search_term_string}"},"query-input":{"@type":"PropertyValueSpecification","valueRequired":true,"valueName":"search_term_string"}}],"inLanguage":"es"},{"@type":"Organization","@id":"https:\/\/www.fundaciobarcelonaolimpica.es\/ca\/#organization","name":"Fundaci\u00f3 Barcelona Ol\u00edmpica","url":"https:\/\/www.fundaciobarcelonaolimpica.es\/ca\/","logo":{"@type":"ImageObject","inLanguage":"es","@id":"https:\/\/www.fundaciobarcelonaolimpica.es\/ca\/#\/schema\/logo\/image\/","url":"https:\/\/www.fundaciobarcelonaolimpica.es\/wp-content\/uploads\/sites\/3\/2019\/02\/logo-fundacio.svg","contentUrl":"https:\/\/www.fundaciobarcelonaolimpica.es\/wp-content\/uploads\/sites\/3\/2019\/02\/logo-fundacio.svg","caption":"Fundaci\u00f3 Barcelona Ol\u00edmpica"},"image":{"@id":"https:\/\/www.fundaciobarcelonaolimpica.es\/ca\/#\/schema\/logo\/image\/"}},{"@type":"Person","@id":"https:\/\/www.fundaciobarcelonaolimpica.es\/ca\/#\/schema\/person\/d05705664e87aa04c6ce53d48133fb39","name":"useradmin","url":"https:\/\/www.fundaciobarcelonaolimpica.es\/es\/author\/useradmin\/"}]}},"_links":{"self":[{"href":"https:\/\/www.fundaciobarcelonaolimpica.es\/es\/wp-json\/wp\/v2\/posts\/5609"}],"collection":[{"href":"https:\/\/www.fundaciobarcelonaolimpica.es\/es\/wp-json\/wp\/v2\/posts"}],"about":[{"href":"https:\/\/www.fundaciobarcelonaolimpica.es\/es\/wp-json\/wp\/v2\/types\/post"}],"author":[{"embeddable":true,"href":"https:\/\/www.fundaciobarcelonaolimpica.es\/es\/wp-json\/wp\/v2\/users\/1"}],"replies":[{"embeddable":true,"href":"https:\/\/www.fundaciobarcelonaolimpica.es\/es\/wp-json\/wp\/v2\/comments?post=5609"}],"version-history":[{"count":0,"href":"https:\/\/www.fundaciobarcelonaolimpica.es\/es\/wp-json\/wp\/v2\/posts\/5609\/revisions"}],"wp:featuredmedia":[{"embeddable":true,"href":"https:\/\/www.fundaciobarcelonaolimpica.es\/es\/wp-json\/wp\/v2\/media\/5611"}],"wp:attachment":[{"href":"https:\/\/www.fundaciobarcelonaolimpica.es\/es\/wp-json\/wp\/v2\/media?parent=5609"}],"wp:term":[{"taxonomy":"category","embeddable":true,"href":"https:\/\/www.fundaciobarcelonaolimpica.es\/es\/wp-json\/wp\/v2\/categories?post=5609"},{"taxonomy":"post_tag","embeddable":true,"href":"https:\/\/www.fundaciobarcelonaolimpica.es\/es\/wp-json\/wp\/v2\/tags?post=5609"}],"curies":[{"name":"wp","href":"https:\/\/api.w.org\/{rel}","templated":true}]}}