{"id":5659,"date":"2012-10-15T00:00:00","date_gmt":"2012-10-14T22:00:00","guid":{"rendered":"http:\/\/dev.fundaciobarcelonaolimpica.es\/la-international-association-of-athletics-federations-iaaf-con-motivo-de-su-centenario-ha-presentado-la-exposicion-100-years-of-athletics-excellence-en-el-museu-olimpic-de-barcel\/"},"modified":"2012-10-15T00:00:00","modified_gmt":"2012-10-14T22:00:00","slug":"la-international-association-of-athletics-federations-iaaf-con-motivo-de-su-centenario-ha-presentado-la-exposicion-100-years-of-athletics-excellence-en-el-museu-olimpic-de-barcel","status":"publish","type":"post","link":"https:\/\/www.fundaciobarcelonaolimpica.es\/es\/la-international-association-of-athletics-federations-iaaf-con-motivo-de-su-centenario-ha-presentado-la-exposicion-100-years-of-athletics-excellence-en-el-museu-olimpic-de-barcel\/","title":{"rendered":"La International Association of Athletics Federations (IAAF) con motivo de su  centenario, ha presentado la exposici\u00f3n \u2018100 years of Athletics Excellence\u2019 en el Museu Ol\u00edmpic de Barcelona"},"content":{"rendered":"<p>La Exposici&oacute;n &lsquo;100 years of Athletics Excellence&rsquo; podr&aacute; visitarse hasta el 25 de noviembre de forma gratuita en la sala polivalente del Museu Ol&iacute;mpic i de l&rsquo;Esport Joan Antoni Samaranch.<\/p>\n<p>&lsquo;100 years of Athletics Excellence&rsquo; cuenta con los objetos m&aacute;s diversos y carism&aacute;ticos de estos 100 a&ntilde;os de historia, desde la replica de las zapatillas de Jesse Owens durante los JJOO de Berl&iacute;n 1936, las originales de los a&ntilde;os &rsquo;50 de Emil Zatopek o Fanny Blankers-Koen, hasta el material m&aacute;s moderno y sofisticado como el de Usain Bolt.<\/p>\n","protected":false},"excerpt":{"rendered":"<p>Maite Fandos, Tenienta de alcalde de Calidad de Vida, Igualdad y Deporte del Ayuntamiento de Barcelona, fue la encargada de presidir el acto acompa&ntilde;ada de Lamine Diack, presidente de la IAAF. Al acto acudieron representantes del deporte Jos&eacute; Ma. Odriozola, presidente de la Real Federaci&oacute;n Espa&ntilde;ola de Atletismo y Joan Villuendas presidente Federaci&oacute; Catalana d&#8217;Atletisme. Se destac&oacute; la presencia de Ferm&iacute;b Cacho, Valent&iacute;n Massana y Javier Moracho entre otros.<\/p>\n<p>&nbsp;<\/p>\n","protected":false},"author":1,"featured_media":0,"comment_status":"open","ping_status":"open","sticky":false,"template":"","format":"standard","meta":{"_acf_changed":false,"footnotes":""},"categories":[1],"tags":[],"class_list":["post-5659","post","type-post","status-publish","format-standard","hentry","category-sin-categorizar"],"acf":[],"yoast_head":"<!-- This site is optimized with the Yoast SEO plugin v23.7 - https:\/\/yoast.com\/wordpress\/plugins\/seo\/ -->\n<title>La International Association of Athletics Federations (IAAF) con motivo de su centenario, ha presentado la exposici\u00f3n \u2018100 years of Athletics Excellence\u2019 en el Museu Ol\u00edmpic de Barcelona - Fundaci\u00f3 Barcelona Ol\u00edmpica<\/title>\n<meta name=\"robots\" content=\"index, follow, max-snippet:-1, max-image-preview:large, max-video-preview:-1\" \/>\n<link rel=\"canonical\" href=\"https:\/\/www.fundaciobarcelonaolimpica.es\/es\/la-international-association-of-athletics-federations-iaaf-con-motivo-de-su-centenario-ha-presentado-la-exposicion-100-years-of-athletics-excellence-en-el-museu-olimpic-de-barcel\/\" \/>\n<meta property=\"og:locale\" content=\"es_ES\" \/>\n<meta property=\"og:type\" content=\"article\" \/>\n<meta property=\"og:title\" content=\"La International Association of Athletics Federations (IAAF) con motivo de su centenario, ha presentado la exposici\u00f3n \u2018100 years of Athletics Excellence\u2019 en el Museu Ol\u00edmpic de Barcelona - Fundaci\u00f3 Barcelona Ol\u00edmpica\" \/>\n<meta property=\"og:description\" content=\"Maite Fandos, Tenienta de alcalde de Calidad de Vida, Igualdad y Deporte del Ayuntamiento de Barcelona, fue la encargada de presidir el acto acompa&ntilde;ada de Lamine Diack, presidente de la IAAF. Al acto acudieron representantes del deporte Jos&eacute; Ma. Odriozola, presidente de la Real Federaci&oacute;n Espa&ntilde;ola de Atletismo y Joan Villuendas presidente Federaci&oacute; Catalana d&#039;Atletisme. Se destac&oacute; la presencia de Ferm&iacute;b Cacho, Valent&iacute;n Massana y Javier Moracho entre otros. &nbsp;\" \/>\n<meta property=\"og:url\" content=\"https:\/\/www.fundaciobarcelonaolimpica.es\/es\/la-international-association-of-athletics-federations-iaaf-con-motivo-de-su-centenario-ha-presentado-la-exposicion-100-years-of-athletics-excellence-en-el-museu-olimpic-de-barcel\/\" \/>\n<meta property=\"og:site_name\" content=\"Fundaci\u00f3 Barcelona Ol\u00edmpica\" \/>\n<meta property=\"article:published_time\" content=\"2012-10-14T22:00:00+00:00\" \/>\n<meta name=\"author\" content=\"useradmin\" \/>\n<meta name=\"twitter:card\" content=\"summary_large_image\" \/>\n<meta name=\"twitter:label1\" content=\"Escrito por\" \/>\n\t<meta name=\"twitter:data1\" content=\"useradmin\" \/>\n\t<meta name=\"twitter:label2\" content=\"Tiempo de lectura\" \/>\n\t<meta name=\"twitter:data2\" content=\"1 minuto\" \/>\n<script type=\"application\/ld+json\" class=\"yoast-schema-graph\">{\"@context\":\"https:\/\/schema.org\",\"@graph\":[{\"@type\":\"Article\",\"@id\":\"https:\/\/www.fundaciobarcelonaolimpica.es\/es\/la-international-association-of-athletics-federations-iaaf-con-motivo-de-su-centenario-ha-presentado-la-exposicion-100-years-of-athletics-excellence-en-el-museu-olimpic-de-barcel\/#article\",\"isPartOf\":{\"@id\":\"https:\/\/www.fundaciobarcelonaolimpica.es\/es\/la-international-association-of-athletics-federations-iaaf-con-motivo-de-su-centenario-ha-presentado-la-exposicion-100-years-of-athletics-excellence-en-el-museu-olimpic-de-barcel\/\"},\"author\":{\"name\":\"useradmin\",\"@id\":\"https:\/\/www.fundaciobarcelonaolimpica.es\/ca\/#\/schema\/person\/d05705664e87aa04c6ce53d48133fb39\"},\"headline\":\"La International Association of Athletics Federations (IAAF) con motivo de su centenario, ha presentado la exposici\u00f3n \u2018100 years of Athletics Excellence\u2019 en el Museu Ol\u00edmpic de Barcelona\",\"datePublished\":\"2012-10-14T22:00:00+00:00\",\"dateModified\":\"2012-10-14T22:00:00+00:00\",\"mainEntityOfPage\":{\"@id\":\"https:\/\/www.fundaciobarcelonaolimpica.es\/es\/la-international-association-of-athletics-federations-iaaf-con-motivo-de-su-centenario-ha-presentado-la-exposicion-100-years-of-athletics-excellence-en-el-museu-olimpic-de-barcel\/\"},\"wordCount\":134,\"commentCount\":4,\"publisher\":{\"@id\":\"https:\/\/www.fundaciobarcelonaolimpica.es\/ca\/#organization\"},\"articleSection\":[\"Sin categorizar\"],\"inLanguage\":\"es\",\"potentialAction\":[{\"@type\":\"CommentAction\",\"name\":\"Comment\",\"target\":[\"https:\/\/www.fundaciobarcelonaolimpica.es\/es\/la-international-association-of-athletics-federations-iaaf-con-motivo-de-su-centenario-ha-presentado-la-exposicion-100-years-of-athletics-excellence-en-el-museu-olimpic-de-barcel\/#respond\"]}]},{\"@type\":\"WebPage\",\"@id\":\"https:\/\/www.fundaciobarcelonaolimpica.es\/es\/la-international-association-of-athletics-federations-iaaf-con-motivo-de-su-centenario-ha-presentado-la-exposicion-100-years-of-athletics-excellence-en-el-museu-olimpic-de-barcel\/\",\"url\":\"https:\/\/www.fundaciobarcelonaolimpica.es\/es\/la-international-association-of-athletics-federations-iaaf-con-motivo-de-su-centenario-ha-presentado-la-exposicion-100-years-of-athletics-excellence-en-el-museu-olimpic-de-barcel\/\",\"name\":\"La International Association of Athletics Federations (IAAF) con motivo de su centenario, ha presentado la exposici\u00f3n \u2018100 years of Athletics Excellence\u2019 en el Museu Ol\u00edmpic de Barcelona - Fundaci\u00f3 Barcelona Ol\u00edmpica\",\"isPartOf\":{\"@id\":\"https:\/\/www.fundaciobarcelonaolimpica.es\/ca\/#website\"},\"datePublished\":\"2012-10-14T22:00:00+00:00\",\"dateModified\":\"2012-10-14T22:00:00+00:00\",\"breadcrumb\":{\"@id\":\"https:\/\/www.fundaciobarcelonaolimpica.es\/es\/la-international-association-of-athletics-federations-iaaf-con-motivo-de-su-centenario-ha-presentado-la-exposicion-100-years-of-athletics-excellence-en-el-museu-olimpic-de-barcel\/#breadcrumb\"},\"inLanguage\":\"es\",\"potentialAction\":[{\"@type\":\"ReadAction\",\"target\":[\"https:\/\/www.fundaciobarcelonaolimpica.es\/es\/la-international-association-of-athletics-federations-iaaf-con-motivo-de-su-centenario-ha-presentado-la-exposicion-100-years-of-athletics-excellence-en-el-museu-olimpic-de-barcel\/\"]}]},{\"@type\":\"BreadcrumbList\",\"@id\":\"https:\/\/www.fundaciobarcelonaolimpica.es\/es\/la-international-association-of-athletics-federations-iaaf-con-motivo-de-su-centenario-ha-presentado-la-exposicion-100-years-of-athletics-excellence-en-el-museu-olimpic-de-barcel\/#breadcrumb\",\"itemListElement\":[{\"@type\":\"ListItem\",\"position\":1,\"name\":\"FBO\",\"item\":\"https:\/\/www.fundaciobarcelonaolimpica.es\/es\/\"},{\"@type\":\"ListItem\",\"position\":2,\"name\":\"La International Association of Athletics Federations (IAAF) con motivo de su centenario, ha presentado la exposici\u00f3n \u2018100 years of Athletics Excellence\u2019 en el Museu Ol\u00edmpic de Barcelona\"}]},{\"@type\":\"WebSite\",\"@id\":\"https:\/\/www.fundaciobarcelonaolimpica.es\/ca\/#website\",\"url\":\"https:\/\/www.fundaciobarcelonaolimpica.es\/ca\/\",\"name\":\"Fundaci\u00f3 Barcelona Ol\u00edmpica\",\"description\":\"Web del Museu Ol\u00edmpic i de l&#039;Esport\",\"publisher\":{\"@id\":\"https:\/\/www.fundaciobarcelonaolimpica.es\/ca\/#organization\"},\"potentialAction\":[{\"@type\":\"SearchAction\",\"target\":{\"@type\":\"EntryPoint\",\"urlTemplate\":\"https:\/\/www.fundaciobarcelonaolimpica.es\/ca\/?s={search_term_string}\"},\"query-input\":{\"@type\":\"PropertyValueSpecification\",\"valueRequired\":true,\"valueName\":\"search_term_string\"}}],\"inLanguage\":\"es\"},{\"@type\":\"Organization\",\"@id\":\"https:\/\/www.fundaciobarcelonaolimpica.es\/ca\/#organization\",\"name\":\"Fundaci\u00f3 Barcelona Ol\u00edmpica\",\"url\":\"https:\/\/www.fundaciobarcelonaolimpica.es\/ca\/\",\"logo\":{\"@type\":\"ImageObject\",\"inLanguage\":\"es\",\"@id\":\"https:\/\/www.fundaciobarcelonaolimpica.es\/ca\/#\/schema\/logo\/image\/\",\"url\":\"https:\/\/www.fundaciobarcelonaolimpica.es\/wp-content\/uploads\/sites\/3\/2019\/02\/logo-fundacio.svg\",\"contentUrl\":\"https:\/\/www.fundaciobarcelonaolimpica.es\/wp-content\/uploads\/sites\/3\/2019\/02\/logo-fundacio.svg\",\"caption\":\"Fundaci\u00f3 Barcelona Ol\u00edmpica\"},\"image\":{\"@id\":\"https:\/\/www.fundaciobarcelonaolimpica.es\/ca\/#\/schema\/logo\/image\/\"}},{\"@type\":\"Person\",\"@id\":\"https:\/\/www.fundaciobarcelonaolimpica.es\/ca\/#\/schema\/person\/d05705664e87aa04c6ce53d48133fb39\",\"name\":\"useradmin\",\"url\":\"https:\/\/www.fundaciobarcelonaolimpica.es\/es\/author\/useradmin\/\"}]}<\/script>\n<!-- \/ Yoast SEO plugin. -->","yoast_head_json":{"title":"La International Association of Athletics Federations (IAAF) con motivo de su centenario, ha presentado la exposici\u00f3n \u2018100 years of Athletics Excellence\u2019 en el Museu Ol\u00edmpic de Barcelona - Fundaci\u00f3 Barcelona Ol\u00edmpica","robots":{"index":"index","follow":"follow","max-snippet":"max-snippet:-1","max-image-preview":"max-image-preview:large","max-video-preview":"max-video-preview:-1"},"canonical":"https:\/\/www.fundaciobarcelonaolimpica.es\/es\/la-international-association-of-athletics-federations-iaaf-con-motivo-de-su-centenario-ha-presentado-la-exposicion-100-years-of-athletics-excellence-en-el-museu-olimpic-de-barcel\/","og_locale":"es_ES","og_type":"article","og_title":"La International Association of Athletics Federations (IAAF) con motivo de su centenario, ha presentado la exposici\u00f3n \u2018100 years of Athletics Excellence\u2019 en el Museu Ol\u00edmpic de Barcelona - Fundaci\u00f3 Barcelona Ol\u00edmpica","og_description":"Maite Fandos, Tenienta de alcalde de Calidad de Vida, Igualdad y Deporte del Ayuntamiento de Barcelona, fue la encargada de presidir el acto acompa&ntilde;ada de Lamine Diack, presidente de la IAAF. Al acto acudieron representantes del deporte Jos&eacute; Ma. Odriozola, presidente de la Real Federaci&oacute;n Espa&ntilde;ola de Atletismo y Joan Villuendas presidente Federaci&oacute; Catalana d'Atletisme. Se destac&oacute; la presencia de Ferm&iacute;b Cacho, Valent&iacute;n Massana y Javier Moracho entre otros. &nbsp;","og_url":"https:\/\/www.fundaciobarcelonaolimpica.es\/es\/la-international-association-of-athletics-federations-iaaf-con-motivo-de-su-centenario-ha-presentado-la-exposicion-100-years-of-athletics-excellence-en-el-museu-olimpic-de-barcel\/","og_site_name":"Fundaci\u00f3 Barcelona Ol\u00edmpica","article_published_time":"2012-10-14T22:00:00+00:00","author":"useradmin","twitter_card":"summary_large_image","twitter_misc":{"Escrito por":"useradmin","Tiempo de lectura":"1 minuto"},"schema":{"@context":"https:\/\/schema.org","@graph":[{"@type":"Article","@id":"https:\/\/www.fundaciobarcelonaolimpica.es\/es\/la-international-association-of-athletics-federations-iaaf-con-motivo-de-su-centenario-ha-presentado-la-exposicion-100-years-of-athletics-excellence-en-el-museu-olimpic-de-barcel\/#article","isPartOf":{"@id":"https:\/\/www.fundaciobarcelonaolimpica.es\/es\/la-international-association-of-athletics-federations-iaaf-con-motivo-de-su-centenario-ha-presentado-la-exposicion-100-years-of-athletics-excellence-en-el-museu-olimpic-de-barcel\/"},"author":{"name":"useradmin","@id":"https:\/\/www.fundaciobarcelonaolimpica.es\/ca\/#\/schema\/person\/d05705664e87aa04c6ce53d48133fb39"},"headline":"La International Association of Athletics Federations (IAAF) con motivo de su centenario, ha presentado la exposici\u00f3n \u2018100 years of Athletics Excellence\u2019 en el Museu Ol\u00edmpic de Barcelona","datePublished":"2012-10-14T22:00:00+00:00","dateModified":"2012-10-14T22:00:00+00:00","mainEntityOfPage":{"@id":"https:\/\/www.fundaciobarcelonaolimpica.es\/es\/la-international-association-of-athletics-federations-iaaf-con-motivo-de-su-centenario-ha-presentado-la-exposicion-100-years-of-athletics-excellence-en-el-museu-olimpic-de-barcel\/"},"wordCount":134,"commentCount":4,"publisher":{"@id":"https:\/\/www.fundaciobarcelonaolimpica.es\/ca\/#organization"},"articleSection":["Sin categorizar"],"inLanguage":"es","potentialAction":[{"@type":"CommentAction","name":"Comment","target":["https:\/\/www.fundaciobarcelonaolimpica.es\/es\/la-international-association-of-athletics-federations-iaaf-con-motivo-de-su-centenario-ha-presentado-la-exposicion-100-years-of-athletics-excellence-en-el-museu-olimpic-de-barcel\/#respond"]}]},{"@type":"WebPage","@id":"https:\/\/www.fundaciobarcelonaolimpica.es\/es\/la-international-association-of-athletics-federations-iaaf-con-motivo-de-su-centenario-ha-presentado-la-exposicion-100-years-of-athletics-excellence-en-el-museu-olimpic-de-barcel\/","url":"https:\/\/www.fundaciobarcelonaolimpica.es\/es\/la-international-association-of-athletics-federations-iaaf-con-motivo-de-su-centenario-ha-presentado-la-exposicion-100-years-of-athletics-excellence-en-el-museu-olimpic-de-barcel\/","name":"La International Association of Athletics Federations (IAAF) con motivo de su centenario, ha presentado la exposici\u00f3n \u2018100 years of Athletics Excellence\u2019 en el Museu Ol\u00edmpic de Barcelona - Fundaci\u00f3 Barcelona Ol\u00edmpica","isPartOf":{"@id":"https:\/\/www.fundaciobarcelonaolimpica.es\/ca\/#website"},"datePublished":"2012-10-14T22:00:00+00:00","dateModified":"2012-10-14T22:00:00+00:00","breadcrumb":{"@id":"https:\/\/www.fundaciobarcelonaolimpica.es\/es\/la-international-association-of-athletics-federations-iaaf-con-motivo-de-su-centenario-ha-presentado-la-exposicion-100-years-of-athletics-excellence-en-el-museu-olimpic-de-barcel\/#breadcrumb"},"inLanguage":"es","potentialAction":[{"@type":"ReadAction","target":["https:\/\/www.fundaciobarcelonaolimpica.es\/es\/la-international-association-of-athletics-federations-iaaf-con-motivo-de-su-centenario-ha-presentado-la-exposicion-100-years-of-athletics-excellence-en-el-museu-olimpic-de-barcel\/"]}]},{"@type":"BreadcrumbList","@id":"https:\/\/www.fundaciobarcelonaolimpica.es\/es\/la-international-association-of-athletics-federations-iaaf-con-motivo-de-su-centenario-ha-presentado-la-exposicion-100-years-of-athletics-excellence-en-el-museu-olimpic-de-barcel\/#breadcrumb","itemListElement":[{"@type":"ListItem","position":1,"name":"FBO","item":"https:\/\/www.fundaciobarcelonaolimpica.es\/es\/"},{"@type":"ListItem","position":2,"name":"La International Association of Athletics Federations (IAAF) con motivo de su centenario, ha presentado la exposici\u00f3n \u2018100 years of Athletics Excellence\u2019 en el Museu Ol\u00edmpic de Barcelona"}]},{"@type":"WebSite","@id":"https:\/\/www.fundaciobarcelonaolimpica.es\/ca\/#website","url":"https:\/\/www.fundaciobarcelonaolimpica.es\/ca\/","name":"Fundaci\u00f3 Barcelona Ol\u00edmpica","description":"Web del Museu Ol\u00edmpic i de l&#039;Esport","publisher":{"@id":"https:\/\/www.fundaciobarcelonaolimpica.es\/ca\/#organization"},"potentialAction":[{"@type":"SearchAction","target":{"@type":"EntryPoint","urlTemplate":"https:\/\/www.fundaciobarcelonaolimpica.es\/ca\/?s={search_term_string}"},"query-input":{"@type":"PropertyValueSpecification","valueRequired":true,"valueName":"search_term_string"}}],"inLanguage":"es"},{"@type":"Organization","@id":"https:\/\/www.fundaciobarcelonaolimpica.es\/ca\/#organization","name":"Fundaci\u00f3 Barcelona Ol\u00edmpica","url":"https:\/\/www.fundaciobarcelonaolimpica.es\/ca\/","logo":{"@type":"ImageObject","inLanguage":"es","@id":"https:\/\/www.fundaciobarcelonaolimpica.es\/ca\/#\/schema\/logo\/image\/","url":"https:\/\/www.fundaciobarcelonaolimpica.es\/wp-content\/uploads\/sites\/3\/2019\/02\/logo-fundacio.svg","contentUrl":"https:\/\/www.fundaciobarcelonaolimpica.es\/wp-content\/uploads\/sites\/3\/2019\/02\/logo-fundacio.svg","caption":"Fundaci\u00f3 Barcelona Ol\u00edmpica"},"image":{"@id":"https:\/\/www.fundaciobarcelonaolimpica.es\/ca\/#\/schema\/logo\/image\/"}},{"@type":"Person","@id":"https:\/\/www.fundaciobarcelonaolimpica.es\/ca\/#\/schema\/person\/d05705664e87aa04c6ce53d48133fb39","name":"useradmin","url":"https:\/\/www.fundaciobarcelonaolimpica.es\/es\/author\/useradmin\/"}]}},"_links":{"self":[{"href":"https:\/\/www.fundaciobarcelonaolimpica.es\/es\/wp-json\/wp\/v2\/posts\/5659"}],"collection":[{"href":"https:\/\/www.fundaciobarcelonaolimpica.es\/es\/wp-json\/wp\/v2\/posts"}],"about":[{"href":"https:\/\/www.fundaciobarcelonaolimpica.es\/es\/wp-json\/wp\/v2\/types\/post"}],"author":[{"embeddable":true,"href":"https:\/\/www.fundaciobarcelonaolimpica.es\/es\/wp-json\/wp\/v2\/users\/1"}],"replies":[{"embeddable":true,"href":"https:\/\/www.fundaciobarcelonaolimpica.es\/es\/wp-json\/wp\/v2\/comments?post=5659"}],"version-history":[{"count":0,"href":"https:\/\/www.fundaciobarcelonaolimpica.es\/es\/wp-json\/wp\/v2\/posts\/5659\/revisions"}],"wp:attachment":[{"href":"https:\/\/www.fundaciobarcelonaolimpica.es\/es\/wp-json\/wp\/v2\/media?parent=5659"}],"wp:term":[{"taxonomy":"category","embeddable":true,"href":"https:\/\/www.fundaciobarcelonaolimpica.es\/es\/wp-json\/wp\/v2\/categories?post=5659"},{"taxonomy":"post_tag","embeddable":true,"href":"https:\/\/www.fundaciobarcelonaolimpica.es\/es\/wp-json\/wp\/v2\/tags?post=5659"}],"curies":[{"name":"wp","href":"https:\/\/api.w.org\/{rel}","templated":true}]}}