{"id":5707,"date":"2012-10-24T00:00:00","date_gmt":"2012-10-23T22:00:00","guid":{"rendered":"http:\/\/dev.fundaciobarcelonaolimpica.es\/el-centro-de-estudios-olimpicos-y-del-deporte-joan-antoni-samaranch-inicia-su-trayectoria-de-actividades-con-el-aula-de-historia-esta-primera-sesion-esta-dedicada-a-la-barcelona-olimpica\/"},"modified":"2012-10-24T00:00:00","modified_gmt":"2012-10-23T22:00:00","slug":"el-centro-de-estudios-olimpicos-y-del-deporte-joan-antoni-samaranch-inicia-su-trayectoria-de-actividades-con-el-aula-de-historia-esta-primera-sesion-esta-dedicada-a-la-barcelona-olimpica","status":"publish","type":"post","link":"https:\/\/www.fundaciobarcelonaolimpica.es\/es\/el-centro-de-estudios-olimpicos-y-del-deporte-joan-antoni-samaranch-inicia-su-trayectoria-de-actividades-con-el-aula-de-historia-esta-primera-sesion-esta-dedicada-a-la-barcelona-olimpica\/","title":{"rendered":"El Centro de Estudios Ol\u00edmpicos y del Deporte Joan Antoni Samaranch inicia su trayectoria de actividades con el Aula de Historia. Esta primera sesi\u00f3n est\u00e1 dedicada a la Barcelona Ol\u00edmpica."},"content":{"rendered":"<p>Se cumplen 20 a&ntilde;os de los Juegos Ol&iacute;mpicos de Barcelona &rsquo;92, pero los protagonistas recuerdan los momentos y las an&eacute;cdotas como si no hubiese transcurrido el tiempo. Como destac&oacute; Surroca: &ldquo;un momento as&iacute;, no es f&aacute;cil de olvidar&rdquo;, ni para los integrantes de la mesa redonda ni para muchos de los asistentes al auditorio que recordaban con nostalgia un acontecimiento dif&iacute;cilmente repetible.<\/p>\n","protected":false},"excerpt":{"rendered":"<p>Una mesa redonda compuesta por 4 de los protagonistas de los Juegos Ol&iacute;mpicos de Barcelona 1992 &#8211; Sr. ENRIC TRU&Ntilde;&Oacute;, <em>Exregidor de Deportes de l&#8217;Ajuntament de Barcelona; <\/em>Sr. ROM&Agrave; CUY&Agrave;S, <em>Encargado del Dossier de Candidatura y Memoria Ol&iacute;mpica; <\/em>Sr. FREDERIC PRIETO, <em>Exdiputado de deportes de la Diputaci&oacute; de Barcelona i <\/em>Sr. JOSEP LLU&Iacute;S VILASECA, <em>Exsecretario General de deportes de l&#8217;Esport de la Generalitat de Catalunya<\/em>&shy;.&nbsp; &#8211; . Una mesa redonda moderada por el periodista deportivo J. M. Surroca.<\/p>\n","protected":false},"author":1,"featured_media":0,"comment_status":"open","ping_status":"open","sticky":false,"template":"","format":"standard","meta":{"_acf_changed":false,"footnotes":""},"categories":[1],"tags":[],"class_list":["post-5707","post","type-post","status-publish","format-standard","hentry","category-sin-categorizar"],"acf":[],"yoast_head":"<!-- This site is optimized with the Yoast SEO plugin v23.7 - https:\/\/yoast.com\/wordpress\/plugins\/seo\/ -->\n<title>El Centro de Estudios Ol\u00edmpicos y del Deporte Joan Antoni Samaranch inicia su trayectoria de actividades con el Aula de Historia. Esta primera sesi\u00f3n est\u00e1 dedicada a la Barcelona Ol\u00edmpica. - Fundaci\u00f3 Barcelona Ol\u00edmpica<\/title>\n<meta name=\"robots\" content=\"index, follow, max-snippet:-1, max-image-preview:large, max-video-preview:-1\" \/>\n<link rel=\"canonical\" href=\"https:\/\/www.fundaciobarcelonaolimpica.es\/es\/el-centro-de-estudios-olimpicos-y-del-deporte-joan-antoni-samaranch-inicia-su-trayectoria-de-actividades-con-el-aula-de-historia-esta-primera-sesion-esta-dedicada-a-la-barcelona-olimpica\/\" \/>\n<meta property=\"og:locale\" content=\"es_ES\" \/>\n<meta property=\"og:type\" content=\"article\" \/>\n<meta property=\"og:title\" content=\"El Centro de Estudios Ol\u00edmpicos y del Deporte Joan Antoni Samaranch inicia su trayectoria de actividades con el Aula de Historia. Esta primera sesi\u00f3n est\u00e1 dedicada a la Barcelona Ol\u00edmpica. - Fundaci\u00f3 Barcelona Ol\u00edmpica\" \/>\n<meta property=\"og:description\" content=\"Una mesa redonda compuesta por 4 de los protagonistas de los Juegos Ol&iacute;mpicos de Barcelona 1992 - Sr. ENRIC TRU&Ntilde;&Oacute;, Exregidor de Deportes de l&#039;Ajuntament de Barcelona; Sr. ROM&Agrave; CUY&Agrave;S, Encargado del Dossier de Candidatura y Memoria Ol&iacute;mpica; Sr. FREDERIC PRIETO, Exdiputado de deportes de la Diputaci&oacute; de Barcelona i Sr. JOSEP LLU&Iacute;S VILASECA, Exsecretario General de deportes de l&#039;Esport de la Generalitat de Catalunya&shy;.&nbsp; - . Una mesa redonda moderada por el periodista deportivo J. M. Surroca.\" \/>\n<meta property=\"og:url\" content=\"https:\/\/www.fundaciobarcelonaolimpica.es\/es\/el-centro-de-estudios-olimpicos-y-del-deporte-joan-antoni-samaranch-inicia-su-trayectoria-de-actividades-con-el-aula-de-historia-esta-primera-sesion-esta-dedicada-a-la-barcelona-olimpica\/\" \/>\n<meta property=\"og:site_name\" content=\"Fundaci\u00f3 Barcelona Ol\u00edmpica\" \/>\n<meta property=\"article:published_time\" content=\"2012-10-23T22:00:00+00:00\" \/>\n<meta name=\"author\" content=\"useradmin\" \/>\n<meta name=\"twitter:card\" content=\"summary_large_image\" \/>\n<meta name=\"twitter:label1\" content=\"Escrito por\" \/>\n\t<meta name=\"twitter:data1\" content=\"useradmin\" \/>\n<script type=\"application\/ld+json\" class=\"yoast-schema-graph\">{\"@context\":\"https:\/\/schema.org\",\"@graph\":[{\"@type\":\"Article\",\"@id\":\"https:\/\/www.fundaciobarcelonaolimpica.es\/es\/el-centro-de-estudios-olimpicos-y-del-deporte-joan-antoni-samaranch-inicia-su-trayectoria-de-actividades-con-el-aula-de-historia-esta-primera-sesion-esta-dedicada-a-la-barcelona-olimpica\/#article\",\"isPartOf\":{\"@id\":\"https:\/\/www.fundaciobarcelonaolimpica.es\/es\/el-centro-de-estudios-olimpicos-y-del-deporte-joan-antoni-samaranch-inicia-su-trayectoria-de-actividades-con-el-aula-de-historia-esta-primera-sesion-esta-dedicada-a-la-barcelona-olimpica\/\"},\"author\":{\"name\":\"useradmin\",\"@id\":\"https:\/\/www.fundaciobarcelonaolimpica.es\/ca\/#\/schema\/person\/d05705664e87aa04c6ce53d48133fb39\"},\"headline\":\"El Centro de Estudios Ol\u00edmpicos y del Deporte Joan Antoni Samaranch inicia su trayectoria de actividades con el Aula de Historia. Esta primera sesi\u00f3n est\u00e1 dedicada a la Barcelona Ol\u00edmpica.\",\"datePublished\":\"2012-10-23T22:00:00+00:00\",\"dateModified\":\"2012-10-23T22:00:00+00:00\",\"mainEntityOfPage\":{\"@id\":\"https:\/\/www.fundaciobarcelonaolimpica.es\/es\/el-centro-de-estudios-olimpicos-y-del-deporte-joan-antoni-samaranch-inicia-su-trayectoria-de-actividades-con-el-aula-de-historia-esta-primera-sesion-esta-dedicada-a-la-barcelona-olimpica\/\"},\"wordCount\":108,\"commentCount\":8,\"publisher\":{\"@id\":\"https:\/\/www.fundaciobarcelonaolimpica.es\/ca\/#organization\"},\"articleSection\":[\"Sin categorizar\"],\"inLanguage\":\"es\",\"potentialAction\":[{\"@type\":\"CommentAction\",\"name\":\"Comment\",\"target\":[\"https:\/\/www.fundaciobarcelonaolimpica.es\/es\/el-centro-de-estudios-olimpicos-y-del-deporte-joan-antoni-samaranch-inicia-su-trayectoria-de-actividades-con-el-aula-de-historia-esta-primera-sesion-esta-dedicada-a-la-barcelona-olimpica\/#respond\"]}]},{\"@type\":\"WebPage\",\"@id\":\"https:\/\/www.fundaciobarcelonaolimpica.es\/es\/el-centro-de-estudios-olimpicos-y-del-deporte-joan-antoni-samaranch-inicia-su-trayectoria-de-actividades-con-el-aula-de-historia-esta-primera-sesion-esta-dedicada-a-la-barcelona-olimpica\/\",\"url\":\"https:\/\/www.fundaciobarcelonaolimpica.es\/es\/el-centro-de-estudios-olimpicos-y-del-deporte-joan-antoni-samaranch-inicia-su-trayectoria-de-actividades-con-el-aula-de-historia-esta-primera-sesion-esta-dedicada-a-la-barcelona-olimpica\/\",\"name\":\"El Centro de Estudios Ol\u00edmpicos y del Deporte Joan Antoni Samaranch inicia su trayectoria de actividades con el Aula de Historia. Esta primera sesi\u00f3n est\u00e1 dedicada a la Barcelona Ol\u00edmpica. - Fundaci\u00f3 Barcelona Ol\u00edmpica\",\"isPartOf\":{\"@id\":\"https:\/\/www.fundaciobarcelonaolimpica.es\/ca\/#website\"},\"datePublished\":\"2012-10-23T22:00:00+00:00\",\"dateModified\":\"2012-10-23T22:00:00+00:00\",\"breadcrumb\":{\"@id\":\"https:\/\/www.fundaciobarcelonaolimpica.es\/es\/el-centro-de-estudios-olimpicos-y-del-deporte-joan-antoni-samaranch-inicia-su-trayectoria-de-actividades-con-el-aula-de-historia-esta-primera-sesion-esta-dedicada-a-la-barcelona-olimpica\/#breadcrumb\"},\"inLanguage\":\"es\",\"potentialAction\":[{\"@type\":\"ReadAction\",\"target\":[\"https:\/\/www.fundaciobarcelonaolimpica.es\/es\/el-centro-de-estudios-olimpicos-y-del-deporte-joan-antoni-samaranch-inicia-su-trayectoria-de-actividades-con-el-aula-de-historia-esta-primera-sesion-esta-dedicada-a-la-barcelona-olimpica\/\"]}]},{\"@type\":\"BreadcrumbList\",\"@id\":\"https:\/\/www.fundaciobarcelonaolimpica.es\/es\/el-centro-de-estudios-olimpicos-y-del-deporte-joan-antoni-samaranch-inicia-su-trayectoria-de-actividades-con-el-aula-de-historia-esta-primera-sesion-esta-dedicada-a-la-barcelona-olimpica\/#breadcrumb\",\"itemListElement\":[{\"@type\":\"ListItem\",\"position\":1,\"name\":\"FBO\",\"item\":\"https:\/\/www.fundaciobarcelonaolimpica.es\/es\/\"},{\"@type\":\"ListItem\",\"position\":2,\"name\":\"El Centro de Estudios Ol\u00edmpicos y del Deporte Joan Antoni Samaranch inicia su trayectoria de actividades con el Aula de Historia. Esta primera sesi\u00f3n est\u00e1 dedicada a la Barcelona Ol\u00edmpica.\"}]},{\"@type\":\"WebSite\",\"@id\":\"https:\/\/www.fundaciobarcelonaolimpica.es\/ca\/#website\",\"url\":\"https:\/\/www.fundaciobarcelonaolimpica.es\/ca\/\",\"name\":\"Fundaci\u00f3 Barcelona Ol\u00edmpica\",\"description\":\"Web del Museu Ol\u00edmpic i de l&#039;Esport\",\"publisher\":{\"@id\":\"https:\/\/www.fundaciobarcelonaolimpica.es\/ca\/#organization\"},\"potentialAction\":[{\"@type\":\"SearchAction\",\"target\":{\"@type\":\"EntryPoint\",\"urlTemplate\":\"https:\/\/www.fundaciobarcelonaolimpica.es\/ca\/?s={search_term_string}\"},\"query-input\":{\"@type\":\"PropertyValueSpecification\",\"valueRequired\":true,\"valueName\":\"search_term_string\"}}],\"inLanguage\":\"es\"},{\"@type\":\"Organization\",\"@id\":\"https:\/\/www.fundaciobarcelonaolimpica.es\/ca\/#organization\",\"name\":\"Fundaci\u00f3 Barcelona Ol\u00edmpica\",\"url\":\"https:\/\/www.fundaciobarcelonaolimpica.es\/ca\/\",\"logo\":{\"@type\":\"ImageObject\",\"inLanguage\":\"es\",\"@id\":\"https:\/\/www.fundaciobarcelonaolimpica.es\/ca\/#\/schema\/logo\/image\/\",\"url\":\"https:\/\/www.fundaciobarcelonaolimpica.es\/wp-content\/uploads\/sites\/3\/2019\/02\/logo-fundacio.svg\",\"contentUrl\":\"https:\/\/www.fundaciobarcelonaolimpica.es\/wp-content\/uploads\/sites\/3\/2019\/02\/logo-fundacio.svg\",\"caption\":\"Fundaci\u00f3 Barcelona Ol\u00edmpica\"},\"image\":{\"@id\":\"https:\/\/www.fundaciobarcelonaolimpica.es\/ca\/#\/schema\/logo\/image\/\"}},{\"@type\":\"Person\",\"@id\":\"https:\/\/www.fundaciobarcelonaolimpica.es\/ca\/#\/schema\/person\/d05705664e87aa04c6ce53d48133fb39\",\"name\":\"useradmin\",\"url\":\"https:\/\/www.fundaciobarcelonaolimpica.es\/es\/author\/useradmin\/\"}]}<\/script>\n<!-- \/ Yoast SEO plugin. -->","yoast_head_json":{"title":"El Centro de Estudios Ol\u00edmpicos y del Deporte Joan Antoni Samaranch inicia su trayectoria de actividades con el Aula de Historia. Esta primera sesi\u00f3n est\u00e1 dedicada a la Barcelona Ol\u00edmpica. - Fundaci\u00f3 Barcelona Ol\u00edmpica","robots":{"index":"index","follow":"follow","max-snippet":"max-snippet:-1","max-image-preview":"max-image-preview:large","max-video-preview":"max-video-preview:-1"},"canonical":"https:\/\/www.fundaciobarcelonaolimpica.es\/es\/el-centro-de-estudios-olimpicos-y-del-deporte-joan-antoni-samaranch-inicia-su-trayectoria-de-actividades-con-el-aula-de-historia-esta-primera-sesion-esta-dedicada-a-la-barcelona-olimpica\/","og_locale":"es_ES","og_type":"article","og_title":"El Centro de Estudios Ol\u00edmpicos y del Deporte Joan Antoni Samaranch inicia su trayectoria de actividades con el Aula de Historia. Esta primera sesi\u00f3n est\u00e1 dedicada a la Barcelona Ol\u00edmpica. - Fundaci\u00f3 Barcelona Ol\u00edmpica","og_description":"Una mesa redonda compuesta por 4 de los protagonistas de los Juegos Ol&iacute;mpicos de Barcelona 1992 - Sr. ENRIC TRU&Ntilde;&Oacute;, Exregidor de Deportes de l'Ajuntament de Barcelona; Sr. ROM&Agrave; CUY&Agrave;S, Encargado del Dossier de Candidatura y Memoria Ol&iacute;mpica; Sr. FREDERIC PRIETO, Exdiputado de deportes de la Diputaci&oacute; de Barcelona i Sr. JOSEP LLU&Iacute;S VILASECA, Exsecretario General de deportes de l'Esport de la Generalitat de Catalunya&shy;.&nbsp; - . Una mesa redonda moderada por el periodista deportivo J. M. Surroca.","og_url":"https:\/\/www.fundaciobarcelonaolimpica.es\/es\/el-centro-de-estudios-olimpicos-y-del-deporte-joan-antoni-samaranch-inicia-su-trayectoria-de-actividades-con-el-aula-de-historia-esta-primera-sesion-esta-dedicada-a-la-barcelona-olimpica\/","og_site_name":"Fundaci\u00f3 Barcelona Ol\u00edmpica","article_published_time":"2012-10-23T22:00:00+00:00","author":"useradmin","twitter_card":"summary_large_image","twitter_misc":{"Escrito por":"useradmin"},"schema":{"@context":"https:\/\/schema.org","@graph":[{"@type":"Article","@id":"https:\/\/www.fundaciobarcelonaolimpica.es\/es\/el-centro-de-estudios-olimpicos-y-del-deporte-joan-antoni-samaranch-inicia-su-trayectoria-de-actividades-con-el-aula-de-historia-esta-primera-sesion-esta-dedicada-a-la-barcelona-olimpica\/#article","isPartOf":{"@id":"https:\/\/www.fundaciobarcelonaolimpica.es\/es\/el-centro-de-estudios-olimpicos-y-del-deporte-joan-antoni-samaranch-inicia-su-trayectoria-de-actividades-con-el-aula-de-historia-esta-primera-sesion-esta-dedicada-a-la-barcelona-olimpica\/"},"author":{"name":"useradmin","@id":"https:\/\/www.fundaciobarcelonaolimpica.es\/ca\/#\/schema\/person\/d05705664e87aa04c6ce53d48133fb39"},"headline":"El Centro de Estudios Ol\u00edmpicos y del Deporte Joan Antoni Samaranch inicia su trayectoria de actividades con el Aula de Historia. Esta primera sesi\u00f3n est\u00e1 dedicada a la Barcelona Ol\u00edmpica.","datePublished":"2012-10-23T22:00:00+00:00","dateModified":"2012-10-23T22:00:00+00:00","mainEntityOfPage":{"@id":"https:\/\/www.fundaciobarcelonaolimpica.es\/es\/el-centro-de-estudios-olimpicos-y-del-deporte-joan-antoni-samaranch-inicia-su-trayectoria-de-actividades-con-el-aula-de-historia-esta-primera-sesion-esta-dedicada-a-la-barcelona-olimpica\/"},"wordCount":108,"commentCount":8,"publisher":{"@id":"https:\/\/www.fundaciobarcelonaolimpica.es\/ca\/#organization"},"articleSection":["Sin categorizar"],"inLanguage":"es","potentialAction":[{"@type":"CommentAction","name":"Comment","target":["https:\/\/www.fundaciobarcelonaolimpica.es\/es\/el-centro-de-estudios-olimpicos-y-del-deporte-joan-antoni-samaranch-inicia-su-trayectoria-de-actividades-con-el-aula-de-historia-esta-primera-sesion-esta-dedicada-a-la-barcelona-olimpica\/#respond"]}]},{"@type":"WebPage","@id":"https:\/\/www.fundaciobarcelonaolimpica.es\/es\/el-centro-de-estudios-olimpicos-y-del-deporte-joan-antoni-samaranch-inicia-su-trayectoria-de-actividades-con-el-aula-de-historia-esta-primera-sesion-esta-dedicada-a-la-barcelona-olimpica\/","url":"https:\/\/www.fundaciobarcelonaolimpica.es\/es\/el-centro-de-estudios-olimpicos-y-del-deporte-joan-antoni-samaranch-inicia-su-trayectoria-de-actividades-con-el-aula-de-historia-esta-primera-sesion-esta-dedicada-a-la-barcelona-olimpica\/","name":"El Centro de Estudios Ol\u00edmpicos y del Deporte Joan Antoni Samaranch inicia su trayectoria de actividades con el Aula de Historia. Esta primera sesi\u00f3n est\u00e1 dedicada a la Barcelona Ol\u00edmpica. - Fundaci\u00f3 Barcelona Ol\u00edmpica","isPartOf":{"@id":"https:\/\/www.fundaciobarcelonaolimpica.es\/ca\/#website"},"datePublished":"2012-10-23T22:00:00+00:00","dateModified":"2012-10-23T22:00:00+00:00","breadcrumb":{"@id":"https:\/\/www.fundaciobarcelonaolimpica.es\/es\/el-centro-de-estudios-olimpicos-y-del-deporte-joan-antoni-samaranch-inicia-su-trayectoria-de-actividades-con-el-aula-de-historia-esta-primera-sesion-esta-dedicada-a-la-barcelona-olimpica\/#breadcrumb"},"inLanguage":"es","potentialAction":[{"@type":"ReadAction","target":["https:\/\/www.fundaciobarcelonaolimpica.es\/es\/el-centro-de-estudios-olimpicos-y-del-deporte-joan-antoni-samaranch-inicia-su-trayectoria-de-actividades-con-el-aula-de-historia-esta-primera-sesion-esta-dedicada-a-la-barcelona-olimpica\/"]}]},{"@type":"BreadcrumbList","@id":"https:\/\/www.fundaciobarcelonaolimpica.es\/es\/el-centro-de-estudios-olimpicos-y-del-deporte-joan-antoni-samaranch-inicia-su-trayectoria-de-actividades-con-el-aula-de-historia-esta-primera-sesion-esta-dedicada-a-la-barcelona-olimpica\/#breadcrumb","itemListElement":[{"@type":"ListItem","position":1,"name":"FBO","item":"https:\/\/www.fundaciobarcelonaolimpica.es\/es\/"},{"@type":"ListItem","position":2,"name":"El Centro de Estudios Ol\u00edmpicos y del Deporte Joan Antoni Samaranch inicia su trayectoria de actividades con el Aula de Historia. Esta primera sesi\u00f3n est\u00e1 dedicada a la Barcelona Ol\u00edmpica."}]},{"@type":"WebSite","@id":"https:\/\/www.fundaciobarcelonaolimpica.es\/ca\/#website","url":"https:\/\/www.fundaciobarcelonaolimpica.es\/ca\/","name":"Fundaci\u00f3 Barcelona Ol\u00edmpica","description":"Web del Museu Ol\u00edmpic i de l&#039;Esport","publisher":{"@id":"https:\/\/www.fundaciobarcelonaolimpica.es\/ca\/#organization"},"potentialAction":[{"@type":"SearchAction","target":{"@type":"EntryPoint","urlTemplate":"https:\/\/www.fundaciobarcelonaolimpica.es\/ca\/?s={search_term_string}"},"query-input":{"@type":"PropertyValueSpecification","valueRequired":true,"valueName":"search_term_string"}}],"inLanguage":"es"},{"@type":"Organization","@id":"https:\/\/www.fundaciobarcelonaolimpica.es\/ca\/#organization","name":"Fundaci\u00f3 Barcelona Ol\u00edmpica","url":"https:\/\/www.fundaciobarcelonaolimpica.es\/ca\/","logo":{"@type":"ImageObject","inLanguage":"es","@id":"https:\/\/www.fundaciobarcelonaolimpica.es\/ca\/#\/schema\/logo\/image\/","url":"https:\/\/www.fundaciobarcelonaolimpica.es\/wp-content\/uploads\/sites\/3\/2019\/02\/logo-fundacio.svg","contentUrl":"https:\/\/www.fundaciobarcelonaolimpica.es\/wp-content\/uploads\/sites\/3\/2019\/02\/logo-fundacio.svg","caption":"Fundaci\u00f3 Barcelona Ol\u00edmpica"},"image":{"@id":"https:\/\/www.fundaciobarcelonaolimpica.es\/ca\/#\/schema\/logo\/image\/"}},{"@type":"Person","@id":"https:\/\/www.fundaciobarcelonaolimpica.es\/ca\/#\/schema\/person\/d05705664e87aa04c6ce53d48133fb39","name":"useradmin","url":"https:\/\/www.fundaciobarcelonaolimpica.es\/es\/author\/useradmin\/"}]}},"_links":{"self":[{"href":"https:\/\/www.fundaciobarcelonaolimpica.es\/es\/wp-json\/wp\/v2\/posts\/5707"}],"collection":[{"href":"https:\/\/www.fundaciobarcelonaolimpica.es\/es\/wp-json\/wp\/v2\/posts"}],"about":[{"href":"https:\/\/www.fundaciobarcelonaolimpica.es\/es\/wp-json\/wp\/v2\/types\/post"}],"author":[{"embeddable":true,"href":"https:\/\/www.fundaciobarcelonaolimpica.es\/es\/wp-json\/wp\/v2\/users\/1"}],"replies":[{"embeddable":true,"href":"https:\/\/www.fundaciobarcelonaolimpica.es\/es\/wp-json\/wp\/v2\/comments?post=5707"}],"version-history":[{"count":0,"href":"https:\/\/www.fundaciobarcelonaolimpica.es\/es\/wp-json\/wp\/v2\/posts\/5707\/revisions"}],"wp:attachment":[{"href":"https:\/\/www.fundaciobarcelonaolimpica.es\/es\/wp-json\/wp\/v2\/media?parent=5707"}],"wp:term":[{"taxonomy":"category","embeddable":true,"href":"https:\/\/www.fundaciobarcelonaolimpica.es\/es\/wp-json\/wp\/v2\/categories?post=5707"},{"taxonomy":"post_tag","embeddable":true,"href":"https:\/\/www.fundaciobarcelonaolimpica.es\/es\/wp-json\/wp\/v2\/tags?post=5707"}],"curies":[{"name":"wp","href":"https:\/\/api.w.org\/{rel}","templated":true}]}}