{"id":5828,"date":"2012-11-08T00:00:00","date_gmt":"2012-11-07T23:00:00","guid":{"rendered":"http:\/\/dev.fundaciobarcelonaolimpica.es\/la-89a-jean-bouin-mundo-deportivo-gran-premio-allianz-de-barcelona-ha-hecho-su-presentacion-de-la-mano-de-bernat-soler-periodiste-de-tv3-jean-bouin-es-la-competicion-atletica-en-ruta-mas-ve\/"},"modified":"2012-11-08T00:00:00","modified_gmt":"2012-11-07T23:00:00","slug":"la-89a-jean-bouin-mundo-deportivo-gran-premio-allianz-de-barcelona-ha-hecho-su-presentacion-de-la-mano-de-bernat-soler-periodiste-de-tv3-jean-bouin-es-la-competicion-atletica-en-ruta-mas-ve","status":"publish","type":"post","link":"https:\/\/www.fundaciobarcelonaolimpica.es\/es\/la-89a-jean-bouin-mundo-deportivo-gran-premio-allianz-de-barcelona-ha-hecho-su-presentacion-de-la-mano-de-bernat-soler-periodiste-de-tv3-jean-bouin-es-la-competicion-atletica-en-ruta-mas-ve\/","title":{"rendered":"La 89a Jean Bouin Mundo Deportivo \u2013Gran Premio Allianz de Barcelona ha hecho su presentaci\u00f3n de la mano de Bernat Soler, periodiste de Tv3. Jean Bouin es la competici\u00f3n atl\u00e9tica en ruta m\u00e1s veterana de Espa\u00f1a."},"content":{"rendered":"<p>Esta 89 edici&oacute;n, que se celebrar&aacute; el 18 de noviembre al Parc de Montju&iuml;c viene avalada por el n&uacute;mero de inscritos que ya supera los 13.000 corredores. La Jean Bouin se caracteriza por ser la carrera popular que cuenta con m&aacute;s categor&iacute;as y modalidades &ndash; infantiles, alevines, minusv&aacute;lidos, etc.<\/p>\n<p>&nbsp;<\/p>\n","protected":false},"excerpt":{"rendered":"<p>El acto ha sido presentes Jos&eacute; Luis Ferr&eacute;, director general de Allianz Seguros; David Llorens, subdirector del Mundo Deportivo; Santi Siquier, delegado territorial de la Generalitat de Catalu&ntilde;a; Maite Fandos, Tinenta de Alcalde de calidad de Vida, Igualdad y Deportes del Ayuntamiento de Barcelona y Josep Salom, Diutaci&oacute; de Barcelona. Tambi&eacute;n estuvieron presentes los deportistas ol&iacute;mpicos Judith Pl&aacute;, Carles Castillejos y &Aacute;ngel Mullera<\/p>\n<p>&nbsp;<\/p>\n","protected":false},"author":1,"featured_media":0,"comment_status":"open","ping_status":"open","sticky":false,"template":"","format":"standard","meta":{"_acf_changed":false,"footnotes":""},"categories":[1],"tags":[],"class_list":["post-5828","post","type-post","status-publish","format-standard","hentry","category-sin-categorizar"],"acf":[],"yoast_head":"<!-- This site is optimized with the Yoast SEO plugin v23.7 - https:\/\/yoast.com\/wordpress\/plugins\/seo\/ -->\n<title>La 89a Jean Bouin Mundo Deportivo \u2013Gran Premio Allianz de Barcelona ha hecho su presentaci\u00f3n de la mano de Bernat Soler, periodiste de Tv3. Jean Bouin es la competici\u00f3n atl\u00e9tica en ruta m\u00e1s veterana de Espa\u00f1a. - Fundaci\u00f3 Barcelona Ol\u00edmpica<\/title>\n<meta name=\"robots\" content=\"index, follow, max-snippet:-1, max-image-preview:large, max-video-preview:-1\" \/>\n<link rel=\"canonical\" href=\"https:\/\/www.fundaciobarcelonaolimpica.es\/es\/la-89a-jean-bouin-mundo-deportivo-gran-premio-allianz-de-barcelona-ha-hecho-su-presentacion-de-la-mano-de-bernat-soler-periodiste-de-tv3-jean-bouin-es-la-competicion-atletica-en-ruta-mas-ve\/\" \/>\n<meta property=\"og:locale\" content=\"es_ES\" \/>\n<meta property=\"og:type\" content=\"article\" \/>\n<meta property=\"og:title\" content=\"La 89a Jean Bouin Mundo Deportivo \u2013Gran Premio Allianz de Barcelona ha hecho su presentaci\u00f3n de la mano de Bernat Soler, periodiste de Tv3. Jean Bouin es la competici\u00f3n atl\u00e9tica en ruta m\u00e1s veterana de Espa\u00f1a. - Fundaci\u00f3 Barcelona Ol\u00edmpica\" \/>\n<meta property=\"og:description\" content=\"El acto ha sido presentes Jos&eacute; Luis Ferr&eacute;, director general de Allianz Seguros; David Llorens, subdirector del Mundo Deportivo; Santi Siquier, delegado territorial de la Generalitat de Catalu&ntilde;a; Maite Fandos, Tinenta de Alcalde de calidad de Vida, Igualdad y Deportes del Ayuntamiento de Barcelona y Josep Salom, Diutaci&oacute; de Barcelona. Tambi&eacute;n estuvieron presentes los deportistas ol&iacute;mpicos Judith Pl&aacute;, Carles Castillejos y &Aacute;ngel Mullera &nbsp;\" \/>\n<meta property=\"og:url\" content=\"https:\/\/www.fundaciobarcelonaolimpica.es\/es\/la-89a-jean-bouin-mundo-deportivo-gran-premio-allianz-de-barcelona-ha-hecho-su-presentacion-de-la-mano-de-bernat-soler-periodiste-de-tv3-jean-bouin-es-la-competicion-atletica-en-ruta-mas-ve\/\" \/>\n<meta property=\"og:site_name\" content=\"Fundaci\u00f3 Barcelona Ol\u00edmpica\" \/>\n<meta property=\"article:published_time\" content=\"2012-11-07T23:00:00+00:00\" \/>\n<meta name=\"author\" content=\"useradmin\" \/>\n<meta name=\"twitter:card\" content=\"summary_large_image\" \/>\n<meta name=\"twitter:label1\" content=\"Escrito por\" \/>\n\t<meta name=\"twitter:data1\" content=\"useradmin\" \/>\n<script type=\"application\/ld+json\" class=\"yoast-schema-graph\">{\"@context\":\"https:\/\/schema.org\",\"@graph\":[{\"@type\":\"Article\",\"@id\":\"https:\/\/www.fundaciobarcelonaolimpica.es\/es\/la-89a-jean-bouin-mundo-deportivo-gran-premio-allianz-de-barcelona-ha-hecho-su-presentacion-de-la-mano-de-bernat-soler-periodiste-de-tv3-jean-bouin-es-la-competicion-atletica-en-ruta-mas-ve\/#article\",\"isPartOf\":{\"@id\":\"https:\/\/www.fundaciobarcelonaolimpica.es\/es\/la-89a-jean-bouin-mundo-deportivo-gran-premio-allianz-de-barcelona-ha-hecho-su-presentacion-de-la-mano-de-bernat-soler-periodiste-de-tv3-jean-bouin-es-la-competicion-atletica-en-ruta-mas-ve\/\"},\"author\":{\"name\":\"useradmin\",\"@id\":\"https:\/\/www.fundaciobarcelonaolimpica.es\/ca\/#\/schema\/person\/d05705664e87aa04c6ce53d48133fb39\"},\"headline\":\"La 89a Jean Bouin Mundo Deportivo \u2013Gran Premio Allianz de Barcelona ha hecho su presentaci\u00f3n de la mano de Bernat Soler, periodiste de Tv3. Jean Bouin es la competici\u00f3n atl\u00e9tica en ruta m\u00e1s veterana de Espa\u00f1a.\",\"datePublished\":\"2012-11-07T23:00:00+00:00\",\"dateModified\":\"2012-11-07T23:00:00+00:00\",\"mainEntityOfPage\":{\"@id\":\"https:\/\/www.fundaciobarcelonaolimpica.es\/es\/la-89a-jean-bouin-mundo-deportivo-gran-premio-allianz-de-barcelona-ha-hecho-su-presentacion-de-la-mano-de-bernat-soler-periodiste-de-tv3-jean-bouin-es-la-competicion-atletica-en-ruta-mas-ve\/\"},\"wordCount\":101,\"commentCount\":6,\"publisher\":{\"@id\":\"https:\/\/www.fundaciobarcelonaolimpica.es\/ca\/#organization\"},\"articleSection\":[\"Sin categorizar\"],\"inLanguage\":\"es\",\"potentialAction\":[{\"@type\":\"CommentAction\",\"name\":\"Comment\",\"target\":[\"https:\/\/www.fundaciobarcelonaolimpica.es\/es\/la-89a-jean-bouin-mundo-deportivo-gran-premio-allianz-de-barcelona-ha-hecho-su-presentacion-de-la-mano-de-bernat-soler-periodiste-de-tv3-jean-bouin-es-la-competicion-atletica-en-ruta-mas-ve\/#respond\"]}]},{\"@type\":\"WebPage\",\"@id\":\"https:\/\/www.fundaciobarcelonaolimpica.es\/es\/la-89a-jean-bouin-mundo-deportivo-gran-premio-allianz-de-barcelona-ha-hecho-su-presentacion-de-la-mano-de-bernat-soler-periodiste-de-tv3-jean-bouin-es-la-competicion-atletica-en-ruta-mas-ve\/\",\"url\":\"https:\/\/www.fundaciobarcelonaolimpica.es\/es\/la-89a-jean-bouin-mundo-deportivo-gran-premio-allianz-de-barcelona-ha-hecho-su-presentacion-de-la-mano-de-bernat-soler-periodiste-de-tv3-jean-bouin-es-la-competicion-atletica-en-ruta-mas-ve\/\",\"name\":\"La 89a Jean Bouin Mundo Deportivo \u2013Gran Premio Allianz de Barcelona ha hecho su presentaci\u00f3n de la mano de Bernat Soler, periodiste de Tv3. Jean Bouin es la competici\u00f3n atl\u00e9tica en ruta m\u00e1s veterana de Espa\u00f1a. - Fundaci\u00f3 Barcelona Ol\u00edmpica\",\"isPartOf\":{\"@id\":\"https:\/\/www.fundaciobarcelonaolimpica.es\/ca\/#website\"},\"datePublished\":\"2012-11-07T23:00:00+00:00\",\"dateModified\":\"2012-11-07T23:00:00+00:00\",\"breadcrumb\":{\"@id\":\"https:\/\/www.fundaciobarcelonaolimpica.es\/es\/la-89a-jean-bouin-mundo-deportivo-gran-premio-allianz-de-barcelona-ha-hecho-su-presentacion-de-la-mano-de-bernat-soler-periodiste-de-tv3-jean-bouin-es-la-competicion-atletica-en-ruta-mas-ve\/#breadcrumb\"},\"inLanguage\":\"es\",\"potentialAction\":[{\"@type\":\"ReadAction\",\"target\":[\"https:\/\/www.fundaciobarcelonaolimpica.es\/es\/la-89a-jean-bouin-mundo-deportivo-gran-premio-allianz-de-barcelona-ha-hecho-su-presentacion-de-la-mano-de-bernat-soler-periodiste-de-tv3-jean-bouin-es-la-competicion-atletica-en-ruta-mas-ve\/\"]}]},{\"@type\":\"BreadcrumbList\",\"@id\":\"https:\/\/www.fundaciobarcelonaolimpica.es\/es\/la-89a-jean-bouin-mundo-deportivo-gran-premio-allianz-de-barcelona-ha-hecho-su-presentacion-de-la-mano-de-bernat-soler-periodiste-de-tv3-jean-bouin-es-la-competicion-atletica-en-ruta-mas-ve\/#breadcrumb\",\"itemListElement\":[{\"@type\":\"ListItem\",\"position\":1,\"name\":\"FBO\",\"item\":\"https:\/\/www.fundaciobarcelonaolimpica.es\/es\/\"},{\"@type\":\"ListItem\",\"position\":2,\"name\":\"La 89a Jean Bouin Mundo Deportivo \u2013Gran Premio Allianz de Barcelona ha hecho su presentaci\u00f3n de la mano de Bernat Soler, periodiste de Tv3. Jean Bouin es la competici\u00f3n atl\u00e9tica en ruta m\u00e1s veterana de Espa\u00f1a.\"}]},{\"@type\":\"WebSite\",\"@id\":\"https:\/\/www.fundaciobarcelonaolimpica.es\/ca\/#website\",\"url\":\"https:\/\/www.fundaciobarcelonaolimpica.es\/ca\/\",\"name\":\"Fundaci\u00f3 Barcelona Ol\u00edmpica\",\"description\":\"Web del Museu Ol\u00edmpic i de l&#039;Esport\",\"publisher\":{\"@id\":\"https:\/\/www.fundaciobarcelonaolimpica.es\/ca\/#organization\"},\"potentialAction\":[{\"@type\":\"SearchAction\",\"target\":{\"@type\":\"EntryPoint\",\"urlTemplate\":\"https:\/\/www.fundaciobarcelonaolimpica.es\/ca\/?s={search_term_string}\"},\"query-input\":{\"@type\":\"PropertyValueSpecification\",\"valueRequired\":true,\"valueName\":\"search_term_string\"}}],\"inLanguage\":\"es\"},{\"@type\":\"Organization\",\"@id\":\"https:\/\/www.fundaciobarcelonaolimpica.es\/ca\/#organization\",\"name\":\"Fundaci\u00f3 Barcelona Ol\u00edmpica\",\"url\":\"https:\/\/www.fundaciobarcelonaolimpica.es\/ca\/\",\"logo\":{\"@type\":\"ImageObject\",\"inLanguage\":\"es\",\"@id\":\"https:\/\/www.fundaciobarcelonaolimpica.es\/ca\/#\/schema\/logo\/image\/\",\"url\":\"https:\/\/www.fundaciobarcelonaolimpica.es\/wp-content\/uploads\/sites\/3\/2019\/02\/logo-fundacio.svg\",\"contentUrl\":\"https:\/\/www.fundaciobarcelonaolimpica.es\/wp-content\/uploads\/sites\/3\/2019\/02\/logo-fundacio.svg\",\"caption\":\"Fundaci\u00f3 Barcelona Ol\u00edmpica\"},\"image\":{\"@id\":\"https:\/\/www.fundaciobarcelonaolimpica.es\/ca\/#\/schema\/logo\/image\/\"}},{\"@type\":\"Person\",\"@id\":\"https:\/\/www.fundaciobarcelonaolimpica.es\/ca\/#\/schema\/person\/d05705664e87aa04c6ce53d48133fb39\",\"name\":\"useradmin\",\"url\":\"https:\/\/www.fundaciobarcelonaolimpica.es\/es\/author\/useradmin\/\"}]}<\/script>\n<!-- \/ Yoast SEO plugin. -->","yoast_head_json":{"title":"La 89a Jean Bouin Mundo Deportivo \u2013Gran Premio Allianz de Barcelona ha hecho su presentaci\u00f3n de la mano de Bernat Soler, periodiste de Tv3. Jean Bouin es la competici\u00f3n atl\u00e9tica en ruta m\u00e1s veterana de Espa\u00f1a. - Fundaci\u00f3 Barcelona Ol\u00edmpica","robots":{"index":"index","follow":"follow","max-snippet":"max-snippet:-1","max-image-preview":"max-image-preview:large","max-video-preview":"max-video-preview:-1"},"canonical":"https:\/\/www.fundaciobarcelonaolimpica.es\/es\/la-89a-jean-bouin-mundo-deportivo-gran-premio-allianz-de-barcelona-ha-hecho-su-presentacion-de-la-mano-de-bernat-soler-periodiste-de-tv3-jean-bouin-es-la-competicion-atletica-en-ruta-mas-ve\/","og_locale":"es_ES","og_type":"article","og_title":"La 89a Jean Bouin Mundo Deportivo \u2013Gran Premio Allianz de Barcelona ha hecho su presentaci\u00f3n de la mano de Bernat Soler, periodiste de Tv3. Jean Bouin es la competici\u00f3n atl\u00e9tica en ruta m\u00e1s veterana de Espa\u00f1a. - Fundaci\u00f3 Barcelona Ol\u00edmpica","og_description":"El acto ha sido presentes Jos&eacute; Luis Ferr&eacute;, director general de Allianz Seguros; David Llorens, subdirector del Mundo Deportivo; Santi Siquier, delegado territorial de la Generalitat de Catalu&ntilde;a; Maite Fandos, Tinenta de Alcalde de calidad de Vida, Igualdad y Deportes del Ayuntamiento de Barcelona y Josep Salom, Diutaci&oacute; de Barcelona. Tambi&eacute;n estuvieron presentes los deportistas ol&iacute;mpicos Judith Pl&aacute;, Carles Castillejos y &Aacute;ngel Mullera &nbsp;","og_url":"https:\/\/www.fundaciobarcelonaolimpica.es\/es\/la-89a-jean-bouin-mundo-deportivo-gran-premio-allianz-de-barcelona-ha-hecho-su-presentacion-de-la-mano-de-bernat-soler-periodiste-de-tv3-jean-bouin-es-la-competicion-atletica-en-ruta-mas-ve\/","og_site_name":"Fundaci\u00f3 Barcelona Ol\u00edmpica","article_published_time":"2012-11-07T23:00:00+00:00","author":"useradmin","twitter_card":"summary_large_image","twitter_misc":{"Escrito por":"useradmin"},"schema":{"@context":"https:\/\/schema.org","@graph":[{"@type":"Article","@id":"https:\/\/www.fundaciobarcelonaolimpica.es\/es\/la-89a-jean-bouin-mundo-deportivo-gran-premio-allianz-de-barcelona-ha-hecho-su-presentacion-de-la-mano-de-bernat-soler-periodiste-de-tv3-jean-bouin-es-la-competicion-atletica-en-ruta-mas-ve\/#article","isPartOf":{"@id":"https:\/\/www.fundaciobarcelonaolimpica.es\/es\/la-89a-jean-bouin-mundo-deportivo-gran-premio-allianz-de-barcelona-ha-hecho-su-presentacion-de-la-mano-de-bernat-soler-periodiste-de-tv3-jean-bouin-es-la-competicion-atletica-en-ruta-mas-ve\/"},"author":{"name":"useradmin","@id":"https:\/\/www.fundaciobarcelonaolimpica.es\/ca\/#\/schema\/person\/d05705664e87aa04c6ce53d48133fb39"},"headline":"La 89a Jean Bouin Mundo Deportivo \u2013Gran Premio Allianz de Barcelona ha hecho su presentaci\u00f3n de la mano de Bernat Soler, periodiste de Tv3. Jean Bouin es la competici\u00f3n atl\u00e9tica en ruta m\u00e1s veterana de Espa\u00f1a.","datePublished":"2012-11-07T23:00:00+00:00","dateModified":"2012-11-07T23:00:00+00:00","mainEntityOfPage":{"@id":"https:\/\/www.fundaciobarcelonaolimpica.es\/es\/la-89a-jean-bouin-mundo-deportivo-gran-premio-allianz-de-barcelona-ha-hecho-su-presentacion-de-la-mano-de-bernat-soler-periodiste-de-tv3-jean-bouin-es-la-competicion-atletica-en-ruta-mas-ve\/"},"wordCount":101,"commentCount":6,"publisher":{"@id":"https:\/\/www.fundaciobarcelonaolimpica.es\/ca\/#organization"},"articleSection":["Sin categorizar"],"inLanguage":"es","potentialAction":[{"@type":"CommentAction","name":"Comment","target":["https:\/\/www.fundaciobarcelonaolimpica.es\/es\/la-89a-jean-bouin-mundo-deportivo-gran-premio-allianz-de-barcelona-ha-hecho-su-presentacion-de-la-mano-de-bernat-soler-periodiste-de-tv3-jean-bouin-es-la-competicion-atletica-en-ruta-mas-ve\/#respond"]}]},{"@type":"WebPage","@id":"https:\/\/www.fundaciobarcelonaolimpica.es\/es\/la-89a-jean-bouin-mundo-deportivo-gran-premio-allianz-de-barcelona-ha-hecho-su-presentacion-de-la-mano-de-bernat-soler-periodiste-de-tv3-jean-bouin-es-la-competicion-atletica-en-ruta-mas-ve\/","url":"https:\/\/www.fundaciobarcelonaolimpica.es\/es\/la-89a-jean-bouin-mundo-deportivo-gran-premio-allianz-de-barcelona-ha-hecho-su-presentacion-de-la-mano-de-bernat-soler-periodiste-de-tv3-jean-bouin-es-la-competicion-atletica-en-ruta-mas-ve\/","name":"La 89a Jean Bouin Mundo Deportivo \u2013Gran Premio Allianz de Barcelona ha hecho su presentaci\u00f3n de la mano de Bernat Soler, periodiste de Tv3. Jean Bouin es la competici\u00f3n atl\u00e9tica en ruta m\u00e1s veterana de Espa\u00f1a. - Fundaci\u00f3 Barcelona Ol\u00edmpica","isPartOf":{"@id":"https:\/\/www.fundaciobarcelonaolimpica.es\/ca\/#website"},"datePublished":"2012-11-07T23:00:00+00:00","dateModified":"2012-11-07T23:00:00+00:00","breadcrumb":{"@id":"https:\/\/www.fundaciobarcelonaolimpica.es\/es\/la-89a-jean-bouin-mundo-deportivo-gran-premio-allianz-de-barcelona-ha-hecho-su-presentacion-de-la-mano-de-bernat-soler-periodiste-de-tv3-jean-bouin-es-la-competicion-atletica-en-ruta-mas-ve\/#breadcrumb"},"inLanguage":"es","potentialAction":[{"@type":"ReadAction","target":["https:\/\/www.fundaciobarcelonaolimpica.es\/es\/la-89a-jean-bouin-mundo-deportivo-gran-premio-allianz-de-barcelona-ha-hecho-su-presentacion-de-la-mano-de-bernat-soler-periodiste-de-tv3-jean-bouin-es-la-competicion-atletica-en-ruta-mas-ve\/"]}]},{"@type":"BreadcrumbList","@id":"https:\/\/www.fundaciobarcelonaolimpica.es\/es\/la-89a-jean-bouin-mundo-deportivo-gran-premio-allianz-de-barcelona-ha-hecho-su-presentacion-de-la-mano-de-bernat-soler-periodiste-de-tv3-jean-bouin-es-la-competicion-atletica-en-ruta-mas-ve\/#breadcrumb","itemListElement":[{"@type":"ListItem","position":1,"name":"FBO","item":"https:\/\/www.fundaciobarcelonaolimpica.es\/es\/"},{"@type":"ListItem","position":2,"name":"La 89a Jean Bouin Mundo Deportivo \u2013Gran Premio Allianz de Barcelona ha hecho su presentaci\u00f3n de la mano de Bernat Soler, periodiste de Tv3. Jean Bouin es la competici\u00f3n atl\u00e9tica en ruta m\u00e1s veterana de Espa\u00f1a."}]},{"@type":"WebSite","@id":"https:\/\/www.fundaciobarcelonaolimpica.es\/ca\/#website","url":"https:\/\/www.fundaciobarcelonaolimpica.es\/ca\/","name":"Fundaci\u00f3 Barcelona Ol\u00edmpica","description":"Web del Museu Ol\u00edmpic i de l&#039;Esport","publisher":{"@id":"https:\/\/www.fundaciobarcelonaolimpica.es\/ca\/#organization"},"potentialAction":[{"@type":"SearchAction","target":{"@type":"EntryPoint","urlTemplate":"https:\/\/www.fundaciobarcelonaolimpica.es\/ca\/?s={search_term_string}"},"query-input":{"@type":"PropertyValueSpecification","valueRequired":true,"valueName":"search_term_string"}}],"inLanguage":"es"},{"@type":"Organization","@id":"https:\/\/www.fundaciobarcelonaolimpica.es\/ca\/#organization","name":"Fundaci\u00f3 Barcelona Ol\u00edmpica","url":"https:\/\/www.fundaciobarcelonaolimpica.es\/ca\/","logo":{"@type":"ImageObject","inLanguage":"es","@id":"https:\/\/www.fundaciobarcelonaolimpica.es\/ca\/#\/schema\/logo\/image\/","url":"https:\/\/www.fundaciobarcelonaolimpica.es\/wp-content\/uploads\/sites\/3\/2019\/02\/logo-fundacio.svg","contentUrl":"https:\/\/www.fundaciobarcelonaolimpica.es\/wp-content\/uploads\/sites\/3\/2019\/02\/logo-fundacio.svg","caption":"Fundaci\u00f3 Barcelona Ol\u00edmpica"},"image":{"@id":"https:\/\/www.fundaciobarcelonaolimpica.es\/ca\/#\/schema\/logo\/image\/"}},{"@type":"Person","@id":"https:\/\/www.fundaciobarcelonaolimpica.es\/ca\/#\/schema\/person\/d05705664e87aa04c6ce53d48133fb39","name":"useradmin","url":"https:\/\/www.fundaciobarcelonaolimpica.es\/es\/author\/useradmin\/"}]}},"_links":{"self":[{"href":"https:\/\/www.fundaciobarcelonaolimpica.es\/es\/wp-json\/wp\/v2\/posts\/5828"}],"collection":[{"href":"https:\/\/www.fundaciobarcelonaolimpica.es\/es\/wp-json\/wp\/v2\/posts"}],"about":[{"href":"https:\/\/www.fundaciobarcelonaolimpica.es\/es\/wp-json\/wp\/v2\/types\/post"}],"author":[{"embeddable":true,"href":"https:\/\/www.fundaciobarcelonaolimpica.es\/es\/wp-json\/wp\/v2\/users\/1"}],"replies":[{"embeddable":true,"href":"https:\/\/www.fundaciobarcelonaolimpica.es\/es\/wp-json\/wp\/v2\/comments?post=5828"}],"version-history":[{"count":0,"href":"https:\/\/www.fundaciobarcelonaolimpica.es\/es\/wp-json\/wp\/v2\/posts\/5828\/revisions"}],"wp:attachment":[{"href":"https:\/\/www.fundaciobarcelonaolimpica.es\/es\/wp-json\/wp\/v2\/media?parent=5828"}],"wp:term":[{"taxonomy":"category","embeddable":true,"href":"https:\/\/www.fundaciobarcelonaolimpica.es\/es\/wp-json\/wp\/v2\/categories?post=5828"},{"taxonomy":"post_tag","embeddable":true,"href":"https:\/\/www.fundaciobarcelonaolimpica.es\/es\/wp-json\/wp\/v2\/tags?post=5828"}],"curies":[{"name":"wp","href":"https:\/\/api.w.org\/{rel}","templated":true}]}}