{"id":6139,"date":"2013-02-09T00:00:00","date_gmt":"2013-02-08T23:00:00","guid":{"rendered":"http:\/\/dev.fundaciobarcelonaolimpica.es\/pasaporte-olimpico-celebra-su-primer-reconocimiento-a-los-deportistas-olimpicos\/"},"modified":"2019-07-16T16:33:49","modified_gmt":"2019-07-16T14:33:49","slug":"pasaporte-olimpico-celebra-su-primer-reconocimiento-a-los-deportistas-olimpicos","status":"publish","type":"post","link":"https:\/\/www.fundaciobarcelonaolimpica.es\/es\/pasaporte-olimpico-celebra-su-primer-reconocimiento-a-los-deportistas-olimpicos\/","title":{"rendered":"\u2018Pasaporte Ol\u00edmpico\u2019 celebra su primer reconocimiento a los deportistas ol\u00edmpicos"},"content":{"rendered":"<p>cConvertida ya en toda una web de referencia \u201cPasaporte Ol\u00edmpico\u201d ha querido agradecer a todos aquellos deportistas que le han ayudado en difundir el verdadero valor del deporte ol\u00edmpico.<\/p>\n<p>Una gala marcada por el respeto m\u00fatuo y que Tamara Echegoyen, oro ol\u00edmpico en vela junto con \u00c1ngel aPumariega y Sof\u00eda Toro, ha sabido destacar en su agradecimiento a \u201cPasaporte Ol\u00edmpico\u201d como el medio de comunicaci\u00f3n que crey\u00f3 en ellas desde el principio y que siempre han sentido su apoyo.<\/p>\n<p>Premiados:<\/p>\n<p><strong>Premio al Mejor Deportista Promesa<\/strong> para Fabi\u00e1n Gonz\u00e1lez por su 9\u00ba lugar en la final individual del concurso completo (esta clasificaci\u00f3n nunca hab\u00eda sido alcanzado anteriormente por un gimnasta espa\u00f1ol). Le entreg\u00f3 el premio su compa\u00f1ero de equipo el tambi\u00e9n gimnasta Javier G\u00f3mez.<\/p>\n<p><strong>Premio Mejor Equipo <\/strong>para el equipo femenino de la clase \u201cELLIOT 6m\u201d compuesto por Tamara Echegoyen, \u00c1ngela Pumariega y Sof\u00eda Toro. El premio fue entregado por Alex Muscat, regatista de la clase Finn.<\/p>\n<p><strong>Premio Mejor Deportista Femenina <\/strong>para Mireia Belmonte, la catalana hizo un hito hist\u00f3rico se vino de Londres con dos medallas de plata. De manos del presidente de la Federaci\u00f3n Espa\u00f1ola Fernando Carpena, recogi\u00f3 el premio Paqui, la madre de la deportista.<\/p>\n<p><strong>Premio Mejor Deportista Masculino <\/strong>para Joel Gonz\u00e1lez, el taekwondista fue el \u00fanico deportista masculino que se vino con el oro ol\u00edmpico de los Juegos Ol\u00edmpicos\u00a0 de Londres. Joel recog\u00ed\u00f3 el premio de manos de Juli Pernas, director de la Fundaci\u00f3 Barcelona Ol\u00edmpica.<\/p>\n<p><strong>Premio Mejor Club Deportivo <\/strong>al Club Nataci\u00f3 Sabadell, como referente hist\u00f3rico de la nataci\u00f3n espa\u00f1ola. Miguel Torres, presidente del club, recogi\u00f3 el premio de manos de Joan Manuel Surroca.<\/p>\n<p><strong>Premio Mejor Federaci\u00f3n Deportiva <\/strong>a la Federaci\u00f3n Espa\u00f1ola de Taekwondo por su triplete en Londres. La federaci\u00f3n llev\u00f3 3 deportistas y se vino con 3 medallas un oro y dos platas. Gabriel Esparza t\u00e9cnico de la Federaci\u00f3n Espa\u00f1ola recogi\u00f3 el premio de manos de \u00c1nguel V\u00e1zquez.<\/p>\n<p><strong>Premio Momento Pasaporte Ol\u00edmpico <\/strong>a la Regata final \u201cMatch Race\u201d oro de la clase Elliot 6m. Jaime G\u00f3mez entreg\u00f3 el premio a Tamara Echegoyen y\u00c1ngela Pumariega.<\/p>\n","protected":false},"excerpt":{"rendered":"<p>&lsquo;Pasaporte Ol&iacute;mpico&rsquo; es una iniciativa personal de &Aacute;ngel V&aacute;zquez. Hace 4 a&ntilde;os comenz&oacute; generando un blog donde desarrollaba una &aacute;rdua&nbsp; labor de seguimiento a los ol&iacute;mpicos espa&ntilde;oles.<\/p>\n","protected":false},"author":1,"featured_media":19436,"comment_status":"open","ping_status":"open","sticky":false,"template":"","format":"standard","meta":{"_acf_changed":false,"footnotes":""},"categories":[1],"tags":[],"class_list":["post-6139","post","type-post","status-publish","format-standard","has-post-thumbnail","hentry","category-sin-categorizar"],"acf":[],"yoast_head":"<!-- This site is optimized with the Yoast SEO plugin v23.7 - https:\/\/yoast.com\/wordpress\/plugins\/seo\/ -->\n<title>\u2018Pasaporte Ol\u00edmpico\u2019 celebra su primer reconocimiento a los deportistas ol\u00edmpicos - Fundaci\u00f3 Barcelona Ol\u00edmpica<\/title>\n<meta name=\"robots\" content=\"index, follow, max-snippet:-1, max-image-preview:large, max-video-preview:-1\" \/>\n<link rel=\"canonical\" href=\"https:\/\/www.fundaciobarcelonaolimpica.es\/es\/pasaporte-olimpico-celebra-su-primer-reconocimiento-a-los-deportistas-olimpicos\/\" \/>\n<meta property=\"og:locale\" content=\"es_ES\" \/>\n<meta property=\"og:type\" content=\"article\" \/>\n<meta property=\"og:title\" content=\"\u2018Pasaporte Ol\u00edmpico\u2019 celebra su primer reconocimiento a los deportistas ol\u00edmpicos - Fundaci\u00f3 Barcelona Ol\u00edmpica\" \/>\n<meta property=\"og:description\" content=\"&lsquo;Pasaporte Ol&iacute;mpico&rsquo; es una iniciativa personal de &Aacute;ngel V&aacute;zquez. Hace 4 a&ntilde;os comenz&oacute; generando un blog donde desarrollaba una &aacute;rdua&nbsp; labor de seguimiento a los ol&iacute;mpicos espa&ntilde;oles.\" \/>\n<meta property=\"og:url\" content=\"https:\/\/www.fundaciobarcelonaolimpica.es\/es\/pasaporte-olimpico-celebra-su-primer-reconocimiento-a-los-deportistas-olimpicos\/\" \/>\n<meta property=\"og:site_name\" content=\"Fundaci\u00f3 Barcelona Ol\u00edmpica\" \/>\n<meta property=\"article:published_time\" content=\"2013-02-08T23:00:00+00:00\" \/>\n<meta property=\"article:modified_time\" content=\"2019-07-16T14:33:49+00:00\" \/>\n<meta property=\"og:image\" content=\"https:\/\/www.fundaciobarcelonaolimpica.es\/wp-content\/uploads\/sites\/3\/2013\/02\/GALA_PASAPORTE_OLIMPICO.jpg\" \/>\n\t<meta property=\"og:image:width\" content=\"400\" \/>\n\t<meta property=\"og:image:height\" content=\"267\" \/>\n\t<meta property=\"og:image:type\" content=\"image\/jpeg\" \/>\n<meta name=\"author\" content=\"useradmin\" \/>\n<meta name=\"twitter:card\" content=\"summary_large_image\" \/>\n<meta name=\"twitter:label1\" content=\"Escrito por\" \/>\n\t<meta name=\"twitter:data1\" content=\"useradmin\" \/>\n\t<meta name=\"twitter:label2\" content=\"Tiempo de lectura\" \/>\n\t<meta name=\"twitter:data2\" content=\"2 minutos\" \/>\n<script type=\"application\/ld+json\" class=\"yoast-schema-graph\">{\"@context\":\"https:\/\/schema.org\",\"@graph\":[{\"@type\":\"Article\",\"@id\":\"https:\/\/www.fundaciobarcelonaolimpica.es\/es\/pasaporte-olimpico-celebra-su-primer-reconocimiento-a-los-deportistas-olimpicos\/#article\",\"isPartOf\":{\"@id\":\"https:\/\/www.fundaciobarcelonaolimpica.es\/es\/pasaporte-olimpico-celebra-su-primer-reconocimiento-a-los-deportistas-olimpicos\/\"},\"author\":{\"name\":\"useradmin\",\"@id\":\"https:\/\/www.fundaciobarcelonaolimpica.es\/ca\/#\/schema\/person\/d05705664e87aa04c6ce53d48133fb39\"},\"headline\":\"\u2018Pasaporte Ol\u00edmpico\u2019 celebra su primer reconocimiento a los deportistas ol\u00edmpicos\",\"datePublished\":\"2013-02-08T23:00:00+00:00\",\"dateModified\":\"2019-07-16T14:33:49+00:00\",\"mainEntityOfPage\":{\"@id\":\"https:\/\/www.fundaciobarcelonaolimpica.es\/es\/pasaporte-olimpico-celebra-su-primer-reconocimiento-a-los-deportistas-olimpicos\/\"},\"wordCount\":386,\"commentCount\":9,\"publisher\":{\"@id\":\"https:\/\/www.fundaciobarcelonaolimpica.es\/ca\/#organization\"},\"image\":{\"@id\":\"https:\/\/www.fundaciobarcelonaolimpica.es\/es\/pasaporte-olimpico-celebra-su-primer-reconocimiento-a-los-deportistas-olimpicos\/#primaryimage\"},\"thumbnailUrl\":\"https:\/\/www.fundaciobarcelonaolimpica.es\/wp-content\/uploads\/sites\/3\/2013\/02\/GALA_PASAPORTE_OLIMPICO.jpg\",\"articleSection\":[\"Sin categorizar\"],\"inLanguage\":\"es\",\"potentialAction\":[{\"@type\":\"CommentAction\",\"name\":\"Comment\",\"target\":[\"https:\/\/www.fundaciobarcelonaolimpica.es\/es\/pasaporte-olimpico-celebra-su-primer-reconocimiento-a-los-deportistas-olimpicos\/#respond\"]}]},{\"@type\":\"WebPage\",\"@id\":\"https:\/\/www.fundaciobarcelonaolimpica.es\/es\/pasaporte-olimpico-celebra-su-primer-reconocimiento-a-los-deportistas-olimpicos\/\",\"url\":\"https:\/\/www.fundaciobarcelonaolimpica.es\/es\/pasaporte-olimpico-celebra-su-primer-reconocimiento-a-los-deportistas-olimpicos\/\",\"name\":\"\u2018Pasaporte Ol\u00edmpico\u2019 celebra su primer reconocimiento a los deportistas ol\u00edmpicos - Fundaci\u00f3 Barcelona Ol\u00edmpica\",\"isPartOf\":{\"@id\":\"https:\/\/www.fundaciobarcelonaolimpica.es\/ca\/#website\"},\"primaryImageOfPage\":{\"@id\":\"https:\/\/www.fundaciobarcelonaolimpica.es\/es\/pasaporte-olimpico-celebra-su-primer-reconocimiento-a-los-deportistas-olimpicos\/#primaryimage\"},\"image\":{\"@id\":\"https:\/\/www.fundaciobarcelonaolimpica.es\/es\/pasaporte-olimpico-celebra-su-primer-reconocimiento-a-los-deportistas-olimpicos\/#primaryimage\"},\"thumbnailUrl\":\"https:\/\/www.fundaciobarcelonaolimpica.es\/wp-content\/uploads\/sites\/3\/2013\/02\/GALA_PASAPORTE_OLIMPICO.jpg\",\"datePublished\":\"2013-02-08T23:00:00+00:00\",\"dateModified\":\"2019-07-16T14:33:49+00:00\",\"breadcrumb\":{\"@id\":\"https:\/\/www.fundaciobarcelonaolimpica.es\/es\/pasaporte-olimpico-celebra-su-primer-reconocimiento-a-los-deportistas-olimpicos\/#breadcrumb\"},\"inLanguage\":\"es\",\"potentialAction\":[{\"@type\":\"ReadAction\",\"target\":[\"https:\/\/www.fundaciobarcelonaolimpica.es\/es\/pasaporte-olimpico-celebra-su-primer-reconocimiento-a-los-deportistas-olimpicos\/\"]}]},{\"@type\":\"ImageObject\",\"inLanguage\":\"es\",\"@id\":\"https:\/\/www.fundaciobarcelonaolimpica.es\/es\/pasaporte-olimpico-celebra-su-primer-reconocimiento-a-los-deportistas-olimpicos\/#primaryimage\",\"url\":\"https:\/\/www.fundaciobarcelonaolimpica.es\/wp-content\/uploads\/sites\/3\/2013\/02\/GALA_PASAPORTE_OLIMPICO.jpg\",\"contentUrl\":\"https:\/\/www.fundaciobarcelonaolimpica.es\/wp-content\/uploads\/sites\/3\/2013\/02\/GALA_PASAPORTE_OLIMPICO.jpg\",\"width\":400,\"height\":267},{\"@type\":\"BreadcrumbList\",\"@id\":\"https:\/\/www.fundaciobarcelonaolimpica.es\/es\/pasaporte-olimpico-celebra-su-primer-reconocimiento-a-los-deportistas-olimpicos\/#breadcrumb\",\"itemListElement\":[{\"@type\":\"ListItem\",\"position\":1,\"name\":\"FBO\",\"item\":\"https:\/\/www.fundaciobarcelonaolimpica.es\/es\/\"},{\"@type\":\"ListItem\",\"position\":2,\"name\":\"\u2018Pasaporte Ol\u00edmpico\u2019 celebra su primer reconocimiento a los deportistas ol\u00edmpicos\"}]},{\"@type\":\"WebSite\",\"@id\":\"https:\/\/www.fundaciobarcelonaolimpica.es\/ca\/#website\",\"url\":\"https:\/\/www.fundaciobarcelonaolimpica.es\/ca\/\",\"name\":\"Fundaci\u00f3 Barcelona Ol\u00edmpica\",\"description\":\"Web del Museu Ol\u00edmpic i de l&#039;Esport\",\"publisher\":{\"@id\":\"https:\/\/www.fundaciobarcelonaolimpica.es\/ca\/#organization\"},\"potentialAction\":[{\"@type\":\"SearchAction\",\"target\":{\"@type\":\"EntryPoint\",\"urlTemplate\":\"https:\/\/www.fundaciobarcelonaolimpica.es\/ca\/?s={search_term_string}\"},\"query-input\":{\"@type\":\"PropertyValueSpecification\",\"valueRequired\":true,\"valueName\":\"search_term_string\"}}],\"inLanguage\":\"es\"},{\"@type\":\"Organization\",\"@id\":\"https:\/\/www.fundaciobarcelonaolimpica.es\/ca\/#organization\",\"name\":\"Fundaci\u00f3 Barcelona Ol\u00edmpica\",\"url\":\"https:\/\/www.fundaciobarcelonaolimpica.es\/ca\/\",\"logo\":{\"@type\":\"ImageObject\",\"inLanguage\":\"es\",\"@id\":\"https:\/\/www.fundaciobarcelonaolimpica.es\/ca\/#\/schema\/logo\/image\/\",\"url\":\"https:\/\/www.fundaciobarcelonaolimpica.es\/wp-content\/uploads\/sites\/3\/2019\/02\/logo-fundacio.svg\",\"contentUrl\":\"https:\/\/www.fundaciobarcelonaolimpica.es\/wp-content\/uploads\/sites\/3\/2019\/02\/logo-fundacio.svg\",\"caption\":\"Fundaci\u00f3 Barcelona Ol\u00edmpica\"},\"image\":{\"@id\":\"https:\/\/www.fundaciobarcelonaolimpica.es\/ca\/#\/schema\/logo\/image\/\"}},{\"@type\":\"Person\",\"@id\":\"https:\/\/www.fundaciobarcelonaolimpica.es\/ca\/#\/schema\/person\/d05705664e87aa04c6ce53d48133fb39\",\"name\":\"useradmin\",\"url\":\"https:\/\/www.fundaciobarcelonaolimpica.es\/es\/author\/useradmin\/\"}]}<\/script>\n<!-- \/ Yoast SEO plugin. -->","yoast_head_json":{"title":"\u2018Pasaporte Ol\u00edmpico\u2019 celebra su primer reconocimiento a los deportistas ol\u00edmpicos - Fundaci\u00f3 Barcelona Ol\u00edmpica","robots":{"index":"index","follow":"follow","max-snippet":"max-snippet:-1","max-image-preview":"max-image-preview:large","max-video-preview":"max-video-preview:-1"},"canonical":"https:\/\/www.fundaciobarcelonaolimpica.es\/es\/pasaporte-olimpico-celebra-su-primer-reconocimiento-a-los-deportistas-olimpicos\/","og_locale":"es_ES","og_type":"article","og_title":"\u2018Pasaporte Ol\u00edmpico\u2019 celebra su primer reconocimiento a los deportistas ol\u00edmpicos - Fundaci\u00f3 Barcelona Ol\u00edmpica","og_description":"&lsquo;Pasaporte Ol&iacute;mpico&rsquo; es una iniciativa personal de &Aacute;ngel V&aacute;zquez. Hace 4 a&ntilde;os comenz&oacute; generando un blog donde desarrollaba una &aacute;rdua&nbsp; labor de seguimiento a los ol&iacute;mpicos espa&ntilde;oles.","og_url":"https:\/\/www.fundaciobarcelonaolimpica.es\/es\/pasaporte-olimpico-celebra-su-primer-reconocimiento-a-los-deportistas-olimpicos\/","og_site_name":"Fundaci\u00f3 Barcelona Ol\u00edmpica","article_published_time":"2013-02-08T23:00:00+00:00","article_modified_time":"2019-07-16T14:33:49+00:00","og_image":[{"width":400,"height":267,"url":"https:\/\/www.fundaciobarcelonaolimpica.es\/wp-content\/uploads\/sites\/3\/2013\/02\/GALA_PASAPORTE_OLIMPICO.jpg","type":"image\/jpeg"}],"author":"useradmin","twitter_card":"summary_large_image","twitter_misc":{"Escrito por":"useradmin","Tiempo de lectura":"2 minutos"},"schema":{"@context":"https:\/\/schema.org","@graph":[{"@type":"Article","@id":"https:\/\/www.fundaciobarcelonaolimpica.es\/es\/pasaporte-olimpico-celebra-su-primer-reconocimiento-a-los-deportistas-olimpicos\/#article","isPartOf":{"@id":"https:\/\/www.fundaciobarcelonaolimpica.es\/es\/pasaporte-olimpico-celebra-su-primer-reconocimiento-a-los-deportistas-olimpicos\/"},"author":{"name":"useradmin","@id":"https:\/\/www.fundaciobarcelonaolimpica.es\/ca\/#\/schema\/person\/d05705664e87aa04c6ce53d48133fb39"},"headline":"\u2018Pasaporte Ol\u00edmpico\u2019 celebra su primer reconocimiento a los deportistas ol\u00edmpicos","datePublished":"2013-02-08T23:00:00+00:00","dateModified":"2019-07-16T14:33:49+00:00","mainEntityOfPage":{"@id":"https:\/\/www.fundaciobarcelonaolimpica.es\/es\/pasaporte-olimpico-celebra-su-primer-reconocimiento-a-los-deportistas-olimpicos\/"},"wordCount":386,"commentCount":9,"publisher":{"@id":"https:\/\/www.fundaciobarcelonaolimpica.es\/ca\/#organization"},"image":{"@id":"https:\/\/www.fundaciobarcelonaolimpica.es\/es\/pasaporte-olimpico-celebra-su-primer-reconocimiento-a-los-deportistas-olimpicos\/#primaryimage"},"thumbnailUrl":"https:\/\/www.fundaciobarcelonaolimpica.es\/wp-content\/uploads\/sites\/3\/2013\/02\/GALA_PASAPORTE_OLIMPICO.jpg","articleSection":["Sin categorizar"],"inLanguage":"es","potentialAction":[{"@type":"CommentAction","name":"Comment","target":["https:\/\/www.fundaciobarcelonaolimpica.es\/es\/pasaporte-olimpico-celebra-su-primer-reconocimiento-a-los-deportistas-olimpicos\/#respond"]}]},{"@type":"WebPage","@id":"https:\/\/www.fundaciobarcelonaolimpica.es\/es\/pasaporte-olimpico-celebra-su-primer-reconocimiento-a-los-deportistas-olimpicos\/","url":"https:\/\/www.fundaciobarcelonaolimpica.es\/es\/pasaporte-olimpico-celebra-su-primer-reconocimiento-a-los-deportistas-olimpicos\/","name":"\u2018Pasaporte Ol\u00edmpico\u2019 celebra su primer reconocimiento a los deportistas ol\u00edmpicos - Fundaci\u00f3 Barcelona Ol\u00edmpica","isPartOf":{"@id":"https:\/\/www.fundaciobarcelonaolimpica.es\/ca\/#website"},"primaryImageOfPage":{"@id":"https:\/\/www.fundaciobarcelonaolimpica.es\/es\/pasaporte-olimpico-celebra-su-primer-reconocimiento-a-los-deportistas-olimpicos\/#primaryimage"},"image":{"@id":"https:\/\/www.fundaciobarcelonaolimpica.es\/es\/pasaporte-olimpico-celebra-su-primer-reconocimiento-a-los-deportistas-olimpicos\/#primaryimage"},"thumbnailUrl":"https:\/\/www.fundaciobarcelonaolimpica.es\/wp-content\/uploads\/sites\/3\/2013\/02\/GALA_PASAPORTE_OLIMPICO.jpg","datePublished":"2013-02-08T23:00:00+00:00","dateModified":"2019-07-16T14:33:49+00:00","breadcrumb":{"@id":"https:\/\/www.fundaciobarcelonaolimpica.es\/es\/pasaporte-olimpico-celebra-su-primer-reconocimiento-a-los-deportistas-olimpicos\/#breadcrumb"},"inLanguage":"es","potentialAction":[{"@type":"ReadAction","target":["https:\/\/www.fundaciobarcelonaolimpica.es\/es\/pasaporte-olimpico-celebra-su-primer-reconocimiento-a-los-deportistas-olimpicos\/"]}]},{"@type":"ImageObject","inLanguage":"es","@id":"https:\/\/www.fundaciobarcelonaolimpica.es\/es\/pasaporte-olimpico-celebra-su-primer-reconocimiento-a-los-deportistas-olimpicos\/#primaryimage","url":"https:\/\/www.fundaciobarcelonaolimpica.es\/wp-content\/uploads\/sites\/3\/2013\/02\/GALA_PASAPORTE_OLIMPICO.jpg","contentUrl":"https:\/\/www.fundaciobarcelonaolimpica.es\/wp-content\/uploads\/sites\/3\/2013\/02\/GALA_PASAPORTE_OLIMPICO.jpg","width":400,"height":267},{"@type":"BreadcrumbList","@id":"https:\/\/www.fundaciobarcelonaolimpica.es\/es\/pasaporte-olimpico-celebra-su-primer-reconocimiento-a-los-deportistas-olimpicos\/#breadcrumb","itemListElement":[{"@type":"ListItem","position":1,"name":"FBO","item":"https:\/\/www.fundaciobarcelonaolimpica.es\/es\/"},{"@type":"ListItem","position":2,"name":"\u2018Pasaporte Ol\u00edmpico\u2019 celebra su primer reconocimiento a los deportistas ol\u00edmpicos"}]},{"@type":"WebSite","@id":"https:\/\/www.fundaciobarcelonaolimpica.es\/ca\/#website","url":"https:\/\/www.fundaciobarcelonaolimpica.es\/ca\/","name":"Fundaci\u00f3 Barcelona Ol\u00edmpica","description":"Web del Museu Ol\u00edmpic i de l&#039;Esport","publisher":{"@id":"https:\/\/www.fundaciobarcelonaolimpica.es\/ca\/#organization"},"potentialAction":[{"@type":"SearchAction","target":{"@type":"EntryPoint","urlTemplate":"https:\/\/www.fundaciobarcelonaolimpica.es\/ca\/?s={search_term_string}"},"query-input":{"@type":"PropertyValueSpecification","valueRequired":true,"valueName":"search_term_string"}}],"inLanguage":"es"},{"@type":"Organization","@id":"https:\/\/www.fundaciobarcelonaolimpica.es\/ca\/#organization","name":"Fundaci\u00f3 Barcelona Ol\u00edmpica","url":"https:\/\/www.fundaciobarcelonaolimpica.es\/ca\/","logo":{"@type":"ImageObject","inLanguage":"es","@id":"https:\/\/www.fundaciobarcelonaolimpica.es\/ca\/#\/schema\/logo\/image\/","url":"https:\/\/www.fundaciobarcelonaolimpica.es\/wp-content\/uploads\/sites\/3\/2019\/02\/logo-fundacio.svg","contentUrl":"https:\/\/www.fundaciobarcelonaolimpica.es\/wp-content\/uploads\/sites\/3\/2019\/02\/logo-fundacio.svg","caption":"Fundaci\u00f3 Barcelona Ol\u00edmpica"},"image":{"@id":"https:\/\/www.fundaciobarcelonaolimpica.es\/ca\/#\/schema\/logo\/image\/"}},{"@type":"Person","@id":"https:\/\/www.fundaciobarcelonaolimpica.es\/ca\/#\/schema\/person\/d05705664e87aa04c6ce53d48133fb39","name":"useradmin","url":"https:\/\/www.fundaciobarcelonaolimpica.es\/es\/author\/useradmin\/"}]}},"_links":{"self":[{"href":"https:\/\/www.fundaciobarcelonaolimpica.es\/es\/wp-json\/wp\/v2\/posts\/6139"}],"collection":[{"href":"https:\/\/www.fundaciobarcelonaolimpica.es\/es\/wp-json\/wp\/v2\/posts"}],"about":[{"href":"https:\/\/www.fundaciobarcelonaolimpica.es\/es\/wp-json\/wp\/v2\/types\/post"}],"author":[{"embeddable":true,"href":"https:\/\/www.fundaciobarcelonaolimpica.es\/es\/wp-json\/wp\/v2\/users\/1"}],"replies":[{"embeddable":true,"href":"https:\/\/www.fundaciobarcelonaolimpica.es\/es\/wp-json\/wp\/v2\/comments?post=6139"}],"version-history":[{"count":2,"href":"https:\/\/www.fundaciobarcelonaolimpica.es\/es\/wp-json\/wp\/v2\/posts\/6139\/revisions"}],"predecessor-version":[{"id":19439,"href":"https:\/\/www.fundaciobarcelonaolimpica.es\/es\/wp-json\/wp\/v2\/posts\/6139\/revisions\/19439"}],"wp:featuredmedia":[{"embeddable":true,"href":"https:\/\/www.fundaciobarcelonaolimpica.es\/es\/wp-json\/wp\/v2\/media\/19436"}],"wp:attachment":[{"href":"https:\/\/www.fundaciobarcelonaolimpica.es\/es\/wp-json\/wp\/v2\/media?parent=6139"}],"wp:term":[{"taxonomy":"category","embeddable":true,"href":"https:\/\/www.fundaciobarcelonaolimpica.es\/es\/wp-json\/wp\/v2\/categories?post=6139"},{"taxonomy":"post_tag","embeddable":true,"href":"https:\/\/www.fundaciobarcelonaolimpica.es\/es\/wp-json\/wp\/v2\/tags?post=6139"}],"curies":[{"name":"wp","href":"https:\/\/api.w.org\/{rel}","templated":true}]}}