{"id":6816,"date":"2013-09-16T00:00:00","date_gmt":"2013-09-15T22:00:00","guid":{"rendered":"http:\/\/dev.fundaciobarcelonaolimpica.es\/inaugurada-la-exposicion-del-premio-internacional-fundacio-barcelona-olimpica-%c2%b7-arte-sobre-papel\/"},"modified":"2013-09-16T00:00:00","modified_gmt":"2013-09-15T22:00:00","slug":"inaugurada-la-exposicion-del-premio-internacional-fundacio-barcelona-olimpica-%c2%b7-arte-sobre-papel","status":"publish","type":"post","link":"https:\/\/www.fundaciobarcelonaolimpica.es\/es\/inaugurada-la-exposicion-del-premio-internacional-fundacio-barcelona-olimpica-%c2%b7-arte-sobre-papel\/","title":{"rendered":"Inaugurada la exposici\u00f3n del premio Internacional Fundaci\u00f3 Barcelona Ol\u00edmpica \u00b7 Arte sobre papel"},"content":{"rendered":"<p>Despu&eacute;s de una esmerada y discutida selecci&oacute;n del jurado, la presente edici&oacute;n viene cargada de futuro y nuevas promesas: las tres creaciones ganadoras son obra de artistas j&oacute;venes que denotan el talento latente de este g&eacute;nero y las m&uacute;ltiples posibilidades que el deporte sigue inspirando hoy en d&iacute;a.&iexcl;La diversidad de estilos, t&eacute;cnicas y disciplinas est&aacute; servida!<\/p>\n","protected":false},"excerpt":{"rendered":"<p>La firme apuesta de la Fundaci&oacute; Barcelona Ol&iacute;mpica por ilustrar que el v&iacute;nculo entre arte y deporte sigue m&aacute;s vigente que nunca, se demuestra, de nuevo, en el crecimiento cuantitativo y cualitativo de esta cuarta convocatoria.<\/p>\n","protected":false},"author":1,"featured_media":0,"comment_status":"open","ping_status":"open","sticky":false,"template":"","format":"standard","meta":{"_acf_changed":false,"footnotes":""},"categories":[1],"tags":[],"class_list":["post-6816","post","type-post","status-publish","format-standard","hentry","category-sin-categorizar"],"acf":[],"yoast_head":"<!-- This site is optimized with the Yoast SEO plugin v23.7 - https:\/\/yoast.com\/wordpress\/plugins\/seo\/ -->\n<title>Inaugurada la exposici\u00f3n del premio Internacional Fundaci\u00f3 Barcelona Ol\u00edmpica \u00b7 Arte sobre papel - Fundaci\u00f3 Barcelona Ol\u00edmpica<\/title>\n<meta name=\"robots\" content=\"index, follow, max-snippet:-1, max-image-preview:large, max-video-preview:-1\" \/>\n<link rel=\"canonical\" href=\"https:\/\/www.fundaciobarcelonaolimpica.es\/es\/inaugurada-la-exposicion-del-premio-internacional-fundacio-barcelona-olimpica-\u00b7-arte-sobre-papel\/\" \/>\n<meta property=\"og:locale\" content=\"es_ES\" \/>\n<meta property=\"og:type\" content=\"article\" \/>\n<meta property=\"og:title\" content=\"Inaugurada la exposici\u00f3n del premio Internacional Fundaci\u00f3 Barcelona Ol\u00edmpica \u00b7 Arte sobre papel - Fundaci\u00f3 Barcelona Ol\u00edmpica\" \/>\n<meta property=\"og:description\" content=\"La firme apuesta de la Fundaci&oacute; Barcelona Ol&iacute;mpica por ilustrar que el v&iacute;nculo entre arte y deporte sigue m&aacute;s vigente que nunca, se demuestra, de nuevo, en el crecimiento cuantitativo y cualitativo de esta cuarta convocatoria.\" \/>\n<meta property=\"og:url\" content=\"https:\/\/www.fundaciobarcelonaolimpica.es\/es\/inaugurada-la-exposicion-del-premio-internacional-fundacio-barcelona-olimpica-\u00b7-arte-sobre-papel\/\" \/>\n<meta property=\"og:site_name\" content=\"Fundaci\u00f3 Barcelona Ol\u00edmpica\" \/>\n<meta property=\"article:published_time\" content=\"2013-09-15T22:00:00+00:00\" \/>\n<meta name=\"author\" content=\"useradmin\" \/>\n<meta name=\"twitter:card\" content=\"summary_large_image\" \/>\n<meta name=\"twitter:label1\" content=\"Escrito por\" \/>\n\t<meta name=\"twitter:data1\" content=\"useradmin\" \/>\n<script type=\"application\/ld+json\" class=\"yoast-schema-graph\">{\"@context\":\"https:\/\/schema.org\",\"@graph\":[{\"@type\":\"Article\",\"@id\":\"https:\/\/www.fundaciobarcelonaolimpica.es\/es\/inaugurada-la-exposicion-del-premio-internacional-fundacio-barcelona-olimpica-%c2%b7-arte-sobre-papel\/#article\",\"isPartOf\":{\"@id\":\"https:\/\/www.fundaciobarcelonaolimpica.es\/es\/inaugurada-la-exposicion-del-premio-internacional-fundacio-barcelona-olimpica-%c2%b7-arte-sobre-papel\/\"},\"author\":{\"name\":\"useradmin\",\"@id\":\"https:\/\/www.fundaciobarcelonaolimpica.es\/ca\/#\/schema\/person\/d05705664e87aa04c6ce53d48133fb39\"},\"headline\":\"Inaugurada la exposici\u00f3n del premio Internacional Fundaci\u00f3 Barcelona Ol\u00edmpica \u00b7 Arte sobre papel\",\"datePublished\":\"2013-09-15T22:00:00+00:00\",\"dateModified\":\"2013-09-15T22:00:00+00:00\",\"mainEntityOfPage\":{\"@id\":\"https:\/\/www.fundaciobarcelonaolimpica.es\/es\/inaugurada-la-exposicion-del-premio-internacional-fundacio-barcelona-olimpica-%c2%b7-arte-sobre-papel\/\"},\"wordCount\":89,\"commentCount\":6,\"publisher\":{\"@id\":\"https:\/\/www.fundaciobarcelonaolimpica.es\/ca\/#organization\"},\"articleSection\":[\"Sin categorizar\"],\"inLanguage\":\"es\",\"potentialAction\":[{\"@type\":\"CommentAction\",\"name\":\"Comment\",\"target\":[\"https:\/\/www.fundaciobarcelonaolimpica.es\/es\/inaugurada-la-exposicion-del-premio-internacional-fundacio-barcelona-olimpica-%c2%b7-arte-sobre-papel\/#respond\"]}]},{\"@type\":\"WebPage\",\"@id\":\"https:\/\/www.fundaciobarcelonaolimpica.es\/es\/inaugurada-la-exposicion-del-premio-internacional-fundacio-barcelona-olimpica-%c2%b7-arte-sobre-papel\/\",\"url\":\"https:\/\/www.fundaciobarcelonaolimpica.es\/es\/inaugurada-la-exposicion-del-premio-internacional-fundacio-barcelona-olimpica-%c2%b7-arte-sobre-papel\/\",\"name\":\"Inaugurada la exposici\u00f3n del premio Internacional Fundaci\u00f3 Barcelona Ol\u00edmpica \u00b7 Arte sobre papel - Fundaci\u00f3 Barcelona Ol\u00edmpica\",\"isPartOf\":{\"@id\":\"https:\/\/www.fundaciobarcelonaolimpica.es\/ca\/#website\"},\"datePublished\":\"2013-09-15T22:00:00+00:00\",\"dateModified\":\"2013-09-15T22:00:00+00:00\",\"breadcrumb\":{\"@id\":\"https:\/\/www.fundaciobarcelonaolimpica.es\/es\/inaugurada-la-exposicion-del-premio-internacional-fundacio-barcelona-olimpica-%c2%b7-arte-sobre-papel\/#breadcrumb\"},\"inLanguage\":\"es\",\"potentialAction\":[{\"@type\":\"ReadAction\",\"target\":[\"https:\/\/www.fundaciobarcelonaolimpica.es\/es\/inaugurada-la-exposicion-del-premio-internacional-fundacio-barcelona-olimpica-%c2%b7-arte-sobre-papel\/\"]}]},{\"@type\":\"BreadcrumbList\",\"@id\":\"https:\/\/www.fundaciobarcelonaolimpica.es\/es\/inaugurada-la-exposicion-del-premio-internacional-fundacio-barcelona-olimpica-%c2%b7-arte-sobre-papel\/#breadcrumb\",\"itemListElement\":[{\"@type\":\"ListItem\",\"position\":1,\"name\":\"FBO\",\"item\":\"https:\/\/www.fundaciobarcelonaolimpica.es\/es\/\"},{\"@type\":\"ListItem\",\"position\":2,\"name\":\"Inaugurada la exposici\u00f3n del premio Internacional Fundaci\u00f3 Barcelona Ol\u00edmpica \u00b7 Arte sobre papel\"}]},{\"@type\":\"WebSite\",\"@id\":\"https:\/\/www.fundaciobarcelonaolimpica.es\/ca\/#website\",\"url\":\"https:\/\/www.fundaciobarcelonaolimpica.es\/ca\/\",\"name\":\"Fundaci\u00f3 Barcelona Ol\u00edmpica\",\"description\":\"Web del Museu Ol\u00edmpic i de l&#039;Esport\",\"publisher\":{\"@id\":\"https:\/\/www.fundaciobarcelonaolimpica.es\/ca\/#organization\"},\"potentialAction\":[{\"@type\":\"SearchAction\",\"target\":{\"@type\":\"EntryPoint\",\"urlTemplate\":\"https:\/\/www.fundaciobarcelonaolimpica.es\/ca\/?s={search_term_string}\"},\"query-input\":{\"@type\":\"PropertyValueSpecification\",\"valueRequired\":true,\"valueName\":\"search_term_string\"}}],\"inLanguage\":\"es\"},{\"@type\":\"Organization\",\"@id\":\"https:\/\/www.fundaciobarcelonaolimpica.es\/ca\/#organization\",\"name\":\"Fundaci\u00f3 Barcelona Ol\u00edmpica\",\"url\":\"https:\/\/www.fundaciobarcelonaolimpica.es\/ca\/\",\"logo\":{\"@type\":\"ImageObject\",\"inLanguage\":\"es\",\"@id\":\"https:\/\/www.fundaciobarcelonaolimpica.es\/ca\/#\/schema\/logo\/image\/\",\"url\":\"https:\/\/www.fundaciobarcelonaolimpica.es\/wp-content\/uploads\/sites\/3\/2019\/02\/logo-fundacio.svg\",\"contentUrl\":\"https:\/\/www.fundaciobarcelonaolimpica.es\/wp-content\/uploads\/sites\/3\/2019\/02\/logo-fundacio.svg\",\"caption\":\"Fundaci\u00f3 Barcelona Ol\u00edmpica\"},\"image\":{\"@id\":\"https:\/\/www.fundaciobarcelonaolimpica.es\/ca\/#\/schema\/logo\/image\/\"}},{\"@type\":\"Person\",\"@id\":\"https:\/\/www.fundaciobarcelonaolimpica.es\/ca\/#\/schema\/person\/d05705664e87aa04c6ce53d48133fb39\",\"name\":\"useradmin\",\"url\":\"https:\/\/www.fundaciobarcelonaolimpica.es\/es\/author\/useradmin\/\"}]}<\/script>\n<!-- \/ Yoast SEO plugin. -->","yoast_head_json":{"title":"Inaugurada la exposici\u00f3n del premio Internacional Fundaci\u00f3 Barcelona Ol\u00edmpica \u00b7 Arte sobre papel - Fundaci\u00f3 Barcelona Ol\u00edmpica","robots":{"index":"index","follow":"follow","max-snippet":"max-snippet:-1","max-image-preview":"max-image-preview:large","max-video-preview":"max-video-preview:-1"},"canonical":"https:\/\/www.fundaciobarcelonaolimpica.es\/es\/inaugurada-la-exposicion-del-premio-internacional-fundacio-barcelona-olimpica-\u00b7-arte-sobre-papel\/","og_locale":"es_ES","og_type":"article","og_title":"Inaugurada la exposici\u00f3n del premio Internacional Fundaci\u00f3 Barcelona Ol\u00edmpica \u00b7 Arte sobre papel - Fundaci\u00f3 Barcelona Ol\u00edmpica","og_description":"La firme apuesta de la Fundaci&oacute; Barcelona Ol&iacute;mpica por ilustrar que el v&iacute;nculo entre arte y deporte sigue m&aacute;s vigente que nunca, se demuestra, de nuevo, en el crecimiento cuantitativo y cualitativo de esta cuarta convocatoria.","og_url":"https:\/\/www.fundaciobarcelonaolimpica.es\/es\/inaugurada-la-exposicion-del-premio-internacional-fundacio-barcelona-olimpica-\u00b7-arte-sobre-papel\/","og_site_name":"Fundaci\u00f3 Barcelona Ol\u00edmpica","article_published_time":"2013-09-15T22:00:00+00:00","author":"useradmin","twitter_card":"summary_large_image","twitter_misc":{"Escrito por":"useradmin"},"schema":{"@context":"https:\/\/schema.org","@graph":[{"@type":"Article","@id":"https:\/\/www.fundaciobarcelonaolimpica.es\/es\/inaugurada-la-exposicion-del-premio-internacional-fundacio-barcelona-olimpica-%c2%b7-arte-sobre-papel\/#article","isPartOf":{"@id":"https:\/\/www.fundaciobarcelonaolimpica.es\/es\/inaugurada-la-exposicion-del-premio-internacional-fundacio-barcelona-olimpica-%c2%b7-arte-sobre-papel\/"},"author":{"name":"useradmin","@id":"https:\/\/www.fundaciobarcelonaolimpica.es\/ca\/#\/schema\/person\/d05705664e87aa04c6ce53d48133fb39"},"headline":"Inaugurada la exposici\u00f3n del premio Internacional Fundaci\u00f3 Barcelona Ol\u00edmpica \u00b7 Arte sobre papel","datePublished":"2013-09-15T22:00:00+00:00","dateModified":"2013-09-15T22:00:00+00:00","mainEntityOfPage":{"@id":"https:\/\/www.fundaciobarcelonaolimpica.es\/es\/inaugurada-la-exposicion-del-premio-internacional-fundacio-barcelona-olimpica-%c2%b7-arte-sobre-papel\/"},"wordCount":89,"commentCount":6,"publisher":{"@id":"https:\/\/www.fundaciobarcelonaolimpica.es\/ca\/#organization"},"articleSection":["Sin categorizar"],"inLanguage":"es","potentialAction":[{"@type":"CommentAction","name":"Comment","target":["https:\/\/www.fundaciobarcelonaolimpica.es\/es\/inaugurada-la-exposicion-del-premio-internacional-fundacio-barcelona-olimpica-%c2%b7-arte-sobre-papel\/#respond"]}]},{"@type":"WebPage","@id":"https:\/\/www.fundaciobarcelonaolimpica.es\/es\/inaugurada-la-exposicion-del-premio-internacional-fundacio-barcelona-olimpica-%c2%b7-arte-sobre-papel\/","url":"https:\/\/www.fundaciobarcelonaolimpica.es\/es\/inaugurada-la-exposicion-del-premio-internacional-fundacio-barcelona-olimpica-%c2%b7-arte-sobre-papel\/","name":"Inaugurada la exposici\u00f3n del premio Internacional Fundaci\u00f3 Barcelona Ol\u00edmpica \u00b7 Arte sobre papel - Fundaci\u00f3 Barcelona Ol\u00edmpica","isPartOf":{"@id":"https:\/\/www.fundaciobarcelonaolimpica.es\/ca\/#website"},"datePublished":"2013-09-15T22:00:00+00:00","dateModified":"2013-09-15T22:00:00+00:00","breadcrumb":{"@id":"https:\/\/www.fundaciobarcelonaolimpica.es\/es\/inaugurada-la-exposicion-del-premio-internacional-fundacio-barcelona-olimpica-%c2%b7-arte-sobre-papel\/#breadcrumb"},"inLanguage":"es","potentialAction":[{"@type":"ReadAction","target":["https:\/\/www.fundaciobarcelonaolimpica.es\/es\/inaugurada-la-exposicion-del-premio-internacional-fundacio-barcelona-olimpica-%c2%b7-arte-sobre-papel\/"]}]},{"@type":"BreadcrumbList","@id":"https:\/\/www.fundaciobarcelonaolimpica.es\/es\/inaugurada-la-exposicion-del-premio-internacional-fundacio-barcelona-olimpica-%c2%b7-arte-sobre-papel\/#breadcrumb","itemListElement":[{"@type":"ListItem","position":1,"name":"FBO","item":"https:\/\/www.fundaciobarcelonaolimpica.es\/es\/"},{"@type":"ListItem","position":2,"name":"Inaugurada la exposici\u00f3n del premio Internacional Fundaci\u00f3 Barcelona Ol\u00edmpica \u00b7 Arte sobre papel"}]},{"@type":"WebSite","@id":"https:\/\/www.fundaciobarcelonaolimpica.es\/ca\/#website","url":"https:\/\/www.fundaciobarcelonaolimpica.es\/ca\/","name":"Fundaci\u00f3 Barcelona Ol\u00edmpica","description":"Web del Museu Ol\u00edmpic i de l&#039;Esport","publisher":{"@id":"https:\/\/www.fundaciobarcelonaolimpica.es\/ca\/#organization"},"potentialAction":[{"@type":"SearchAction","target":{"@type":"EntryPoint","urlTemplate":"https:\/\/www.fundaciobarcelonaolimpica.es\/ca\/?s={search_term_string}"},"query-input":{"@type":"PropertyValueSpecification","valueRequired":true,"valueName":"search_term_string"}}],"inLanguage":"es"},{"@type":"Organization","@id":"https:\/\/www.fundaciobarcelonaolimpica.es\/ca\/#organization","name":"Fundaci\u00f3 Barcelona Ol\u00edmpica","url":"https:\/\/www.fundaciobarcelonaolimpica.es\/ca\/","logo":{"@type":"ImageObject","inLanguage":"es","@id":"https:\/\/www.fundaciobarcelonaolimpica.es\/ca\/#\/schema\/logo\/image\/","url":"https:\/\/www.fundaciobarcelonaolimpica.es\/wp-content\/uploads\/sites\/3\/2019\/02\/logo-fundacio.svg","contentUrl":"https:\/\/www.fundaciobarcelonaolimpica.es\/wp-content\/uploads\/sites\/3\/2019\/02\/logo-fundacio.svg","caption":"Fundaci\u00f3 Barcelona Ol\u00edmpica"},"image":{"@id":"https:\/\/www.fundaciobarcelonaolimpica.es\/ca\/#\/schema\/logo\/image\/"}},{"@type":"Person","@id":"https:\/\/www.fundaciobarcelonaolimpica.es\/ca\/#\/schema\/person\/d05705664e87aa04c6ce53d48133fb39","name":"useradmin","url":"https:\/\/www.fundaciobarcelonaolimpica.es\/es\/author\/useradmin\/"}]}},"_links":{"self":[{"href":"https:\/\/www.fundaciobarcelonaolimpica.es\/es\/wp-json\/wp\/v2\/posts\/6816"}],"collection":[{"href":"https:\/\/www.fundaciobarcelonaolimpica.es\/es\/wp-json\/wp\/v2\/posts"}],"about":[{"href":"https:\/\/www.fundaciobarcelonaolimpica.es\/es\/wp-json\/wp\/v2\/types\/post"}],"author":[{"embeddable":true,"href":"https:\/\/www.fundaciobarcelonaolimpica.es\/es\/wp-json\/wp\/v2\/users\/1"}],"replies":[{"embeddable":true,"href":"https:\/\/www.fundaciobarcelonaolimpica.es\/es\/wp-json\/wp\/v2\/comments?post=6816"}],"version-history":[{"count":0,"href":"https:\/\/www.fundaciobarcelonaolimpica.es\/es\/wp-json\/wp\/v2\/posts\/6816\/revisions"}],"wp:attachment":[{"href":"https:\/\/www.fundaciobarcelonaolimpica.es\/es\/wp-json\/wp\/v2\/media?parent=6816"}],"wp:term":[{"taxonomy":"category","embeddable":true,"href":"https:\/\/www.fundaciobarcelonaolimpica.es\/es\/wp-json\/wp\/v2\/categories?post=6816"},{"taxonomy":"post_tag","embeddable":true,"href":"https:\/\/www.fundaciobarcelonaolimpica.es\/es\/wp-json\/wp\/v2\/tags?post=6816"}],"curies":[{"name":"wp","href":"https:\/\/api.w.org\/{rel}","templated":true}]}}