{"id":6823,"date":"2013-09-28T00:00:00","date_gmt":"2013-09-27T22:00:00","guid":{"rendered":"http:\/\/dev.fundaciobarcelonaolimpica.es\/el-28-de-setembre-la-resposta-a-lalzheimer-esta-en-la-musica-la-fundacio-pasqual-maragall-organiza-un-gran-concierto-en-el-palau-sant-jordi-contra-lalzheimer\/"},"modified":"2013-09-28T00:00:00","modified_gmt":"2013-09-27T22:00:00","slug":"el-28-de-setembre-la-resposta-a-lalzheimer-esta-en-la-musica-la-fundacio-pasqual-maragall-organiza-un-gran-concierto-en-el-palau-sant-jordi-contra-lalzheimer","status":"publish","type":"post","link":"https:\/\/www.fundaciobarcelonaolimpica.es\/es\/el-28-de-setembre-la-resposta-a-lalzheimer-esta-en-la-musica-la-fundacio-pasqual-maragall-organiza-un-gran-concierto-en-el-palau-sant-jordi-contra-lalzheimer\/","title":{"rendered":"&#8216;El 28 de setembre la resposta a l\u2019Alzheimer est\u00e0 en la m\u00fasica&#8217;. La Fundaci\u00f3 Pasqual Maragall Organiza un gran concierto, en el Palau Sant Jordi, contra l\u2019Alzheimer"},"content":{"rendered":"<p>Porque la lucha contra el Alzheimer es trabajo de todos no te puedes perder este concierto. Los beneficios obtenidos con la venta de entradas se destinar&aacute;n a los proyectos de investigaci&oacute;n que realiza la Fundaci&oacute; Pasqual Maragall para encontrar soluciones a esta enfermedad.<\/p>\n<p>Gracias por disfrutar y colaborar!!<\/p>\n<p>Venta de entradas:https:\/\/proticketing.com\/theproject\/es_ES\/entradas\/evento\/275<\/p>\n<p>http:\/\/www.ticketmaster.es\/nav\/es\/musica\/barcelona\/palau_sant_jordi_stjo\/concert_per_la_recerca_contra_l_alzheimer\/index.html<\/p>\n","protected":false},"excerpt":{"rendered":"<p>Artistas de la talla de Joan Manuel Serrat, Noa, Barbara Hendriks, S&iacute;lvia P&eacute;rez Cruz y Miguel Poveda ofrecer&aacute;n un recital &uacute;nico con base sinf&oacute;nica, con la Orquestra Simf&ograve;nica del Vall&egrave;s dirigida por Joan Albert Amarg&oacute;s y la direcci&oacute;n art&iacute;stica de Manuel Huerga, y donde la esencia de los Juegos Ol&iacute;mpicos de Barcelona 1992 tendr&aacute; su parte de protagonismo reviviendo momentos muy especiales.<\/p>\n<p>&nbsp;<\/p>\n","protected":false},"author":1,"featured_media":0,"comment_status":"open","ping_status":"open","sticky":false,"template":"","format":"standard","meta":{"_acf_changed":false,"footnotes":""},"categories":[1],"tags":[],"class_list":["post-6823","post","type-post","status-publish","format-standard","hentry","category-sin-categorizar"],"acf":[],"yoast_head":"<!-- This site is optimized with the Yoast SEO plugin v23.7 - https:\/\/yoast.com\/wordpress\/plugins\/seo\/ -->\n<title>&#039;El 28 de setembre la resposta a l\u2019Alzheimer est\u00e0 en la m\u00fasica&#039;. La Fundaci\u00f3 Pasqual Maragall Organiza un gran concierto, en el Palau Sant Jordi, contra l\u2019Alzheimer - Fundaci\u00f3 Barcelona Ol\u00edmpica<\/title>\n<meta name=\"robots\" content=\"index, follow, max-snippet:-1, max-image-preview:large, max-video-preview:-1\" \/>\n<link rel=\"canonical\" href=\"https:\/\/www.fundaciobarcelonaolimpica.es\/es\/el-28-de-setembre-la-resposta-a-lalzheimer-esta-en-la-musica-la-fundacio-pasqual-maragall-organiza-un-gran-concierto-en-el-palau-sant-jordi-contra-lalzheimer\/\" \/>\n<meta property=\"og:locale\" content=\"es_ES\" \/>\n<meta property=\"og:type\" content=\"article\" \/>\n<meta property=\"og:title\" content=\"&#039;El 28 de setembre la resposta a l\u2019Alzheimer est\u00e0 en la m\u00fasica&#039;. La Fundaci\u00f3 Pasqual Maragall Organiza un gran concierto, en el Palau Sant Jordi, contra l\u2019Alzheimer - Fundaci\u00f3 Barcelona Ol\u00edmpica\" \/>\n<meta property=\"og:description\" content=\"Artistas de la talla de Joan Manuel Serrat, Noa, Barbara Hendriks, S&iacute;lvia P&eacute;rez Cruz y Miguel Poveda ofrecer&aacute;n un recital &uacute;nico con base sinf&oacute;nica, con la Orquestra Simf&ograve;nica del Vall&egrave;s dirigida por Joan Albert Amarg&oacute;s y la direcci&oacute;n art&iacute;stica de Manuel Huerga, y donde la esencia de los Juegos Ol&iacute;mpicos de Barcelona 1992 tendr&aacute; su parte de protagonismo reviviendo momentos muy especiales. &nbsp;\" \/>\n<meta property=\"og:url\" content=\"https:\/\/www.fundaciobarcelonaolimpica.es\/es\/el-28-de-setembre-la-resposta-a-lalzheimer-esta-en-la-musica-la-fundacio-pasqual-maragall-organiza-un-gran-concierto-en-el-palau-sant-jordi-contra-lalzheimer\/\" \/>\n<meta property=\"og:site_name\" content=\"Fundaci\u00f3 Barcelona Ol\u00edmpica\" \/>\n<meta property=\"article:published_time\" content=\"2013-09-27T22:00:00+00:00\" \/>\n<meta name=\"author\" content=\"useradmin\" \/>\n<meta name=\"twitter:card\" content=\"summary_large_image\" \/>\n<meta name=\"twitter:label1\" content=\"Escrito por\" \/>\n\t<meta name=\"twitter:data1\" content=\"useradmin\" \/>\n<script type=\"application\/ld+json\" class=\"yoast-schema-graph\">{\"@context\":\"https:\/\/schema.org\",\"@graph\":[{\"@type\":\"Article\",\"@id\":\"https:\/\/www.fundaciobarcelonaolimpica.es\/es\/el-28-de-setembre-la-resposta-a-lalzheimer-esta-en-la-musica-la-fundacio-pasqual-maragall-organiza-un-gran-concierto-en-el-palau-sant-jordi-contra-lalzheimer\/#article\",\"isPartOf\":{\"@id\":\"https:\/\/www.fundaciobarcelonaolimpica.es\/es\/el-28-de-setembre-la-resposta-a-lalzheimer-esta-en-la-musica-la-fundacio-pasqual-maragall-organiza-un-gran-concierto-en-el-palau-sant-jordi-contra-lalzheimer\/\"},\"author\":{\"name\":\"useradmin\",\"@id\":\"https:\/\/www.fundaciobarcelonaolimpica.es\/ca\/#\/schema\/person\/d05705664e87aa04c6ce53d48133fb39\"},\"headline\":\"&#8216;El 28 de setembre la resposta a l\u2019Alzheimer est\u00e0 en la m\u00fasica&#8217;. La Fundaci\u00f3 Pasqual Maragall Organiza un gran concierto, en el Palau Sant Jordi, contra l\u2019Alzheimer\",\"datePublished\":\"2013-09-27T22:00:00+00:00\",\"dateModified\":\"2013-09-27T22:00:00+00:00\",\"mainEntityOfPage\":{\"@id\":\"https:\/\/www.fundaciobarcelonaolimpica.es\/es\/el-28-de-setembre-la-resposta-a-lalzheimer-esta-en-la-musica-la-fundacio-pasqual-maragall-organiza-un-gran-concierto-en-el-palau-sant-jordi-contra-lalzheimer\/\"},\"wordCount\":114,\"commentCount\":7,\"publisher\":{\"@id\":\"https:\/\/www.fundaciobarcelonaolimpica.es\/ca\/#organization\"},\"articleSection\":[\"Sin categorizar\"],\"inLanguage\":\"es\",\"potentialAction\":[{\"@type\":\"CommentAction\",\"name\":\"Comment\",\"target\":[\"https:\/\/www.fundaciobarcelonaolimpica.es\/es\/el-28-de-setembre-la-resposta-a-lalzheimer-esta-en-la-musica-la-fundacio-pasqual-maragall-organiza-un-gran-concierto-en-el-palau-sant-jordi-contra-lalzheimer\/#respond\"]}]},{\"@type\":\"WebPage\",\"@id\":\"https:\/\/www.fundaciobarcelonaolimpica.es\/es\/el-28-de-setembre-la-resposta-a-lalzheimer-esta-en-la-musica-la-fundacio-pasqual-maragall-organiza-un-gran-concierto-en-el-palau-sant-jordi-contra-lalzheimer\/\",\"url\":\"https:\/\/www.fundaciobarcelonaolimpica.es\/es\/el-28-de-setembre-la-resposta-a-lalzheimer-esta-en-la-musica-la-fundacio-pasqual-maragall-organiza-un-gran-concierto-en-el-palau-sant-jordi-contra-lalzheimer\/\",\"name\":\"'El 28 de setembre la resposta a l\u2019Alzheimer est\u00e0 en la m\u00fasica'. La Fundaci\u00f3 Pasqual Maragall Organiza un gran concierto, en el Palau Sant Jordi, contra l\u2019Alzheimer - Fundaci\u00f3 Barcelona Ol\u00edmpica\",\"isPartOf\":{\"@id\":\"https:\/\/www.fundaciobarcelonaolimpica.es\/ca\/#website\"},\"datePublished\":\"2013-09-27T22:00:00+00:00\",\"dateModified\":\"2013-09-27T22:00:00+00:00\",\"breadcrumb\":{\"@id\":\"https:\/\/www.fundaciobarcelonaolimpica.es\/es\/el-28-de-setembre-la-resposta-a-lalzheimer-esta-en-la-musica-la-fundacio-pasqual-maragall-organiza-un-gran-concierto-en-el-palau-sant-jordi-contra-lalzheimer\/#breadcrumb\"},\"inLanguage\":\"es\",\"potentialAction\":[{\"@type\":\"ReadAction\",\"target\":[\"https:\/\/www.fundaciobarcelonaolimpica.es\/es\/el-28-de-setembre-la-resposta-a-lalzheimer-esta-en-la-musica-la-fundacio-pasqual-maragall-organiza-un-gran-concierto-en-el-palau-sant-jordi-contra-lalzheimer\/\"]}]},{\"@type\":\"BreadcrumbList\",\"@id\":\"https:\/\/www.fundaciobarcelonaolimpica.es\/es\/el-28-de-setembre-la-resposta-a-lalzheimer-esta-en-la-musica-la-fundacio-pasqual-maragall-organiza-un-gran-concierto-en-el-palau-sant-jordi-contra-lalzheimer\/#breadcrumb\",\"itemListElement\":[{\"@type\":\"ListItem\",\"position\":1,\"name\":\"FBO\",\"item\":\"https:\/\/www.fundaciobarcelonaolimpica.es\/es\/\"},{\"@type\":\"ListItem\",\"position\":2,\"name\":\"&#8216;El 28 de setembre la resposta a l\u2019Alzheimer est\u00e0 en la m\u00fasica&#8217;. La Fundaci\u00f3 Pasqual Maragall Organiza un gran concierto, en el Palau Sant Jordi, contra l\u2019Alzheimer\"}]},{\"@type\":\"WebSite\",\"@id\":\"https:\/\/www.fundaciobarcelonaolimpica.es\/ca\/#website\",\"url\":\"https:\/\/www.fundaciobarcelonaolimpica.es\/ca\/\",\"name\":\"Fundaci\u00f3 Barcelona Ol\u00edmpica\",\"description\":\"Web del Museu Ol\u00edmpic i de l&#039;Esport\",\"publisher\":{\"@id\":\"https:\/\/www.fundaciobarcelonaolimpica.es\/ca\/#organization\"},\"potentialAction\":[{\"@type\":\"SearchAction\",\"target\":{\"@type\":\"EntryPoint\",\"urlTemplate\":\"https:\/\/www.fundaciobarcelonaolimpica.es\/ca\/?s={search_term_string}\"},\"query-input\":{\"@type\":\"PropertyValueSpecification\",\"valueRequired\":true,\"valueName\":\"search_term_string\"}}],\"inLanguage\":\"es\"},{\"@type\":\"Organization\",\"@id\":\"https:\/\/www.fundaciobarcelonaolimpica.es\/ca\/#organization\",\"name\":\"Fundaci\u00f3 Barcelona Ol\u00edmpica\",\"url\":\"https:\/\/www.fundaciobarcelonaolimpica.es\/ca\/\",\"logo\":{\"@type\":\"ImageObject\",\"inLanguage\":\"es\",\"@id\":\"https:\/\/www.fundaciobarcelonaolimpica.es\/ca\/#\/schema\/logo\/image\/\",\"url\":\"https:\/\/www.fundaciobarcelonaolimpica.es\/wp-content\/uploads\/sites\/3\/2019\/02\/logo-fundacio.svg\",\"contentUrl\":\"https:\/\/www.fundaciobarcelonaolimpica.es\/wp-content\/uploads\/sites\/3\/2019\/02\/logo-fundacio.svg\",\"caption\":\"Fundaci\u00f3 Barcelona Ol\u00edmpica\"},\"image\":{\"@id\":\"https:\/\/www.fundaciobarcelonaolimpica.es\/ca\/#\/schema\/logo\/image\/\"}},{\"@type\":\"Person\",\"@id\":\"https:\/\/www.fundaciobarcelonaolimpica.es\/ca\/#\/schema\/person\/d05705664e87aa04c6ce53d48133fb39\",\"name\":\"useradmin\",\"url\":\"https:\/\/www.fundaciobarcelonaolimpica.es\/es\/author\/useradmin\/\"}]}<\/script>\n<!-- \/ Yoast SEO plugin. -->","yoast_head_json":{"title":"'El 28 de setembre la resposta a l\u2019Alzheimer est\u00e0 en la m\u00fasica'. La Fundaci\u00f3 Pasqual Maragall Organiza un gran concierto, en el Palau Sant Jordi, contra l\u2019Alzheimer - Fundaci\u00f3 Barcelona Ol\u00edmpica","robots":{"index":"index","follow":"follow","max-snippet":"max-snippet:-1","max-image-preview":"max-image-preview:large","max-video-preview":"max-video-preview:-1"},"canonical":"https:\/\/www.fundaciobarcelonaolimpica.es\/es\/el-28-de-setembre-la-resposta-a-lalzheimer-esta-en-la-musica-la-fundacio-pasqual-maragall-organiza-un-gran-concierto-en-el-palau-sant-jordi-contra-lalzheimer\/","og_locale":"es_ES","og_type":"article","og_title":"'El 28 de setembre la resposta a l\u2019Alzheimer est\u00e0 en la m\u00fasica'. La Fundaci\u00f3 Pasqual Maragall Organiza un gran concierto, en el Palau Sant Jordi, contra l\u2019Alzheimer - Fundaci\u00f3 Barcelona Ol\u00edmpica","og_description":"Artistas de la talla de Joan Manuel Serrat, Noa, Barbara Hendriks, S&iacute;lvia P&eacute;rez Cruz y Miguel Poveda ofrecer&aacute;n un recital &uacute;nico con base sinf&oacute;nica, con la Orquestra Simf&ograve;nica del Vall&egrave;s dirigida por Joan Albert Amarg&oacute;s y la direcci&oacute;n art&iacute;stica de Manuel Huerga, y donde la esencia de los Juegos Ol&iacute;mpicos de Barcelona 1992 tendr&aacute; su parte de protagonismo reviviendo momentos muy especiales. &nbsp;","og_url":"https:\/\/www.fundaciobarcelonaolimpica.es\/es\/el-28-de-setembre-la-resposta-a-lalzheimer-esta-en-la-musica-la-fundacio-pasqual-maragall-organiza-un-gran-concierto-en-el-palau-sant-jordi-contra-lalzheimer\/","og_site_name":"Fundaci\u00f3 Barcelona Ol\u00edmpica","article_published_time":"2013-09-27T22:00:00+00:00","author":"useradmin","twitter_card":"summary_large_image","twitter_misc":{"Escrito por":"useradmin"},"schema":{"@context":"https:\/\/schema.org","@graph":[{"@type":"Article","@id":"https:\/\/www.fundaciobarcelonaolimpica.es\/es\/el-28-de-setembre-la-resposta-a-lalzheimer-esta-en-la-musica-la-fundacio-pasqual-maragall-organiza-un-gran-concierto-en-el-palau-sant-jordi-contra-lalzheimer\/#article","isPartOf":{"@id":"https:\/\/www.fundaciobarcelonaolimpica.es\/es\/el-28-de-setembre-la-resposta-a-lalzheimer-esta-en-la-musica-la-fundacio-pasqual-maragall-organiza-un-gran-concierto-en-el-palau-sant-jordi-contra-lalzheimer\/"},"author":{"name":"useradmin","@id":"https:\/\/www.fundaciobarcelonaolimpica.es\/ca\/#\/schema\/person\/d05705664e87aa04c6ce53d48133fb39"},"headline":"&#8216;El 28 de setembre la resposta a l\u2019Alzheimer est\u00e0 en la m\u00fasica&#8217;. La Fundaci\u00f3 Pasqual Maragall Organiza un gran concierto, en el Palau Sant Jordi, contra l\u2019Alzheimer","datePublished":"2013-09-27T22:00:00+00:00","dateModified":"2013-09-27T22:00:00+00:00","mainEntityOfPage":{"@id":"https:\/\/www.fundaciobarcelonaolimpica.es\/es\/el-28-de-setembre-la-resposta-a-lalzheimer-esta-en-la-musica-la-fundacio-pasqual-maragall-organiza-un-gran-concierto-en-el-palau-sant-jordi-contra-lalzheimer\/"},"wordCount":114,"commentCount":7,"publisher":{"@id":"https:\/\/www.fundaciobarcelonaolimpica.es\/ca\/#organization"},"articleSection":["Sin categorizar"],"inLanguage":"es","potentialAction":[{"@type":"CommentAction","name":"Comment","target":["https:\/\/www.fundaciobarcelonaolimpica.es\/es\/el-28-de-setembre-la-resposta-a-lalzheimer-esta-en-la-musica-la-fundacio-pasqual-maragall-organiza-un-gran-concierto-en-el-palau-sant-jordi-contra-lalzheimer\/#respond"]}]},{"@type":"WebPage","@id":"https:\/\/www.fundaciobarcelonaolimpica.es\/es\/el-28-de-setembre-la-resposta-a-lalzheimer-esta-en-la-musica-la-fundacio-pasqual-maragall-organiza-un-gran-concierto-en-el-palau-sant-jordi-contra-lalzheimer\/","url":"https:\/\/www.fundaciobarcelonaolimpica.es\/es\/el-28-de-setembre-la-resposta-a-lalzheimer-esta-en-la-musica-la-fundacio-pasqual-maragall-organiza-un-gran-concierto-en-el-palau-sant-jordi-contra-lalzheimer\/","name":"'El 28 de setembre la resposta a l\u2019Alzheimer est\u00e0 en la m\u00fasica'. La Fundaci\u00f3 Pasqual Maragall Organiza un gran concierto, en el Palau Sant Jordi, contra l\u2019Alzheimer - Fundaci\u00f3 Barcelona Ol\u00edmpica","isPartOf":{"@id":"https:\/\/www.fundaciobarcelonaolimpica.es\/ca\/#website"},"datePublished":"2013-09-27T22:00:00+00:00","dateModified":"2013-09-27T22:00:00+00:00","breadcrumb":{"@id":"https:\/\/www.fundaciobarcelonaolimpica.es\/es\/el-28-de-setembre-la-resposta-a-lalzheimer-esta-en-la-musica-la-fundacio-pasqual-maragall-organiza-un-gran-concierto-en-el-palau-sant-jordi-contra-lalzheimer\/#breadcrumb"},"inLanguage":"es","potentialAction":[{"@type":"ReadAction","target":["https:\/\/www.fundaciobarcelonaolimpica.es\/es\/el-28-de-setembre-la-resposta-a-lalzheimer-esta-en-la-musica-la-fundacio-pasqual-maragall-organiza-un-gran-concierto-en-el-palau-sant-jordi-contra-lalzheimer\/"]}]},{"@type":"BreadcrumbList","@id":"https:\/\/www.fundaciobarcelonaolimpica.es\/es\/el-28-de-setembre-la-resposta-a-lalzheimer-esta-en-la-musica-la-fundacio-pasqual-maragall-organiza-un-gran-concierto-en-el-palau-sant-jordi-contra-lalzheimer\/#breadcrumb","itemListElement":[{"@type":"ListItem","position":1,"name":"FBO","item":"https:\/\/www.fundaciobarcelonaolimpica.es\/es\/"},{"@type":"ListItem","position":2,"name":"&#8216;El 28 de setembre la resposta a l\u2019Alzheimer est\u00e0 en la m\u00fasica&#8217;. La Fundaci\u00f3 Pasqual Maragall Organiza un gran concierto, en el Palau Sant Jordi, contra l\u2019Alzheimer"}]},{"@type":"WebSite","@id":"https:\/\/www.fundaciobarcelonaolimpica.es\/ca\/#website","url":"https:\/\/www.fundaciobarcelonaolimpica.es\/ca\/","name":"Fundaci\u00f3 Barcelona Ol\u00edmpica","description":"Web del Museu Ol\u00edmpic i de l&#039;Esport","publisher":{"@id":"https:\/\/www.fundaciobarcelonaolimpica.es\/ca\/#organization"},"potentialAction":[{"@type":"SearchAction","target":{"@type":"EntryPoint","urlTemplate":"https:\/\/www.fundaciobarcelonaolimpica.es\/ca\/?s={search_term_string}"},"query-input":{"@type":"PropertyValueSpecification","valueRequired":true,"valueName":"search_term_string"}}],"inLanguage":"es"},{"@type":"Organization","@id":"https:\/\/www.fundaciobarcelonaolimpica.es\/ca\/#organization","name":"Fundaci\u00f3 Barcelona Ol\u00edmpica","url":"https:\/\/www.fundaciobarcelonaolimpica.es\/ca\/","logo":{"@type":"ImageObject","inLanguage":"es","@id":"https:\/\/www.fundaciobarcelonaolimpica.es\/ca\/#\/schema\/logo\/image\/","url":"https:\/\/www.fundaciobarcelonaolimpica.es\/wp-content\/uploads\/sites\/3\/2019\/02\/logo-fundacio.svg","contentUrl":"https:\/\/www.fundaciobarcelonaolimpica.es\/wp-content\/uploads\/sites\/3\/2019\/02\/logo-fundacio.svg","caption":"Fundaci\u00f3 Barcelona Ol\u00edmpica"},"image":{"@id":"https:\/\/www.fundaciobarcelonaolimpica.es\/ca\/#\/schema\/logo\/image\/"}},{"@type":"Person","@id":"https:\/\/www.fundaciobarcelonaolimpica.es\/ca\/#\/schema\/person\/d05705664e87aa04c6ce53d48133fb39","name":"useradmin","url":"https:\/\/www.fundaciobarcelonaolimpica.es\/es\/author\/useradmin\/"}]}},"_links":{"self":[{"href":"https:\/\/www.fundaciobarcelonaolimpica.es\/es\/wp-json\/wp\/v2\/posts\/6823"}],"collection":[{"href":"https:\/\/www.fundaciobarcelonaolimpica.es\/es\/wp-json\/wp\/v2\/posts"}],"about":[{"href":"https:\/\/www.fundaciobarcelonaolimpica.es\/es\/wp-json\/wp\/v2\/types\/post"}],"author":[{"embeddable":true,"href":"https:\/\/www.fundaciobarcelonaolimpica.es\/es\/wp-json\/wp\/v2\/users\/1"}],"replies":[{"embeddable":true,"href":"https:\/\/www.fundaciobarcelonaolimpica.es\/es\/wp-json\/wp\/v2\/comments?post=6823"}],"version-history":[{"count":0,"href":"https:\/\/www.fundaciobarcelonaolimpica.es\/es\/wp-json\/wp\/v2\/posts\/6823\/revisions"}],"wp:attachment":[{"href":"https:\/\/www.fundaciobarcelonaolimpica.es\/es\/wp-json\/wp\/v2\/media?parent=6823"}],"wp:term":[{"taxonomy":"category","embeddable":true,"href":"https:\/\/www.fundaciobarcelonaolimpica.es\/es\/wp-json\/wp\/v2\/categories?post=6823"},{"taxonomy":"post_tag","embeddable":true,"href":"https:\/\/www.fundaciobarcelonaolimpica.es\/es\/wp-json\/wp\/v2\/tags?post=6823"}],"curies":[{"name":"wp","href":"https:\/\/api.w.org\/{rel}","templated":true}]}}