{"id":6917,"date":"2013-10-17T00:00:00","date_gmt":"2013-10-16T22:00:00","guid":{"rendered":"http:\/\/dev.fundaciobarcelonaolimpica.es\/j-m-gay-de-liebana-julia-bosch-i-joan-anton-camunas-ponentes-de-excepcion-en-la-primera-jornada-del-forum-olimpic-sobre-economia-y-deporte\/"},"modified":"2019-07-16T15:54:13","modified_gmt":"2019-07-16T13:54:13","slug":"j-m-gay-de-liebana-julia-bosch-i-joan-anton-camunas-ponentes-de-excepcion-en-la-primera-jornada-del-forum-olimpic-sobre-economia-y-deporte","status":"publish","type":"post","link":"https:\/\/www.fundaciobarcelonaolimpica.es\/es\/j-m-gay-de-liebana-julia-bosch-i-joan-anton-camunas-ponentes-de-excepcion-en-la-primera-jornada-del-forum-olimpic-sobre-economia-y-deporte\/","title":{"rendered":"J.M. Gay de Li\u00e9bana, J\u00falia Bosch i Joan Anton Camu\u00f1as, ponentes de excepci\u00f3n en la primera jornada del F\u00f2rum Ol\u00edmpic sobre econom\u00eda y deporte"},"content":{"rendered":"<p>Una jornada matinal muy interesante, moderada por el periodista deportivo Joan Manuel Surroca, respaldada por un gran aforo entre los que se encontraban personalidades del mundo de la empresa privada, el sector p\u00fablico, la pol\u00edtica y deportistas.<\/p>\n<p>Sesi\u00f3n de tarde: Mesas redondas moderadas por Marta Carranza del Institut Barcelona Esport<\/p>\n<p>Mesa Redonda 1: Dinamitzaci\u00f3n de la economia &#8211;\u00a0Ponentes: Xavier Triad\u00f3, Xavier Esteve, Jordi Vi\u00f1as y Xavier P\u00e9rez<\/p>\n<p>Mesa Redonda\u00a02: Generaci\u00f3n de Ocupaci\u00f3n &#8211; Andreu Camps, Joan Porcar Daniel Laga y Carles Meilan<\/p>\n","protected":false},"excerpt":{"rendered":"<p>El acto inaugural ha estado presidido por Xavier Amador, director de relacions institucionals de l&rsquo;&agrave;rea de Qualitat de vida, Igualtat i Esport; David Moner, presidente de la Uni&oacute; de Federacions Catalanes (UFEC); Gerard Figueras, director del Consell Catal&agrave; d&rsquo;Esport i Josep Salom, representante de la Diputaci&oacute; de Barcelona.<\/p>\n<p>&nbsp;<\/p>\n","protected":false},"author":1,"featured_media":6930,"comment_status":"open","ping_status":"open","sticky":false,"template":"","format":"standard","meta":{"_acf_changed":false,"footnotes":""},"categories":[1],"tags":[],"class_list":["post-6917","post","type-post","status-publish","format-standard","has-post-thumbnail","hentry","category-sin-categorizar"],"acf":[],"yoast_head":"<!-- This site is optimized with the Yoast SEO plugin v23.7 - https:\/\/yoast.com\/wordpress\/plugins\/seo\/ -->\n<title>J.M. Gay de Li\u00e9bana, J\u00falia Bosch i Joan Anton Camu\u00f1as, ponentes de excepci\u00f3n en la primera jornada del F\u00f2rum Ol\u00edmpic sobre econom\u00eda y deporte - Fundaci\u00f3 Barcelona Ol\u00edmpica<\/title>\n<meta name=\"robots\" content=\"index, follow, max-snippet:-1, max-image-preview:large, max-video-preview:-1\" \/>\n<link rel=\"canonical\" href=\"https:\/\/www.fundaciobarcelonaolimpica.es\/es\/j-m-gay-de-liebana-julia-bosch-i-joan-anton-camunas-ponentes-de-excepcion-en-la-primera-jornada-del-forum-olimpic-sobre-economia-y-deporte\/\" \/>\n<meta property=\"og:locale\" content=\"es_ES\" \/>\n<meta property=\"og:type\" content=\"article\" \/>\n<meta property=\"og:title\" content=\"J.M. Gay de Li\u00e9bana, J\u00falia Bosch i Joan Anton Camu\u00f1as, ponentes de excepci\u00f3n en la primera jornada del F\u00f2rum Ol\u00edmpic sobre econom\u00eda y deporte - Fundaci\u00f3 Barcelona Ol\u00edmpica\" \/>\n<meta property=\"og:description\" content=\"El acto inaugural ha estado presidido por Xavier Amador, director de relacions institucionals de l&rsquo;&agrave;rea de Qualitat de vida, Igualtat i Esport; David Moner, presidente de la Uni&oacute; de Federacions Catalanes (UFEC); Gerard Figueras, director del Consell Catal&agrave; d&rsquo;Esport i Josep Salom, representante de la Diputaci&oacute; de Barcelona. &nbsp;\" \/>\n<meta property=\"og:url\" content=\"https:\/\/www.fundaciobarcelonaolimpica.es\/es\/j-m-gay-de-liebana-julia-bosch-i-joan-anton-camunas-ponentes-de-excepcion-en-la-primera-jornada-del-forum-olimpic-sobre-economia-y-deporte\/\" \/>\n<meta property=\"og:site_name\" content=\"Fundaci\u00f3 Barcelona Ol\u00edmpica\" \/>\n<meta property=\"article:published_time\" content=\"2013-10-16T22:00:00+00:00\" \/>\n<meta property=\"article:modified_time\" content=\"2019-07-16T13:54:13+00:00\" \/>\n<meta property=\"og:image\" content=\"https:\/\/www.fundaciobarcelonaolimpica.es\/wp-content\/uploads\/sites\/3\/2019\/03\/FORUM_OLIMPIC_S1_LIEBANA_SURRO.jpg\" \/>\n\t<meta property=\"og:image:width\" content=\"3888\" \/>\n\t<meta property=\"og:image:height\" content=\"2592\" \/>\n\t<meta property=\"og:image:type\" content=\"image\/jpeg\" \/>\n<meta name=\"author\" content=\"useradmin\" \/>\n<meta name=\"twitter:card\" content=\"summary_large_image\" \/>\n<meta name=\"twitter:label1\" content=\"Escrito por\" \/>\n\t<meta name=\"twitter:data1\" content=\"useradmin\" \/>\n<script type=\"application\/ld+json\" class=\"yoast-schema-graph\">{\"@context\":\"https:\/\/schema.org\",\"@graph\":[{\"@type\":\"Article\",\"@id\":\"https:\/\/www.fundaciobarcelonaolimpica.es\/es\/j-m-gay-de-liebana-julia-bosch-i-joan-anton-camunas-ponentes-de-excepcion-en-la-primera-jornada-del-forum-olimpic-sobre-economia-y-deporte\/#article\",\"isPartOf\":{\"@id\":\"https:\/\/www.fundaciobarcelonaolimpica.es\/es\/j-m-gay-de-liebana-julia-bosch-i-joan-anton-camunas-ponentes-de-excepcion-en-la-primera-jornada-del-forum-olimpic-sobre-economia-y-deporte\/\"},\"author\":{\"name\":\"useradmin\",\"@id\":\"https:\/\/www.fundaciobarcelonaolimpica.es\/ca\/#\/schema\/person\/d05705664e87aa04c6ce53d48133fb39\"},\"headline\":\"J.M. Gay de Li\u00e9bana, J\u00falia Bosch i Joan Anton Camu\u00f1as, ponentes de excepci\u00f3n en la primera jornada del F\u00f2rum Ol\u00edmpic sobre econom\u00eda y deporte\",\"datePublished\":\"2013-10-16T22:00:00+00:00\",\"dateModified\":\"2019-07-16T13:54:13+00:00\",\"mainEntityOfPage\":{\"@id\":\"https:\/\/www.fundaciobarcelonaolimpica.es\/es\/j-m-gay-de-liebana-julia-bosch-i-joan-anton-camunas-ponentes-de-excepcion-en-la-primera-jornada-del-forum-olimpic-sobre-economia-y-deporte\/\"},\"wordCount\":122,\"commentCount\":15,\"publisher\":{\"@id\":\"https:\/\/www.fundaciobarcelonaolimpica.es\/ca\/#organization\"},\"image\":{\"@id\":\"https:\/\/www.fundaciobarcelonaolimpica.es\/es\/j-m-gay-de-liebana-julia-bosch-i-joan-anton-camunas-ponentes-de-excepcion-en-la-primera-jornada-del-forum-olimpic-sobre-economia-y-deporte\/#primaryimage\"},\"thumbnailUrl\":\"https:\/\/www.fundaciobarcelonaolimpica.es\/wp-content\/uploads\/sites\/3\/2019\/03\/FORUM_OLIMPIC_S1_LIEBANA_SURRO.jpg\",\"articleSection\":[\"Sin categorizar\"],\"inLanguage\":\"es\",\"potentialAction\":[{\"@type\":\"CommentAction\",\"name\":\"Comment\",\"target\":[\"https:\/\/www.fundaciobarcelonaolimpica.es\/es\/j-m-gay-de-liebana-julia-bosch-i-joan-anton-camunas-ponentes-de-excepcion-en-la-primera-jornada-del-forum-olimpic-sobre-economia-y-deporte\/#respond\"]}]},{\"@type\":\"WebPage\",\"@id\":\"https:\/\/www.fundaciobarcelonaolimpica.es\/es\/j-m-gay-de-liebana-julia-bosch-i-joan-anton-camunas-ponentes-de-excepcion-en-la-primera-jornada-del-forum-olimpic-sobre-economia-y-deporte\/\",\"url\":\"https:\/\/www.fundaciobarcelonaolimpica.es\/es\/j-m-gay-de-liebana-julia-bosch-i-joan-anton-camunas-ponentes-de-excepcion-en-la-primera-jornada-del-forum-olimpic-sobre-economia-y-deporte\/\",\"name\":\"J.M. Gay de Li\u00e9bana, J\u00falia Bosch i Joan Anton Camu\u00f1as, ponentes de excepci\u00f3n en la primera jornada del F\u00f2rum Ol\u00edmpic sobre econom\u00eda y deporte - Fundaci\u00f3 Barcelona Ol\u00edmpica\",\"isPartOf\":{\"@id\":\"https:\/\/www.fundaciobarcelonaolimpica.es\/ca\/#website\"},\"primaryImageOfPage\":{\"@id\":\"https:\/\/www.fundaciobarcelonaolimpica.es\/es\/j-m-gay-de-liebana-julia-bosch-i-joan-anton-camunas-ponentes-de-excepcion-en-la-primera-jornada-del-forum-olimpic-sobre-economia-y-deporte\/#primaryimage\"},\"image\":{\"@id\":\"https:\/\/www.fundaciobarcelonaolimpica.es\/es\/j-m-gay-de-liebana-julia-bosch-i-joan-anton-camunas-ponentes-de-excepcion-en-la-primera-jornada-del-forum-olimpic-sobre-economia-y-deporte\/#primaryimage\"},\"thumbnailUrl\":\"https:\/\/www.fundaciobarcelonaolimpica.es\/wp-content\/uploads\/sites\/3\/2019\/03\/FORUM_OLIMPIC_S1_LIEBANA_SURRO.jpg\",\"datePublished\":\"2013-10-16T22:00:00+00:00\",\"dateModified\":\"2019-07-16T13:54:13+00:00\",\"breadcrumb\":{\"@id\":\"https:\/\/www.fundaciobarcelonaolimpica.es\/es\/j-m-gay-de-liebana-julia-bosch-i-joan-anton-camunas-ponentes-de-excepcion-en-la-primera-jornada-del-forum-olimpic-sobre-economia-y-deporte\/#breadcrumb\"},\"inLanguage\":\"es\",\"potentialAction\":[{\"@type\":\"ReadAction\",\"target\":[\"https:\/\/www.fundaciobarcelonaolimpica.es\/es\/j-m-gay-de-liebana-julia-bosch-i-joan-anton-camunas-ponentes-de-excepcion-en-la-primera-jornada-del-forum-olimpic-sobre-economia-y-deporte\/\"]}]},{\"@type\":\"ImageObject\",\"inLanguage\":\"es\",\"@id\":\"https:\/\/www.fundaciobarcelonaolimpica.es\/es\/j-m-gay-de-liebana-julia-bosch-i-joan-anton-camunas-ponentes-de-excepcion-en-la-primera-jornada-del-forum-olimpic-sobre-economia-y-deporte\/#primaryimage\",\"url\":\"https:\/\/www.fundaciobarcelonaolimpica.es\/wp-content\/uploads\/sites\/3\/2019\/03\/FORUM_OLIMPIC_S1_LIEBANA_SURRO.jpg\",\"contentUrl\":\"https:\/\/www.fundaciobarcelonaolimpica.es\/wp-content\/uploads\/sites\/3\/2019\/03\/FORUM_OLIMPIC_S1_LIEBANA_SURRO.jpg\",\"width\":3888,\"height\":2592},{\"@type\":\"BreadcrumbList\",\"@id\":\"https:\/\/www.fundaciobarcelonaolimpica.es\/es\/j-m-gay-de-liebana-julia-bosch-i-joan-anton-camunas-ponentes-de-excepcion-en-la-primera-jornada-del-forum-olimpic-sobre-economia-y-deporte\/#breadcrumb\",\"itemListElement\":[{\"@type\":\"ListItem\",\"position\":1,\"name\":\"FBO\",\"item\":\"https:\/\/www.fundaciobarcelonaolimpica.es\/es\/\"},{\"@type\":\"ListItem\",\"position\":2,\"name\":\"J.M. Gay de Li\u00e9bana, J\u00falia Bosch i Joan Anton Camu\u00f1as, ponentes de excepci\u00f3n en la primera jornada del F\u00f2rum Ol\u00edmpic sobre econom\u00eda y deporte\"}]},{\"@type\":\"WebSite\",\"@id\":\"https:\/\/www.fundaciobarcelonaolimpica.es\/ca\/#website\",\"url\":\"https:\/\/www.fundaciobarcelonaolimpica.es\/ca\/\",\"name\":\"Fundaci\u00f3 Barcelona Ol\u00edmpica\",\"description\":\"Web del Museu Ol\u00edmpic i de l&#039;Esport\",\"publisher\":{\"@id\":\"https:\/\/www.fundaciobarcelonaolimpica.es\/ca\/#organization\"},\"potentialAction\":[{\"@type\":\"SearchAction\",\"target\":{\"@type\":\"EntryPoint\",\"urlTemplate\":\"https:\/\/www.fundaciobarcelonaolimpica.es\/ca\/?s={search_term_string}\"},\"query-input\":{\"@type\":\"PropertyValueSpecification\",\"valueRequired\":true,\"valueName\":\"search_term_string\"}}],\"inLanguage\":\"es\"},{\"@type\":\"Organization\",\"@id\":\"https:\/\/www.fundaciobarcelonaolimpica.es\/ca\/#organization\",\"name\":\"Fundaci\u00f3 Barcelona Ol\u00edmpica\",\"url\":\"https:\/\/www.fundaciobarcelonaolimpica.es\/ca\/\",\"logo\":{\"@type\":\"ImageObject\",\"inLanguage\":\"es\",\"@id\":\"https:\/\/www.fundaciobarcelonaolimpica.es\/ca\/#\/schema\/logo\/image\/\",\"url\":\"https:\/\/www.fundaciobarcelonaolimpica.es\/wp-content\/uploads\/sites\/3\/2019\/02\/logo-fundacio.svg\",\"contentUrl\":\"https:\/\/www.fundaciobarcelonaolimpica.es\/wp-content\/uploads\/sites\/3\/2019\/02\/logo-fundacio.svg\",\"caption\":\"Fundaci\u00f3 Barcelona Ol\u00edmpica\"},\"image\":{\"@id\":\"https:\/\/www.fundaciobarcelonaolimpica.es\/ca\/#\/schema\/logo\/image\/\"}},{\"@type\":\"Person\",\"@id\":\"https:\/\/www.fundaciobarcelonaolimpica.es\/ca\/#\/schema\/person\/d05705664e87aa04c6ce53d48133fb39\",\"name\":\"useradmin\",\"url\":\"https:\/\/www.fundaciobarcelonaolimpica.es\/es\/author\/useradmin\/\"}]}<\/script>\n<!-- \/ Yoast SEO plugin. -->","yoast_head_json":{"title":"J.M. Gay de Li\u00e9bana, J\u00falia Bosch i Joan Anton Camu\u00f1as, ponentes de excepci\u00f3n en la primera jornada del F\u00f2rum Ol\u00edmpic sobre econom\u00eda y deporte - Fundaci\u00f3 Barcelona Ol\u00edmpica","robots":{"index":"index","follow":"follow","max-snippet":"max-snippet:-1","max-image-preview":"max-image-preview:large","max-video-preview":"max-video-preview:-1"},"canonical":"https:\/\/www.fundaciobarcelonaolimpica.es\/es\/j-m-gay-de-liebana-julia-bosch-i-joan-anton-camunas-ponentes-de-excepcion-en-la-primera-jornada-del-forum-olimpic-sobre-economia-y-deporte\/","og_locale":"es_ES","og_type":"article","og_title":"J.M. Gay de Li\u00e9bana, J\u00falia Bosch i Joan Anton Camu\u00f1as, ponentes de excepci\u00f3n en la primera jornada del F\u00f2rum Ol\u00edmpic sobre econom\u00eda y deporte - Fundaci\u00f3 Barcelona Ol\u00edmpica","og_description":"El acto inaugural ha estado presidido por Xavier Amador, director de relacions institucionals de l&rsquo;&agrave;rea de Qualitat de vida, Igualtat i Esport; David Moner, presidente de la Uni&oacute; de Federacions Catalanes (UFEC); Gerard Figueras, director del Consell Catal&agrave; d&rsquo;Esport i Josep Salom, representante de la Diputaci&oacute; de Barcelona. &nbsp;","og_url":"https:\/\/www.fundaciobarcelonaolimpica.es\/es\/j-m-gay-de-liebana-julia-bosch-i-joan-anton-camunas-ponentes-de-excepcion-en-la-primera-jornada-del-forum-olimpic-sobre-economia-y-deporte\/","og_site_name":"Fundaci\u00f3 Barcelona Ol\u00edmpica","article_published_time":"2013-10-16T22:00:00+00:00","article_modified_time":"2019-07-16T13:54:13+00:00","og_image":[{"width":3888,"height":2592,"url":"https:\/\/www.fundaciobarcelonaolimpica.es\/wp-content\/uploads\/sites\/3\/2019\/03\/FORUM_OLIMPIC_S1_LIEBANA_SURRO.jpg","type":"image\/jpeg"}],"author":"useradmin","twitter_card":"summary_large_image","twitter_misc":{"Escrito por":"useradmin"},"schema":{"@context":"https:\/\/schema.org","@graph":[{"@type":"Article","@id":"https:\/\/www.fundaciobarcelonaolimpica.es\/es\/j-m-gay-de-liebana-julia-bosch-i-joan-anton-camunas-ponentes-de-excepcion-en-la-primera-jornada-del-forum-olimpic-sobre-economia-y-deporte\/#article","isPartOf":{"@id":"https:\/\/www.fundaciobarcelonaolimpica.es\/es\/j-m-gay-de-liebana-julia-bosch-i-joan-anton-camunas-ponentes-de-excepcion-en-la-primera-jornada-del-forum-olimpic-sobre-economia-y-deporte\/"},"author":{"name":"useradmin","@id":"https:\/\/www.fundaciobarcelonaolimpica.es\/ca\/#\/schema\/person\/d05705664e87aa04c6ce53d48133fb39"},"headline":"J.M. Gay de Li\u00e9bana, J\u00falia Bosch i Joan Anton Camu\u00f1as, ponentes de excepci\u00f3n en la primera jornada del F\u00f2rum Ol\u00edmpic sobre econom\u00eda y deporte","datePublished":"2013-10-16T22:00:00+00:00","dateModified":"2019-07-16T13:54:13+00:00","mainEntityOfPage":{"@id":"https:\/\/www.fundaciobarcelonaolimpica.es\/es\/j-m-gay-de-liebana-julia-bosch-i-joan-anton-camunas-ponentes-de-excepcion-en-la-primera-jornada-del-forum-olimpic-sobre-economia-y-deporte\/"},"wordCount":122,"commentCount":15,"publisher":{"@id":"https:\/\/www.fundaciobarcelonaolimpica.es\/ca\/#organization"},"image":{"@id":"https:\/\/www.fundaciobarcelonaolimpica.es\/es\/j-m-gay-de-liebana-julia-bosch-i-joan-anton-camunas-ponentes-de-excepcion-en-la-primera-jornada-del-forum-olimpic-sobre-economia-y-deporte\/#primaryimage"},"thumbnailUrl":"https:\/\/www.fundaciobarcelonaolimpica.es\/wp-content\/uploads\/sites\/3\/2019\/03\/FORUM_OLIMPIC_S1_LIEBANA_SURRO.jpg","articleSection":["Sin categorizar"],"inLanguage":"es","potentialAction":[{"@type":"CommentAction","name":"Comment","target":["https:\/\/www.fundaciobarcelonaolimpica.es\/es\/j-m-gay-de-liebana-julia-bosch-i-joan-anton-camunas-ponentes-de-excepcion-en-la-primera-jornada-del-forum-olimpic-sobre-economia-y-deporte\/#respond"]}]},{"@type":"WebPage","@id":"https:\/\/www.fundaciobarcelonaolimpica.es\/es\/j-m-gay-de-liebana-julia-bosch-i-joan-anton-camunas-ponentes-de-excepcion-en-la-primera-jornada-del-forum-olimpic-sobre-economia-y-deporte\/","url":"https:\/\/www.fundaciobarcelonaolimpica.es\/es\/j-m-gay-de-liebana-julia-bosch-i-joan-anton-camunas-ponentes-de-excepcion-en-la-primera-jornada-del-forum-olimpic-sobre-economia-y-deporte\/","name":"J.M. Gay de Li\u00e9bana, J\u00falia Bosch i Joan Anton Camu\u00f1as, ponentes de excepci\u00f3n en la primera jornada del F\u00f2rum Ol\u00edmpic sobre econom\u00eda y deporte - Fundaci\u00f3 Barcelona Ol\u00edmpica","isPartOf":{"@id":"https:\/\/www.fundaciobarcelonaolimpica.es\/ca\/#website"},"primaryImageOfPage":{"@id":"https:\/\/www.fundaciobarcelonaolimpica.es\/es\/j-m-gay-de-liebana-julia-bosch-i-joan-anton-camunas-ponentes-de-excepcion-en-la-primera-jornada-del-forum-olimpic-sobre-economia-y-deporte\/#primaryimage"},"image":{"@id":"https:\/\/www.fundaciobarcelonaolimpica.es\/es\/j-m-gay-de-liebana-julia-bosch-i-joan-anton-camunas-ponentes-de-excepcion-en-la-primera-jornada-del-forum-olimpic-sobre-economia-y-deporte\/#primaryimage"},"thumbnailUrl":"https:\/\/www.fundaciobarcelonaolimpica.es\/wp-content\/uploads\/sites\/3\/2019\/03\/FORUM_OLIMPIC_S1_LIEBANA_SURRO.jpg","datePublished":"2013-10-16T22:00:00+00:00","dateModified":"2019-07-16T13:54:13+00:00","breadcrumb":{"@id":"https:\/\/www.fundaciobarcelonaolimpica.es\/es\/j-m-gay-de-liebana-julia-bosch-i-joan-anton-camunas-ponentes-de-excepcion-en-la-primera-jornada-del-forum-olimpic-sobre-economia-y-deporte\/#breadcrumb"},"inLanguage":"es","potentialAction":[{"@type":"ReadAction","target":["https:\/\/www.fundaciobarcelonaolimpica.es\/es\/j-m-gay-de-liebana-julia-bosch-i-joan-anton-camunas-ponentes-de-excepcion-en-la-primera-jornada-del-forum-olimpic-sobre-economia-y-deporte\/"]}]},{"@type":"ImageObject","inLanguage":"es","@id":"https:\/\/www.fundaciobarcelonaolimpica.es\/es\/j-m-gay-de-liebana-julia-bosch-i-joan-anton-camunas-ponentes-de-excepcion-en-la-primera-jornada-del-forum-olimpic-sobre-economia-y-deporte\/#primaryimage","url":"https:\/\/www.fundaciobarcelonaolimpica.es\/wp-content\/uploads\/sites\/3\/2019\/03\/FORUM_OLIMPIC_S1_LIEBANA_SURRO.jpg","contentUrl":"https:\/\/www.fundaciobarcelonaolimpica.es\/wp-content\/uploads\/sites\/3\/2019\/03\/FORUM_OLIMPIC_S1_LIEBANA_SURRO.jpg","width":3888,"height":2592},{"@type":"BreadcrumbList","@id":"https:\/\/www.fundaciobarcelonaolimpica.es\/es\/j-m-gay-de-liebana-julia-bosch-i-joan-anton-camunas-ponentes-de-excepcion-en-la-primera-jornada-del-forum-olimpic-sobre-economia-y-deporte\/#breadcrumb","itemListElement":[{"@type":"ListItem","position":1,"name":"FBO","item":"https:\/\/www.fundaciobarcelonaolimpica.es\/es\/"},{"@type":"ListItem","position":2,"name":"J.M. Gay de Li\u00e9bana, J\u00falia Bosch i Joan Anton Camu\u00f1as, ponentes de excepci\u00f3n en la primera jornada del F\u00f2rum Ol\u00edmpic sobre econom\u00eda y deporte"}]},{"@type":"WebSite","@id":"https:\/\/www.fundaciobarcelonaolimpica.es\/ca\/#website","url":"https:\/\/www.fundaciobarcelonaolimpica.es\/ca\/","name":"Fundaci\u00f3 Barcelona Ol\u00edmpica","description":"Web del Museu Ol\u00edmpic i de l&#039;Esport","publisher":{"@id":"https:\/\/www.fundaciobarcelonaolimpica.es\/ca\/#organization"},"potentialAction":[{"@type":"SearchAction","target":{"@type":"EntryPoint","urlTemplate":"https:\/\/www.fundaciobarcelonaolimpica.es\/ca\/?s={search_term_string}"},"query-input":{"@type":"PropertyValueSpecification","valueRequired":true,"valueName":"search_term_string"}}],"inLanguage":"es"},{"@type":"Organization","@id":"https:\/\/www.fundaciobarcelonaolimpica.es\/ca\/#organization","name":"Fundaci\u00f3 Barcelona Ol\u00edmpica","url":"https:\/\/www.fundaciobarcelonaolimpica.es\/ca\/","logo":{"@type":"ImageObject","inLanguage":"es","@id":"https:\/\/www.fundaciobarcelonaolimpica.es\/ca\/#\/schema\/logo\/image\/","url":"https:\/\/www.fundaciobarcelonaolimpica.es\/wp-content\/uploads\/sites\/3\/2019\/02\/logo-fundacio.svg","contentUrl":"https:\/\/www.fundaciobarcelonaolimpica.es\/wp-content\/uploads\/sites\/3\/2019\/02\/logo-fundacio.svg","caption":"Fundaci\u00f3 Barcelona Ol\u00edmpica"},"image":{"@id":"https:\/\/www.fundaciobarcelonaolimpica.es\/ca\/#\/schema\/logo\/image\/"}},{"@type":"Person","@id":"https:\/\/www.fundaciobarcelonaolimpica.es\/ca\/#\/schema\/person\/d05705664e87aa04c6ce53d48133fb39","name":"useradmin","url":"https:\/\/www.fundaciobarcelonaolimpica.es\/es\/author\/useradmin\/"}]}},"_links":{"self":[{"href":"https:\/\/www.fundaciobarcelonaolimpica.es\/es\/wp-json\/wp\/v2\/posts\/6917"}],"collection":[{"href":"https:\/\/www.fundaciobarcelonaolimpica.es\/es\/wp-json\/wp\/v2\/posts"}],"about":[{"href":"https:\/\/www.fundaciobarcelonaolimpica.es\/es\/wp-json\/wp\/v2\/types\/post"}],"author":[{"embeddable":true,"href":"https:\/\/www.fundaciobarcelonaolimpica.es\/es\/wp-json\/wp\/v2\/users\/1"}],"replies":[{"embeddable":true,"href":"https:\/\/www.fundaciobarcelonaolimpica.es\/es\/wp-json\/wp\/v2\/comments?post=6917"}],"version-history":[{"count":1,"href":"https:\/\/www.fundaciobarcelonaolimpica.es\/es\/wp-json\/wp\/v2\/posts\/6917\/revisions"}],"predecessor-version":[{"id":19376,"href":"https:\/\/www.fundaciobarcelonaolimpica.es\/es\/wp-json\/wp\/v2\/posts\/6917\/revisions\/19376"}],"wp:featuredmedia":[{"embeddable":true,"href":"https:\/\/www.fundaciobarcelonaolimpica.es\/es\/wp-json\/wp\/v2\/media\/6930"}],"wp:attachment":[{"href":"https:\/\/www.fundaciobarcelonaolimpica.es\/es\/wp-json\/wp\/v2\/media?parent=6917"}],"wp:term":[{"taxonomy":"category","embeddable":true,"href":"https:\/\/www.fundaciobarcelonaolimpica.es\/es\/wp-json\/wp\/v2\/categories?post=6917"},{"taxonomy":"post_tag","embeddable":true,"href":"https:\/\/www.fundaciobarcelonaolimpica.es\/es\/wp-json\/wp\/v2\/tags?post=6917"}],"curies":[{"name":"wp","href":"https:\/\/api.w.org\/{rel}","templated":true}]}}