{"id":7046,"date":"2013-11-08T00:00:00","date_gmt":"2013-11-07T23:00:00","guid":{"rendered":"http:\/\/dev.fundaciobarcelonaolimpica.es\/una-entrada-original-de-la-ceremonia-de-inauguracion-del-estadi-olimpic-de-monjuic-en-1929-entra-a-formar-parte-patrimonio-museistico-del-museu-olimpic-i-de-lesport-joan-antoni-samaranch\/"},"modified":"2019-07-12T10:00:34","modified_gmt":"2019-07-12T08:00:34","slug":"una-entrada-original-de-la-ceremonia-de-inauguracion-del-estadi-olimpic-de-monjuic-en-1929-entra-a-formar-parte-patrimonio-museistico-del-museu-olimpic-i-de-lesport-joan-antoni-samaranch","status":"publish","type":"post","link":"https:\/\/www.fundaciobarcelonaolimpica.es\/es\/una-entrada-original-de-la-ceremonia-de-inauguracion-del-estadi-olimpic-de-monjuic-en-1929-entra-a-formar-parte-patrimonio-museistico-del-museu-olimpic-i-de-lesport-joan-antoni-samaranch\/","title":{"rendered":"Una entrada original de la ceremonia de inauguraci\u00f3n del Estadi Ol\u00edmpic de Monju\u00efc en 1929, entra a formar parte patrimonio muse\u00edstico del Museu Ol\u00edmpic i de l\u2019Esport Joan Antoni Samaranch"},"content":{"rendered":"<p>construcci\u00f3n en 1927 con el objetivo de ser sede de la Exposici\u00f3n internacional del 29 y con la pretensi\u00f3n de albergar los Juegos Ol\u00edmpicos del 1936. El Estadio de Montju\u00efc era el punto m\u00e1s s\u00f3lido de dicha candidatura.<\/p>\n<p>La concesi\u00f3n a Barcelona de la organizaci\u00f3n de los Juegos Ol\u00edmpicos de 1992 permiti\u00f3 su remodelaci\u00f3n a cargo del equipo de arquitectos Correa-Mil\u00e0-Margarit-Buxad\u00e9.\u00a0 S\u00f3lo se conserv\u00f3 las fachadas exteriores siendo vaciado \u00edntegramente el nivel se rebaj\u00f3 11 metros (la piedra que se extrajo, piedra de Montju\u00efc\u00a0de excelente calidad, se aprovecha para la construcci\u00f3n del Templo de la Sagrada Familia) y se \u00a0levantaron unas nuevas grader\u00edas para un aforo total de 55.926 espectadores.<\/p>\n<p>En 1989 fue reinaugurado con motivo de la Copa del Mundo de Atletismo, y tres a\u00f1os m\u00e1s tarde fue escenario de las ceremonias de inauguraci\u00f3n y clausura de los mencionados Juegos Ol\u00edmpicos y Paraol\u00edmpicos de 1992.<\/p>\n<p>&nbsp;<\/p>\n","protected":false},"excerpt":{"rendered":"<p>Pedro Hern&aacute;ndez, responsable del &aacute;rea de Tenis Profesional de a RFET y aficionado coleccionista elementos&nbsp; deportivos ha donado al Museu Ol&iacute;mpic i de l&rsquo;Esport una entrada original correspondiente a la inauguraci&oacute;n, en el 1929, del Estadio Ol&iacute;mpico de Monju&iuml;c con motivo del la Exposici&oacute;n Internacional de Barcelona.<\/p>\n<p>&nbsp;<\/p>\n","protected":false},"author":1,"featured_media":7047,"comment_status":"open","ping_status":"open","sticky":false,"template":"","format":"standard","meta":{"_acf_changed":false,"footnotes":""},"categories":[1],"tags":[],"class_list":["post-7046","post","type-post","status-publish","format-standard","has-post-thumbnail","hentry","category-sin-categorizar"],"acf":[],"yoast_head":"<!-- This site is optimized with the Yoast SEO plugin v23.7 - https:\/\/yoast.com\/wordpress\/plugins\/seo\/ -->\n<title>Una entrada original de la ceremonia de inauguraci\u00f3n del Estadi Ol\u00edmpic de Monju\u00efc en 1929, entra a formar parte patrimonio muse\u00edstico del Museu Ol\u00edmpic i de l\u2019Esport Joan Antoni Samaranch - Fundaci\u00f3 Barcelona Ol\u00edmpica<\/title>\n<meta name=\"robots\" content=\"index, follow, max-snippet:-1, max-image-preview:large, max-video-preview:-1\" \/>\n<link rel=\"canonical\" href=\"https:\/\/www.fundaciobarcelonaolimpica.es\/es\/una-entrada-original-de-la-ceremonia-de-inauguracion-del-estadi-olimpic-de-monjuic-en-1929-entra-a-formar-parte-patrimonio-museistico-del-museu-olimpic-i-de-lesport-joan-antoni-samaranch\/\" \/>\n<meta property=\"og:locale\" content=\"es_ES\" \/>\n<meta property=\"og:type\" content=\"article\" \/>\n<meta property=\"og:title\" content=\"Una entrada original de la ceremonia de inauguraci\u00f3n del Estadi Ol\u00edmpic de Monju\u00efc en 1929, entra a formar parte patrimonio muse\u00edstico del Museu Ol\u00edmpic i de l\u2019Esport Joan Antoni Samaranch - Fundaci\u00f3 Barcelona Ol\u00edmpica\" \/>\n<meta property=\"og:description\" content=\"Pedro Hern&aacute;ndez, responsable del &aacute;rea de Tenis Profesional de a RFET y aficionado coleccionista elementos&nbsp; deportivos ha donado al Museu Ol&iacute;mpic i de l&rsquo;Esport una entrada original correspondiente a la inauguraci&oacute;n, en el 1929, del Estadio Ol&iacute;mpico de Monju&iuml;c con motivo del la Exposici&oacute;n Internacional de Barcelona. &nbsp;\" \/>\n<meta property=\"og:url\" content=\"https:\/\/www.fundaciobarcelonaolimpica.es\/es\/una-entrada-original-de-la-ceremonia-de-inauguracion-del-estadi-olimpic-de-monjuic-en-1929-entra-a-formar-parte-patrimonio-museistico-del-museu-olimpic-i-de-lesport-joan-antoni-samaranch\/\" \/>\n<meta property=\"og:site_name\" content=\"Fundaci\u00f3 Barcelona Ol\u00edmpica\" \/>\n<meta property=\"article:published_time\" content=\"2013-11-07T23:00:00+00:00\" \/>\n<meta property=\"article:modified_time\" content=\"2019-07-12T08:00:34+00:00\" \/>\n<meta property=\"og:image\" content=\"https:\/\/www.fundaciobarcelonaolimpica.es\/wp-content\/uploads\/sites\/3\/2019\/03\/Entrada_29_Pedro_Hernandez.jpg\" \/>\n\t<meta property=\"og:image:width\" content=\"2828\" \/>\n\t<meta property=\"og:image:height\" content=\"2359\" \/>\n\t<meta property=\"og:image:type\" content=\"image\/jpeg\" \/>\n<meta name=\"author\" content=\"useradmin\" \/>\n<meta name=\"twitter:card\" content=\"summary_large_image\" \/>\n<meta name=\"twitter:label1\" content=\"Escrito por\" \/>\n\t<meta name=\"twitter:data1\" content=\"useradmin\" \/>\n\t<meta name=\"twitter:label2\" content=\"Tiempo de lectura\" \/>\n\t<meta name=\"twitter:data2\" content=\"1 minuto\" \/>\n<script type=\"application\/ld+json\" class=\"yoast-schema-graph\">{\"@context\":\"https:\/\/schema.org\",\"@graph\":[{\"@type\":\"Article\",\"@id\":\"https:\/\/www.fundaciobarcelonaolimpica.es\/es\/una-entrada-original-de-la-ceremonia-de-inauguracion-del-estadi-olimpic-de-monjuic-en-1929-entra-a-formar-parte-patrimonio-museistico-del-museu-olimpic-i-de-lesport-joan-antoni-samaranch\/#article\",\"isPartOf\":{\"@id\":\"https:\/\/www.fundaciobarcelonaolimpica.es\/es\/una-entrada-original-de-la-ceremonia-de-inauguracion-del-estadi-olimpic-de-monjuic-en-1929-entra-a-formar-parte-patrimonio-museistico-del-museu-olimpic-i-de-lesport-joan-antoni-samaranch\/\"},\"author\":{\"name\":\"useradmin\",\"@id\":\"https:\/\/www.fundaciobarcelonaolimpica.es\/ca\/#\/schema\/person\/d05705664e87aa04c6ce53d48133fb39\"},\"headline\":\"Una entrada original de la ceremonia de inauguraci\u00f3n del Estadi Ol\u00edmpic de Monju\u00efc en 1929, entra a formar parte patrimonio muse\u00edstico del Museu Ol\u00edmpic i de l\u2019Esport Joan Antoni Samaranch\",\"datePublished\":\"2013-11-07T23:00:00+00:00\",\"dateModified\":\"2019-07-12T08:00:34+00:00\",\"mainEntityOfPage\":{\"@id\":\"https:\/\/www.fundaciobarcelonaolimpica.es\/es\/una-entrada-original-de-la-ceremonia-de-inauguracion-del-estadi-olimpic-de-monjuic-en-1929-entra-a-formar-parte-patrimonio-museistico-del-museu-olimpic-i-de-lesport-joan-antoni-samaranch\/\"},\"wordCount\":196,\"commentCount\":5,\"publisher\":{\"@id\":\"https:\/\/www.fundaciobarcelonaolimpica.es\/ca\/#organization\"},\"image\":{\"@id\":\"https:\/\/www.fundaciobarcelonaolimpica.es\/es\/una-entrada-original-de-la-ceremonia-de-inauguracion-del-estadi-olimpic-de-monjuic-en-1929-entra-a-formar-parte-patrimonio-museistico-del-museu-olimpic-i-de-lesport-joan-antoni-samaranch\/#primaryimage\"},\"thumbnailUrl\":\"https:\/\/www.fundaciobarcelonaolimpica.es\/wp-content\/uploads\/sites\/3\/2019\/03\/Entrada_29_Pedro_Hernandez.jpg\",\"articleSection\":[\"Sin categorizar\"],\"inLanguage\":\"es\",\"potentialAction\":[{\"@type\":\"CommentAction\",\"name\":\"Comment\",\"target\":[\"https:\/\/www.fundaciobarcelonaolimpica.es\/es\/una-entrada-original-de-la-ceremonia-de-inauguracion-del-estadi-olimpic-de-monjuic-en-1929-entra-a-formar-parte-patrimonio-museistico-del-museu-olimpic-i-de-lesport-joan-antoni-samaranch\/#respond\"]}]},{\"@type\":\"WebPage\",\"@id\":\"https:\/\/www.fundaciobarcelonaolimpica.es\/es\/una-entrada-original-de-la-ceremonia-de-inauguracion-del-estadi-olimpic-de-monjuic-en-1929-entra-a-formar-parte-patrimonio-museistico-del-museu-olimpic-i-de-lesport-joan-antoni-samaranch\/\",\"url\":\"https:\/\/www.fundaciobarcelonaolimpica.es\/es\/una-entrada-original-de-la-ceremonia-de-inauguracion-del-estadi-olimpic-de-monjuic-en-1929-entra-a-formar-parte-patrimonio-museistico-del-museu-olimpic-i-de-lesport-joan-antoni-samaranch\/\",\"name\":\"Una entrada original de la ceremonia de inauguraci\u00f3n del Estadi Ol\u00edmpic de Monju\u00efc en 1929, entra a formar parte patrimonio muse\u00edstico del Museu Ol\u00edmpic i de l\u2019Esport Joan Antoni Samaranch - Fundaci\u00f3 Barcelona Ol\u00edmpica\",\"isPartOf\":{\"@id\":\"https:\/\/www.fundaciobarcelonaolimpica.es\/ca\/#website\"},\"primaryImageOfPage\":{\"@id\":\"https:\/\/www.fundaciobarcelonaolimpica.es\/es\/una-entrada-original-de-la-ceremonia-de-inauguracion-del-estadi-olimpic-de-monjuic-en-1929-entra-a-formar-parte-patrimonio-museistico-del-museu-olimpic-i-de-lesport-joan-antoni-samaranch\/#primaryimage\"},\"image\":{\"@id\":\"https:\/\/www.fundaciobarcelonaolimpica.es\/es\/una-entrada-original-de-la-ceremonia-de-inauguracion-del-estadi-olimpic-de-monjuic-en-1929-entra-a-formar-parte-patrimonio-museistico-del-museu-olimpic-i-de-lesport-joan-antoni-samaranch\/#primaryimage\"},\"thumbnailUrl\":\"https:\/\/www.fundaciobarcelonaolimpica.es\/wp-content\/uploads\/sites\/3\/2019\/03\/Entrada_29_Pedro_Hernandez.jpg\",\"datePublished\":\"2013-11-07T23:00:00+00:00\",\"dateModified\":\"2019-07-12T08:00:34+00:00\",\"breadcrumb\":{\"@id\":\"https:\/\/www.fundaciobarcelonaolimpica.es\/es\/una-entrada-original-de-la-ceremonia-de-inauguracion-del-estadi-olimpic-de-monjuic-en-1929-entra-a-formar-parte-patrimonio-museistico-del-museu-olimpic-i-de-lesport-joan-antoni-samaranch\/#breadcrumb\"},\"inLanguage\":\"es\",\"potentialAction\":[{\"@type\":\"ReadAction\",\"target\":[\"https:\/\/www.fundaciobarcelonaolimpica.es\/es\/una-entrada-original-de-la-ceremonia-de-inauguracion-del-estadi-olimpic-de-monjuic-en-1929-entra-a-formar-parte-patrimonio-museistico-del-museu-olimpic-i-de-lesport-joan-antoni-samaranch\/\"]}]},{\"@type\":\"ImageObject\",\"inLanguage\":\"es\",\"@id\":\"https:\/\/www.fundaciobarcelonaolimpica.es\/es\/una-entrada-original-de-la-ceremonia-de-inauguracion-del-estadi-olimpic-de-monjuic-en-1929-entra-a-formar-parte-patrimonio-museistico-del-museu-olimpic-i-de-lesport-joan-antoni-samaranch\/#primaryimage\",\"url\":\"https:\/\/www.fundaciobarcelonaolimpica.es\/wp-content\/uploads\/sites\/3\/2019\/03\/Entrada_29_Pedro_Hernandez.jpg\",\"contentUrl\":\"https:\/\/www.fundaciobarcelonaolimpica.es\/wp-content\/uploads\/sites\/3\/2019\/03\/Entrada_29_Pedro_Hernandez.jpg\",\"width\":2828,\"height\":2359},{\"@type\":\"BreadcrumbList\",\"@id\":\"https:\/\/www.fundaciobarcelonaolimpica.es\/es\/una-entrada-original-de-la-ceremonia-de-inauguracion-del-estadi-olimpic-de-monjuic-en-1929-entra-a-formar-parte-patrimonio-museistico-del-museu-olimpic-i-de-lesport-joan-antoni-samaranch\/#breadcrumb\",\"itemListElement\":[{\"@type\":\"ListItem\",\"position\":1,\"name\":\"FBO\",\"item\":\"https:\/\/www.fundaciobarcelonaolimpica.es\/es\/\"},{\"@type\":\"ListItem\",\"position\":2,\"name\":\"Una entrada original de la ceremonia de inauguraci\u00f3n del Estadi Ol\u00edmpic de Monju\u00efc en 1929, entra a formar parte patrimonio muse\u00edstico del Museu Ol\u00edmpic i de l\u2019Esport Joan Antoni Samaranch\"}]},{\"@type\":\"WebSite\",\"@id\":\"https:\/\/www.fundaciobarcelonaolimpica.es\/ca\/#website\",\"url\":\"https:\/\/www.fundaciobarcelonaolimpica.es\/ca\/\",\"name\":\"Fundaci\u00f3 Barcelona Ol\u00edmpica\",\"description\":\"Web del Museu Ol\u00edmpic i de l&#039;Esport\",\"publisher\":{\"@id\":\"https:\/\/www.fundaciobarcelonaolimpica.es\/ca\/#organization\"},\"potentialAction\":[{\"@type\":\"SearchAction\",\"target\":{\"@type\":\"EntryPoint\",\"urlTemplate\":\"https:\/\/www.fundaciobarcelonaolimpica.es\/ca\/?s={search_term_string}\"},\"query-input\":{\"@type\":\"PropertyValueSpecification\",\"valueRequired\":true,\"valueName\":\"search_term_string\"}}],\"inLanguage\":\"es\"},{\"@type\":\"Organization\",\"@id\":\"https:\/\/www.fundaciobarcelonaolimpica.es\/ca\/#organization\",\"name\":\"Fundaci\u00f3 Barcelona Ol\u00edmpica\",\"url\":\"https:\/\/www.fundaciobarcelonaolimpica.es\/ca\/\",\"logo\":{\"@type\":\"ImageObject\",\"inLanguage\":\"es\",\"@id\":\"https:\/\/www.fundaciobarcelonaolimpica.es\/ca\/#\/schema\/logo\/image\/\",\"url\":\"https:\/\/www.fundaciobarcelonaolimpica.es\/wp-content\/uploads\/sites\/3\/2019\/02\/logo-fundacio.svg\",\"contentUrl\":\"https:\/\/www.fundaciobarcelonaolimpica.es\/wp-content\/uploads\/sites\/3\/2019\/02\/logo-fundacio.svg\",\"caption\":\"Fundaci\u00f3 Barcelona Ol\u00edmpica\"},\"image\":{\"@id\":\"https:\/\/www.fundaciobarcelonaolimpica.es\/ca\/#\/schema\/logo\/image\/\"}},{\"@type\":\"Person\",\"@id\":\"https:\/\/www.fundaciobarcelonaolimpica.es\/ca\/#\/schema\/person\/d05705664e87aa04c6ce53d48133fb39\",\"name\":\"useradmin\",\"url\":\"https:\/\/www.fundaciobarcelonaolimpica.es\/es\/author\/useradmin\/\"}]}<\/script>\n<!-- \/ Yoast SEO plugin. -->","yoast_head_json":{"title":"Una entrada original de la ceremonia de inauguraci\u00f3n del Estadi Ol\u00edmpic de Monju\u00efc en 1929, entra a formar parte patrimonio muse\u00edstico del Museu Ol\u00edmpic i de l\u2019Esport Joan Antoni Samaranch - Fundaci\u00f3 Barcelona Ol\u00edmpica","robots":{"index":"index","follow":"follow","max-snippet":"max-snippet:-1","max-image-preview":"max-image-preview:large","max-video-preview":"max-video-preview:-1"},"canonical":"https:\/\/www.fundaciobarcelonaolimpica.es\/es\/una-entrada-original-de-la-ceremonia-de-inauguracion-del-estadi-olimpic-de-monjuic-en-1929-entra-a-formar-parte-patrimonio-museistico-del-museu-olimpic-i-de-lesport-joan-antoni-samaranch\/","og_locale":"es_ES","og_type":"article","og_title":"Una entrada original de la ceremonia de inauguraci\u00f3n del Estadi Ol\u00edmpic de Monju\u00efc en 1929, entra a formar parte patrimonio muse\u00edstico del Museu Ol\u00edmpic i de l\u2019Esport Joan Antoni Samaranch - Fundaci\u00f3 Barcelona Ol\u00edmpica","og_description":"Pedro Hern&aacute;ndez, responsable del &aacute;rea de Tenis Profesional de a RFET y aficionado coleccionista elementos&nbsp; deportivos ha donado al Museu Ol&iacute;mpic i de l&rsquo;Esport una entrada original correspondiente a la inauguraci&oacute;n, en el 1929, del Estadio Ol&iacute;mpico de Monju&iuml;c con motivo del la Exposici&oacute;n Internacional de Barcelona. &nbsp;","og_url":"https:\/\/www.fundaciobarcelonaolimpica.es\/es\/una-entrada-original-de-la-ceremonia-de-inauguracion-del-estadi-olimpic-de-monjuic-en-1929-entra-a-formar-parte-patrimonio-museistico-del-museu-olimpic-i-de-lesport-joan-antoni-samaranch\/","og_site_name":"Fundaci\u00f3 Barcelona Ol\u00edmpica","article_published_time":"2013-11-07T23:00:00+00:00","article_modified_time":"2019-07-12T08:00:34+00:00","og_image":[{"width":2828,"height":2359,"url":"https:\/\/www.fundaciobarcelonaolimpica.es\/wp-content\/uploads\/sites\/3\/2019\/03\/Entrada_29_Pedro_Hernandez.jpg","type":"image\/jpeg"}],"author":"useradmin","twitter_card":"summary_large_image","twitter_misc":{"Escrito por":"useradmin","Tiempo de lectura":"1 minuto"},"schema":{"@context":"https:\/\/schema.org","@graph":[{"@type":"Article","@id":"https:\/\/www.fundaciobarcelonaolimpica.es\/es\/una-entrada-original-de-la-ceremonia-de-inauguracion-del-estadi-olimpic-de-monjuic-en-1929-entra-a-formar-parte-patrimonio-museistico-del-museu-olimpic-i-de-lesport-joan-antoni-samaranch\/#article","isPartOf":{"@id":"https:\/\/www.fundaciobarcelonaolimpica.es\/es\/una-entrada-original-de-la-ceremonia-de-inauguracion-del-estadi-olimpic-de-monjuic-en-1929-entra-a-formar-parte-patrimonio-museistico-del-museu-olimpic-i-de-lesport-joan-antoni-samaranch\/"},"author":{"name":"useradmin","@id":"https:\/\/www.fundaciobarcelonaolimpica.es\/ca\/#\/schema\/person\/d05705664e87aa04c6ce53d48133fb39"},"headline":"Una entrada original de la ceremonia de inauguraci\u00f3n del Estadi Ol\u00edmpic de Monju\u00efc en 1929, entra a formar parte patrimonio muse\u00edstico del Museu Ol\u00edmpic i de l\u2019Esport Joan Antoni Samaranch","datePublished":"2013-11-07T23:00:00+00:00","dateModified":"2019-07-12T08:00:34+00:00","mainEntityOfPage":{"@id":"https:\/\/www.fundaciobarcelonaolimpica.es\/es\/una-entrada-original-de-la-ceremonia-de-inauguracion-del-estadi-olimpic-de-monjuic-en-1929-entra-a-formar-parte-patrimonio-museistico-del-museu-olimpic-i-de-lesport-joan-antoni-samaranch\/"},"wordCount":196,"commentCount":5,"publisher":{"@id":"https:\/\/www.fundaciobarcelonaolimpica.es\/ca\/#organization"},"image":{"@id":"https:\/\/www.fundaciobarcelonaolimpica.es\/es\/una-entrada-original-de-la-ceremonia-de-inauguracion-del-estadi-olimpic-de-monjuic-en-1929-entra-a-formar-parte-patrimonio-museistico-del-museu-olimpic-i-de-lesport-joan-antoni-samaranch\/#primaryimage"},"thumbnailUrl":"https:\/\/www.fundaciobarcelonaolimpica.es\/wp-content\/uploads\/sites\/3\/2019\/03\/Entrada_29_Pedro_Hernandez.jpg","articleSection":["Sin categorizar"],"inLanguage":"es","potentialAction":[{"@type":"CommentAction","name":"Comment","target":["https:\/\/www.fundaciobarcelonaolimpica.es\/es\/una-entrada-original-de-la-ceremonia-de-inauguracion-del-estadi-olimpic-de-monjuic-en-1929-entra-a-formar-parte-patrimonio-museistico-del-museu-olimpic-i-de-lesport-joan-antoni-samaranch\/#respond"]}]},{"@type":"WebPage","@id":"https:\/\/www.fundaciobarcelonaolimpica.es\/es\/una-entrada-original-de-la-ceremonia-de-inauguracion-del-estadi-olimpic-de-monjuic-en-1929-entra-a-formar-parte-patrimonio-museistico-del-museu-olimpic-i-de-lesport-joan-antoni-samaranch\/","url":"https:\/\/www.fundaciobarcelonaolimpica.es\/es\/una-entrada-original-de-la-ceremonia-de-inauguracion-del-estadi-olimpic-de-monjuic-en-1929-entra-a-formar-parte-patrimonio-museistico-del-museu-olimpic-i-de-lesport-joan-antoni-samaranch\/","name":"Una entrada original de la ceremonia de inauguraci\u00f3n del Estadi Ol\u00edmpic de Monju\u00efc en 1929, entra a formar parte patrimonio muse\u00edstico del Museu Ol\u00edmpic i de l\u2019Esport Joan Antoni Samaranch - Fundaci\u00f3 Barcelona Ol\u00edmpica","isPartOf":{"@id":"https:\/\/www.fundaciobarcelonaolimpica.es\/ca\/#website"},"primaryImageOfPage":{"@id":"https:\/\/www.fundaciobarcelonaolimpica.es\/es\/una-entrada-original-de-la-ceremonia-de-inauguracion-del-estadi-olimpic-de-monjuic-en-1929-entra-a-formar-parte-patrimonio-museistico-del-museu-olimpic-i-de-lesport-joan-antoni-samaranch\/#primaryimage"},"image":{"@id":"https:\/\/www.fundaciobarcelonaolimpica.es\/es\/una-entrada-original-de-la-ceremonia-de-inauguracion-del-estadi-olimpic-de-monjuic-en-1929-entra-a-formar-parte-patrimonio-museistico-del-museu-olimpic-i-de-lesport-joan-antoni-samaranch\/#primaryimage"},"thumbnailUrl":"https:\/\/www.fundaciobarcelonaolimpica.es\/wp-content\/uploads\/sites\/3\/2019\/03\/Entrada_29_Pedro_Hernandez.jpg","datePublished":"2013-11-07T23:00:00+00:00","dateModified":"2019-07-12T08:00:34+00:00","breadcrumb":{"@id":"https:\/\/www.fundaciobarcelonaolimpica.es\/es\/una-entrada-original-de-la-ceremonia-de-inauguracion-del-estadi-olimpic-de-monjuic-en-1929-entra-a-formar-parte-patrimonio-museistico-del-museu-olimpic-i-de-lesport-joan-antoni-samaranch\/#breadcrumb"},"inLanguage":"es","potentialAction":[{"@type":"ReadAction","target":["https:\/\/www.fundaciobarcelonaolimpica.es\/es\/una-entrada-original-de-la-ceremonia-de-inauguracion-del-estadi-olimpic-de-monjuic-en-1929-entra-a-formar-parte-patrimonio-museistico-del-museu-olimpic-i-de-lesport-joan-antoni-samaranch\/"]}]},{"@type":"ImageObject","inLanguage":"es","@id":"https:\/\/www.fundaciobarcelonaolimpica.es\/es\/una-entrada-original-de-la-ceremonia-de-inauguracion-del-estadi-olimpic-de-monjuic-en-1929-entra-a-formar-parte-patrimonio-museistico-del-museu-olimpic-i-de-lesport-joan-antoni-samaranch\/#primaryimage","url":"https:\/\/www.fundaciobarcelonaolimpica.es\/wp-content\/uploads\/sites\/3\/2019\/03\/Entrada_29_Pedro_Hernandez.jpg","contentUrl":"https:\/\/www.fundaciobarcelonaolimpica.es\/wp-content\/uploads\/sites\/3\/2019\/03\/Entrada_29_Pedro_Hernandez.jpg","width":2828,"height":2359},{"@type":"BreadcrumbList","@id":"https:\/\/www.fundaciobarcelonaolimpica.es\/es\/una-entrada-original-de-la-ceremonia-de-inauguracion-del-estadi-olimpic-de-monjuic-en-1929-entra-a-formar-parte-patrimonio-museistico-del-museu-olimpic-i-de-lesport-joan-antoni-samaranch\/#breadcrumb","itemListElement":[{"@type":"ListItem","position":1,"name":"FBO","item":"https:\/\/www.fundaciobarcelonaolimpica.es\/es\/"},{"@type":"ListItem","position":2,"name":"Una entrada original de la ceremonia de inauguraci\u00f3n del Estadi Ol\u00edmpic de Monju\u00efc en 1929, entra a formar parte patrimonio muse\u00edstico del Museu Ol\u00edmpic i de l\u2019Esport Joan Antoni Samaranch"}]},{"@type":"WebSite","@id":"https:\/\/www.fundaciobarcelonaolimpica.es\/ca\/#website","url":"https:\/\/www.fundaciobarcelonaolimpica.es\/ca\/","name":"Fundaci\u00f3 Barcelona Ol\u00edmpica","description":"Web del Museu Ol\u00edmpic i de l&#039;Esport","publisher":{"@id":"https:\/\/www.fundaciobarcelonaolimpica.es\/ca\/#organization"},"potentialAction":[{"@type":"SearchAction","target":{"@type":"EntryPoint","urlTemplate":"https:\/\/www.fundaciobarcelonaolimpica.es\/ca\/?s={search_term_string}"},"query-input":{"@type":"PropertyValueSpecification","valueRequired":true,"valueName":"search_term_string"}}],"inLanguage":"es"},{"@type":"Organization","@id":"https:\/\/www.fundaciobarcelonaolimpica.es\/ca\/#organization","name":"Fundaci\u00f3 Barcelona Ol\u00edmpica","url":"https:\/\/www.fundaciobarcelonaolimpica.es\/ca\/","logo":{"@type":"ImageObject","inLanguage":"es","@id":"https:\/\/www.fundaciobarcelonaolimpica.es\/ca\/#\/schema\/logo\/image\/","url":"https:\/\/www.fundaciobarcelonaolimpica.es\/wp-content\/uploads\/sites\/3\/2019\/02\/logo-fundacio.svg","contentUrl":"https:\/\/www.fundaciobarcelonaolimpica.es\/wp-content\/uploads\/sites\/3\/2019\/02\/logo-fundacio.svg","caption":"Fundaci\u00f3 Barcelona Ol\u00edmpica"},"image":{"@id":"https:\/\/www.fundaciobarcelonaolimpica.es\/ca\/#\/schema\/logo\/image\/"}},{"@type":"Person","@id":"https:\/\/www.fundaciobarcelonaolimpica.es\/ca\/#\/schema\/person\/d05705664e87aa04c6ce53d48133fb39","name":"useradmin","url":"https:\/\/www.fundaciobarcelonaolimpica.es\/es\/author\/useradmin\/"}]}},"_links":{"self":[{"href":"https:\/\/www.fundaciobarcelonaolimpica.es\/es\/wp-json\/wp\/v2\/posts\/7046"}],"collection":[{"href":"https:\/\/www.fundaciobarcelonaolimpica.es\/es\/wp-json\/wp\/v2\/posts"}],"about":[{"href":"https:\/\/www.fundaciobarcelonaolimpica.es\/es\/wp-json\/wp\/v2\/types\/post"}],"author":[{"embeddable":true,"href":"https:\/\/www.fundaciobarcelonaolimpica.es\/es\/wp-json\/wp\/v2\/users\/1"}],"replies":[{"embeddable":true,"href":"https:\/\/www.fundaciobarcelonaolimpica.es\/es\/wp-json\/wp\/v2\/comments?post=7046"}],"version-history":[{"count":1,"href":"https:\/\/www.fundaciobarcelonaolimpica.es\/es\/wp-json\/wp\/v2\/posts\/7046\/revisions"}],"predecessor-version":[{"id":8087,"href":"https:\/\/www.fundaciobarcelonaolimpica.es\/es\/wp-json\/wp\/v2\/posts\/7046\/revisions\/8087"}],"wp:featuredmedia":[{"embeddable":true,"href":"https:\/\/www.fundaciobarcelonaolimpica.es\/es\/wp-json\/wp\/v2\/media\/7047"}],"wp:attachment":[{"href":"https:\/\/www.fundaciobarcelonaolimpica.es\/es\/wp-json\/wp\/v2\/media?parent=7046"}],"wp:term":[{"taxonomy":"category","embeddable":true,"href":"https:\/\/www.fundaciobarcelonaolimpica.es\/es\/wp-json\/wp\/v2\/categories?post=7046"},{"taxonomy":"post_tag","embeddable":true,"href":"https:\/\/www.fundaciobarcelonaolimpica.es\/es\/wp-json\/wp\/v2\/tags?post=7046"}],"curies":[{"name":"wp","href":"https:\/\/api.w.org\/{rel}","templated":true}]}}