{"id":7445,"date":"2011-09-30T00:00:00","date_gmt":"2011-09-29T22:00:00","guid":{"rendered":"http:\/\/dev.museuolimpicbcn.cat\/moments-els-jocs-olimpics-de-bcn92\/"},"modified":"2011-09-30T00:00:00","modified_gmt":"2011-09-29T22:00:00","slug":"moments-els-jocs-olimpics-de-bcn92","status":"publish","type":"post","link":"https:\/\/www.fundaciobarcelonaolimpica.es\/es\/moments-els-jocs-olimpics-de-bcn92\/","title":{"rendered":"Moments: els Jocs Ol\u00edmpics de BCN\u201992"},"content":{"rendered":"<p><strong>\u00abMoments: els Jocs Ol&iacute;mpics de BCN&rsquo;92\u00bb ser&agrave; em&egrave;s a la 2 de TVE espanyola el proper divendres 30 de setembre a les 20:30h<\/strong>. Si vas viure els Jocs Ol&iacute;mpics i t&#8217;apassiona l&#8217;esport no te&#8217;l pots perdre. Descobrir&agrave;s de la m&agrave; de dos dels seus gestors tot el que va envoltar un dels moments m&eacute;s significatius de Barcelona.<\/p>\n<p>Dirigit i presentat per Ra&uuml;l D&iacute;az, el programa oferir&agrave; una mirada a alguns &ldquo;moments&rdquo; de la nostra hist&ograve;ria recent.&nbsp; Un programa que recull fets, hist&ograve;ries singulars, esdeveniments hist&ograve;rics i aspectes socials i culturals que han marcat les nostres vides i que han anat transformant-se amb el pas del temps. &ldquo;Moments&rdquo; s&oacute;n fragments de la nostra hist&ograve;ria en imatges i tamb&eacute; testimonis, a trav&eacute;s de la veu d&rsquo;alguns dels seus protagonistes. A &ldquo;Moments&rdquo;, entre altres fets, ens ajudaran a recordar els inicis del turisme i a imaginar el turisme del futur. A fer una ullada a com ens hem vestit al llarg dels anys, o a recordar els Jocs Ol&iacute;mpics del 92 i els canvis que van comportar per la ciutat de Barcelona.<\/p>\n<p>Moments, cada divendres, a les 20:30 per la 2 de TVE<\/p>\n<p>&nbsp;<\/p>\n","protected":false},"excerpt":{"rendered":"<p>Enric Tru&ntilde;&oacute;, que va ser el regidor d&#8217;esports durant la candidatura i el desenvolupament dels Jocs Ol&iacute;mpics de Barcelona &#8217;92, juntament amb Jos&eacute; Antonio Acebillo, responsable d&#8217;infraestructura dels Jocs, seran els protagonistes del \u00abMoments\u00bb, un nou programa de TVE Catalunya que ens apropa a aquells moments i els protagonistes de la Hist&ograve;ria de Catalunya.<\/p>\n","protected":false},"author":3,"featured_media":0,"comment_status":"open","ping_status":"open","sticky":false,"template":"","format":"standard","meta":{"_acf_changed":false,"footnotes":""},"categories":[37],"tags":[],"class_list":["post-7445","post","type-post","status-publish","format-standard","hentry","category-uncategorized-ca"],"acf":[],"yoast_head":"<!-- This site is optimized with the Yoast SEO plugin v23.7 - https:\/\/yoast.com\/wordpress\/plugins\/seo\/ -->\n<title>Moments: els Jocs Ol\u00edmpics de BCN\u201992 - Fundaci\u00f3 Barcelona Ol\u00edmpica<\/title>\n<meta name=\"robots\" content=\"index, follow, max-snippet:-1, max-image-preview:large, max-video-preview:-1\" \/>\n<link rel=\"canonical\" href=\"https:\/\/www.fundaciobarcelonaolimpica.es\/es\/moments-els-jocs-olimpics-de-bcn92\/\" \/>\n<meta property=\"og:locale\" content=\"es_ES\" \/>\n<meta property=\"og:type\" content=\"article\" \/>\n<meta property=\"og:title\" content=\"Moments: els Jocs Ol\u00edmpics de BCN\u201992 - Fundaci\u00f3 Barcelona Ol\u00edmpica\" \/>\n<meta property=\"og:description\" content=\"Enric Tru&ntilde;&oacute;, que va ser el regidor d&#039;esports durant la candidatura i el desenvolupament dels Jocs Ol&iacute;mpics de Barcelona &#039;92, juntament amb Jos&eacute; Antonio Acebillo, responsable d&#039;infraestructura dels Jocs, seran els protagonistes del &quot;Moments&quot;, un nou programa de TVE Catalunya que ens apropa a aquells moments i els protagonistes de la Hist&ograve;ria de Catalunya.\" \/>\n<meta property=\"og:url\" content=\"https:\/\/www.fundaciobarcelonaolimpica.es\/es\/moments-els-jocs-olimpics-de-bcn92\/\" \/>\n<meta property=\"og:site_name\" content=\"Fundaci\u00f3 Barcelona Ol\u00edmpica\" \/>\n<meta property=\"article:published_time\" content=\"2011-09-29T22:00:00+00:00\" \/>\n<meta name=\"author\" content=\"harry\" \/>\n<meta name=\"twitter:card\" content=\"summary_large_image\" \/>\n<meta name=\"twitter:label1\" content=\"Escrito por\" \/>\n\t<meta name=\"twitter:data1\" content=\"harry\" \/>\n\t<meta name=\"twitter:label2\" content=\"Tiempo de lectura\" \/>\n\t<meta name=\"twitter:data2\" content=\"1 minuto\" \/>\n<script type=\"application\/ld+json\" class=\"yoast-schema-graph\">{\"@context\":\"https:\/\/schema.org\",\"@graph\":[{\"@type\":\"Article\",\"@id\":\"https:\/\/www.fundaciobarcelonaolimpica.es\/es\/moments-els-jocs-olimpics-de-bcn92\/#article\",\"isPartOf\":{\"@id\":\"https:\/\/www.fundaciobarcelonaolimpica.es\/es\/moments-els-jocs-olimpics-de-bcn92\/\"},\"author\":{\"name\":\"harry\",\"@id\":\"https:\/\/www.fundaciobarcelonaolimpica.es\/ca\/#\/schema\/person\/fa0305d908707290cf503b7cbfdf7fca\"},\"headline\":\"Moments: els Jocs Ol\u00edmpics de BCN\u201992\",\"datePublished\":\"2011-09-29T22:00:00+00:00\",\"dateModified\":\"2011-09-29T22:00:00+00:00\",\"mainEntityOfPage\":{\"@id\":\"https:\/\/www.fundaciobarcelonaolimpica.es\/es\/moments-els-jocs-olimpics-de-bcn92\/\"},\"wordCount\":235,\"commentCount\":8,\"publisher\":{\"@id\":\"https:\/\/www.fundaciobarcelonaolimpica.es\/ca\/#organization\"},\"articleSection\":[\"Uncategorized\"],\"inLanguage\":\"es\",\"potentialAction\":[{\"@type\":\"CommentAction\",\"name\":\"Comment\",\"target\":[\"https:\/\/www.fundaciobarcelonaolimpica.es\/es\/moments-els-jocs-olimpics-de-bcn92\/#respond\"]}]},{\"@type\":\"WebPage\",\"@id\":\"https:\/\/www.fundaciobarcelonaolimpica.es\/es\/moments-els-jocs-olimpics-de-bcn92\/\",\"url\":\"https:\/\/www.fundaciobarcelonaolimpica.es\/es\/moments-els-jocs-olimpics-de-bcn92\/\",\"name\":\"Moments: els Jocs Ol\u00edmpics de BCN\u201992 - Fundaci\u00f3 Barcelona Ol\u00edmpica\",\"isPartOf\":{\"@id\":\"https:\/\/www.fundaciobarcelonaolimpica.es\/ca\/#website\"},\"datePublished\":\"2011-09-29T22:00:00+00:00\",\"dateModified\":\"2011-09-29T22:00:00+00:00\",\"breadcrumb\":{\"@id\":\"https:\/\/www.fundaciobarcelonaolimpica.es\/es\/moments-els-jocs-olimpics-de-bcn92\/#breadcrumb\"},\"inLanguage\":\"es\",\"potentialAction\":[{\"@type\":\"ReadAction\",\"target\":[\"https:\/\/www.fundaciobarcelonaolimpica.es\/es\/moments-els-jocs-olimpics-de-bcn92\/\"]}]},{\"@type\":\"BreadcrumbList\",\"@id\":\"https:\/\/www.fundaciobarcelonaolimpica.es\/es\/moments-els-jocs-olimpics-de-bcn92\/#breadcrumb\",\"itemListElement\":[{\"@type\":\"ListItem\",\"position\":1,\"name\":\"FBO\",\"item\":\"https:\/\/www.fundaciobarcelonaolimpica.es\/es\/\"},{\"@type\":\"ListItem\",\"position\":2,\"name\":\"Moments: els Jocs Ol\u00edmpics de BCN\u201992\"}]},{\"@type\":\"WebSite\",\"@id\":\"https:\/\/www.fundaciobarcelonaolimpica.es\/ca\/#website\",\"url\":\"https:\/\/www.fundaciobarcelonaolimpica.es\/ca\/\",\"name\":\"Fundaci\u00f3 Barcelona Ol\u00edmpica\",\"description\":\"Web del Museu Ol\u00edmpic i de l&#039;Esport\",\"publisher\":{\"@id\":\"https:\/\/www.fundaciobarcelonaolimpica.es\/ca\/#organization\"},\"potentialAction\":[{\"@type\":\"SearchAction\",\"target\":{\"@type\":\"EntryPoint\",\"urlTemplate\":\"https:\/\/www.fundaciobarcelonaolimpica.es\/ca\/?s={search_term_string}\"},\"query-input\":{\"@type\":\"PropertyValueSpecification\",\"valueRequired\":true,\"valueName\":\"search_term_string\"}}],\"inLanguage\":\"es\"},{\"@type\":\"Organization\",\"@id\":\"https:\/\/www.fundaciobarcelonaolimpica.es\/ca\/#organization\",\"name\":\"Fundaci\u00f3 Barcelona Ol\u00edmpica\",\"url\":\"https:\/\/www.fundaciobarcelonaolimpica.es\/ca\/\",\"logo\":{\"@type\":\"ImageObject\",\"inLanguage\":\"es\",\"@id\":\"https:\/\/www.fundaciobarcelonaolimpica.es\/ca\/#\/schema\/logo\/image\/\",\"url\":\"https:\/\/www.fundaciobarcelonaolimpica.es\/wp-content\/uploads\/sites\/3\/2019\/02\/logo-fundacio.svg\",\"contentUrl\":\"https:\/\/www.fundaciobarcelonaolimpica.es\/wp-content\/uploads\/sites\/3\/2019\/02\/logo-fundacio.svg\",\"caption\":\"Fundaci\u00f3 Barcelona Ol\u00edmpica\"},\"image\":{\"@id\":\"https:\/\/www.fundaciobarcelonaolimpica.es\/ca\/#\/schema\/logo\/image\/\"}},{\"@type\":\"Person\",\"@id\":\"https:\/\/www.fundaciobarcelonaolimpica.es\/ca\/#\/schema\/person\/fa0305d908707290cf503b7cbfdf7fca\",\"name\":\"harry\",\"url\":\"https:\/\/www.fundaciobarcelonaolimpica.es\/es\/author\/harry\/\"}]}<\/script>\n<!-- \/ Yoast SEO plugin. -->","yoast_head_json":{"title":"Moments: els Jocs Ol\u00edmpics de BCN\u201992 - Fundaci\u00f3 Barcelona Ol\u00edmpica","robots":{"index":"index","follow":"follow","max-snippet":"max-snippet:-1","max-image-preview":"max-image-preview:large","max-video-preview":"max-video-preview:-1"},"canonical":"https:\/\/www.fundaciobarcelonaolimpica.es\/es\/moments-els-jocs-olimpics-de-bcn92\/","og_locale":"es_ES","og_type":"article","og_title":"Moments: els Jocs Ol\u00edmpics de BCN\u201992 - Fundaci\u00f3 Barcelona Ol\u00edmpica","og_description":"Enric Tru&ntilde;&oacute;, que va ser el regidor d'esports durant la candidatura i el desenvolupament dels Jocs Ol&iacute;mpics de Barcelona '92, juntament amb Jos&eacute; Antonio Acebillo, responsable d'infraestructura dels Jocs, seran els protagonistes del \"Moments\", un nou programa de TVE Catalunya que ens apropa a aquells moments i els protagonistes de la Hist&ograve;ria de Catalunya.","og_url":"https:\/\/www.fundaciobarcelonaolimpica.es\/es\/moments-els-jocs-olimpics-de-bcn92\/","og_site_name":"Fundaci\u00f3 Barcelona Ol\u00edmpica","article_published_time":"2011-09-29T22:00:00+00:00","author":"harry","twitter_card":"summary_large_image","twitter_misc":{"Escrito por":"harry","Tiempo de lectura":"1 minuto"},"schema":{"@context":"https:\/\/schema.org","@graph":[{"@type":"Article","@id":"https:\/\/www.fundaciobarcelonaolimpica.es\/es\/moments-els-jocs-olimpics-de-bcn92\/#article","isPartOf":{"@id":"https:\/\/www.fundaciobarcelonaolimpica.es\/es\/moments-els-jocs-olimpics-de-bcn92\/"},"author":{"name":"harry","@id":"https:\/\/www.fundaciobarcelonaolimpica.es\/ca\/#\/schema\/person\/fa0305d908707290cf503b7cbfdf7fca"},"headline":"Moments: els Jocs Ol\u00edmpics de BCN\u201992","datePublished":"2011-09-29T22:00:00+00:00","dateModified":"2011-09-29T22:00:00+00:00","mainEntityOfPage":{"@id":"https:\/\/www.fundaciobarcelonaolimpica.es\/es\/moments-els-jocs-olimpics-de-bcn92\/"},"wordCount":235,"commentCount":8,"publisher":{"@id":"https:\/\/www.fundaciobarcelonaolimpica.es\/ca\/#organization"},"articleSection":["Uncategorized"],"inLanguage":"es","potentialAction":[{"@type":"CommentAction","name":"Comment","target":["https:\/\/www.fundaciobarcelonaolimpica.es\/es\/moments-els-jocs-olimpics-de-bcn92\/#respond"]}]},{"@type":"WebPage","@id":"https:\/\/www.fundaciobarcelonaolimpica.es\/es\/moments-els-jocs-olimpics-de-bcn92\/","url":"https:\/\/www.fundaciobarcelonaolimpica.es\/es\/moments-els-jocs-olimpics-de-bcn92\/","name":"Moments: els Jocs Ol\u00edmpics de BCN\u201992 - Fundaci\u00f3 Barcelona Ol\u00edmpica","isPartOf":{"@id":"https:\/\/www.fundaciobarcelonaolimpica.es\/ca\/#website"},"datePublished":"2011-09-29T22:00:00+00:00","dateModified":"2011-09-29T22:00:00+00:00","breadcrumb":{"@id":"https:\/\/www.fundaciobarcelonaolimpica.es\/es\/moments-els-jocs-olimpics-de-bcn92\/#breadcrumb"},"inLanguage":"es","potentialAction":[{"@type":"ReadAction","target":["https:\/\/www.fundaciobarcelonaolimpica.es\/es\/moments-els-jocs-olimpics-de-bcn92\/"]}]},{"@type":"BreadcrumbList","@id":"https:\/\/www.fundaciobarcelonaolimpica.es\/es\/moments-els-jocs-olimpics-de-bcn92\/#breadcrumb","itemListElement":[{"@type":"ListItem","position":1,"name":"FBO","item":"https:\/\/www.fundaciobarcelonaolimpica.es\/es\/"},{"@type":"ListItem","position":2,"name":"Moments: els Jocs Ol\u00edmpics de BCN\u201992"}]},{"@type":"WebSite","@id":"https:\/\/www.fundaciobarcelonaolimpica.es\/ca\/#website","url":"https:\/\/www.fundaciobarcelonaolimpica.es\/ca\/","name":"Fundaci\u00f3 Barcelona Ol\u00edmpica","description":"Web del Museu Ol\u00edmpic i de l&#039;Esport","publisher":{"@id":"https:\/\/www.fundaciobarcelonaolimpica.es\/ca\/#organization"},"potentialAction":[{"@type":"SearchAction","target":{"@type":"EntryPoint","urlTemplate":"https:\/\/www.fundaciobarcelonaolimpica.es\/ca\/?s={search_term_string}"},"query-input":{"@type":"PropertyValueSpecification","valueRequired":true,"valueName":"search_term_string"}}],"inLanguage":"es"},{"@type":"Organization","@id":"https:\/\/www.fundaciobarcelonaolimpica.es\/ca\/#organization","name":"Fundaci\u00f3 Barcelona Ol\u00edmpica","url":"https:\/\/www.fundaciobarcelonaolimpica.es\/ca\/","logo":{"@type":"ImageObject","inLanguage":"es","@id":"https:\/\/www.fundaciobarcelonaolimpica.es\/ca\/#\/schema\/logo\/image\/","url":"https:\/\/www.fundaciobarcelonaolimpica.es\/wp-content\/uploads\/sites\/3\/2019\/02\/logo-fundacio.svg","contentUrl":"https:\/\/www.fundaciobarcelonaolimpica.es\/wp-content\/uploads\/sites\/3\/2019\/02\/logo-fundacio.svg","caption":"Fundaci\u00f3 Barcelona Ol\u00edmpica"},"image":{"@id":"https:\/\/www.fundaciobarcelonaolimpica.es\/ca\/#\/schema\/logo\/image\/"}},{"@type":"Person","@id":"https:\/\/www.fundaciobarcelonaolimpica.es\/ca\/#\/schema\/person\/fa0305d908707290cf503b7cbfdf7fca","name":"harry","url":"https:\/\/www.fundaciobarcelonaolimpica.es\/es\/author\/harry\/"}]}},"_links":{"self":[{"href":"https:\/\/www.fundaciobarcelonaolimpica.es\/es\/wp-json\/wp\/v2\/posts\/7445"}],"collection":[{"href":"https:\/\/www.fundaciobarcelonaolimpica.es\/es\/wp-json\/wp\/v2\/posts"}],"about":[{"href":"https:\/\/www.fundaciobarcelonaolimpica.es\/es\/wp-json\/wp\/v2\/types\/post"}],"author":[{"embeddable":true,"href":"https:\/\/www.fundaciobarcelonaolimpica.es\/es\/wp-json\/wp\/v2\/users\/3"}],"replies":[{"embeddable":true,"href":"https:\/\/www.fundaciobarcelonaolimpica.es\/es\/wp-json\/wp\/v2\/comments?post=7445"}],"version-history":[{"count":0,"href":"https:\/\/www.fundaciobarcelonaolimpica.es\/es\/wp-json\/wp\/v2\/posts\/7445\/revisions"}],"wp:attachment":[{"href":"https:\/\/www.fundaciobarcelonaolimpica.es\/es\/wp-json\/wp\/v2\/media?parent=7445"}],"wp:term":[{"taxonomy":"category","embeddable":true,"href":"https:\/\/www.fundaciobarcelonaolimpica.es\/es\/wp-json\/wp\/v2\/categories?post=7445"},{"taxonomy":"post_tag","embeddable":true,"href":"https:\/\/www.fundaciobarcelonaolimpica.es\/es\/wp-json\/wp\/v2\/tags?post=7445"}],"curies":[{"name":"wp","href":"https:\/\/api.w.org\/{rel}","templated":true}]}}